{"id":43296,"date":"2025-10-28T06:18:46","date_gmt":"2025-10-28T05:18:46","guid":{"rendered":"https:\/\/www.jacoporanieri.com\/blog\/?p=43296"},"modified":"2025-10-28T06:18:49","modified_gmt":"2025-10-28T05:18:49","slug":"lode-a-thule-ombra-di-un-antico-albero-cipresso-colonnare-che-sorregge-il-mondo","status":"publish","type":"post","link":"https:\/\/www.jacoporanieri.com\/blog\/?p=43296","title":{"rendered":"Lode a Thule, ombra di un antico albero, cipresso colonnare che sorregge il mondo"},"content":{"rendered":"<div class=\"wp-block-image\">\n<figure class=\"aligncenter size-large\"><a href=\"https:\/\/youtu.be\/8JQvM3xjNgM?si=hT3dilsBcZsuU-1k\" target=\"_blank\" rel=\" noreferrer noopener\"><img loading=\"lazy\" decoding=\"async\" width=\"500\" height=\"313\" src=\"https:\/\/www.jacoporanieri.com\/blog\/..\/public\/newmedia\/2025\/10\/Tree-of-Thule-500x313.jpg\" alt=\"\" class=\"wp-image-43299\" srcset=\"https:\/\/www.jacoporanieri.com\/blog\/..\/public\/newmedia\/2025\/10\/Tree-of-Thule-500x313.jpg 500w, https:\/\/www.jacoporanieri.com\/blog\/..\/public\/newmedia\/2025\/10\/Tree-of-Thule-768x480.jpg 768w, https:\/\/www.jacoporanieri.com\/blog\/..\/public\/newmedia\/2025\/10\/Tree-of-Thule-1536x960.jpg 1536w, https:\/\/www.jacoporanieri.com\/blog\/..\/public\/newmedia\/2025\/10\/Tree-of-Thule.jpg 1728w\" sizes=\"auto, (max-width: 500px) 100vw, 500px\" \/><\/a><\/figure>\n<\/div>\n\n\n<p>Emblematica nella letteratura fantastica \u00e8 la citt\u00e0 costruita sotto i rami protettivi di un abnorme arbusto, capace di proteggere coloro che vi abitano dalle influenze negative di creature dedite alla perpetuazione di un antico male. Insediamento elfico, generalmente, delle ninfe o gnomi dal cappello rosso (prima che Tolkien trasferisse il loro regno gi\u00f9 nelle viscere di monti pietrosi) che ivi offrono rifugio o salvaguardia al gruppo dell&#8217;eroe, rifiutandosi generalmente di schierarsi con le proprie armi ed aiutarlo direttamente nel compimento della sacra missione. Poich\u00e9 ci\u00f2 fanno le piante come prototipica prerogativa: ricordano, ma non agiscono; crescono, senza spostarsi. Mentre i secoli trascorrono veloci, nell&#8217;assenza di una partecipazione diretta, fatta eccezione per il serpeggiante espandersi delle radici e rami emessi dal tronco centrale. La cui presenza tende a crescere in altezza. Molto meno, nella stragrande maggioranza dei casi, in larghezza. Cos\u00ec il popolo dello stato messicano di Oaxaca, fin da tempo immemore, sapeva molto bene che il punto di riferimento vivente situato sulla strada nella valle tra le montagne della Sierra Madre era una presenza importante, persino sacra nella misura in cui esso svettava sopra i viaggiatori intenti a viaggiare lungo i 12 Km verso l&#8217;attuale capitale dello stato, Oaxaca de Ju\u00e1rez. Semplicemente perch\u00e9 non aveva smesso di ampliare la sua ombra, avendolo gi\u00e0 fatto per lunghi secoli, o persino millenni, finch\u00e9 la mente faticava in modo sostanziale ad afferrarne le proporzioni ed il significato biologico inerente. Magnifico, svettante, vasto al punto che 30 persone mano nella mano avrebbero fatto fatica ad abbracciarlo, mentre circa 500 avrebbero potuto trovare ristoro dall&#8217;arsura di mezzogiorno sotto l&#8217;estensione delle sue fronde. Non c&#8217;\u00e8 dunque alcunch\u00e9 di sorprendente se i diversi popoli che si sono susseguiti in questi territori, ciascuno a modo loro, avesse posto questo esponente del genere tassonomico <em>Taxodium <\/em>(cipresso calvo) al centro della propria visione mistica e percezione religiosa dell&#8217;universo. Dall&#8217;ancestrale credenza degli Zapotechi, convinti che esso costituisse il primo dei cinque alberi incaricati di sostenere il cielo, creati dagli Dei alle origini del cosmo stesso. Mentre i Mixtechi lo collegavano alla figura divina del signore delle piogge Dzahui, in quanto &#8220;albero che cresce dove sgorga l&#8217;acqua&#8221;, come implicita promessa di un raccolto in grado di rinnovarsi ogni anno. Laddove gli Aztechi lo ritenevano manifestazione terrena di Tlalocan, il paradiso umido e sotterraneo dedicato a coloro che morivano annegati o folgorati per l&#8217;impatto di un fulmine nel corso di un temporale. Finch\u00e9 con il superamento degli antichi schemi di valori, accanto al sacro tronco venne costruita una chiesa cristiana dedicata alla Santa Vergine del <em>thule<\/em>,  il tipico sottobosco di cespugli fascicolati composto da piante appartenenti alla famiglia delle Ciperacee. Il cui campanile non avrebbe mai potuto raggiungere, in un significativo gesto di rispetto, i rami pi\u00f9 alti dell&#8217;antica sentinella frondosa&#8230;<\/p>\n\n\n\n<!--more-->\n\n\n<div class=\"wp-block-image\">\n<figure class=\"aligncenter size-large\"><a href=\"https:\/\/youtu.be\/obrbuv2dmF0?si=PUqzdFzhQZPtA4L4\" target=\"_blank\" rel=\" noreferrer noopener\"><img loading=\"lazy\" decoding=\"async\" width=\"500\" height=\"313\" src=\"https:\/\/www.jacoporanieri.com\/blog\/..\/public\/newmedia\/2025\/10\/Thule-Tree-Trunk-500x313.jpg\" alt=\"\" class=\"wp-image-43298\" srcset=\"https:\/\/www.jacoporanieri.com\/blog\/..\/public\/newmedia\/2025\/10\/Thule-Tree-Trunk-500x313.jpg 500w, https:\/\/www.jacoporanieri.com\/blog\/..\/public\/newmedia\/2025\/10\/Thule-Tree-Trunk-768x480.jpg 768w, https:\/\/www.jacoporanieri.com\/blog\/..\/public\/newmedia\/2025\/10\/Thule-Tree-Trunk-1536x960.jpg 1536w, https:\/\/www.jacoporanieri.com\/blog\/..\/public\/newmedia\/2025\/10\/Thule-Tree-Trunk.jpg 1728w\" sizes=\"auto, (max-width: 500px) 100vw, 500px\" \/><\/a><\/figure>\n<\/div>\n\n\n<p>Con la sua circonferenza di 42 metri per un&#8217;altezza di 35 ed un peso complessivo stimato superiore alle 500 tonnellate, l&#8217;albero di Thule costituisce dunque un esemplare straordinario di <em>Taxodium mucronatum<\/em> (o secondo la precedente nomenclatura, <em>T. huegelii<\/em>) pi\u00f9 comunemente noto ai viaggiatori anglofoni come cipresso di Montezuma. Non tanto per la somiglianza con il tipico arbusto sempreverde dalla forma appuntita associato in Europa ai luoghi di sepoltura, quanto la provata parentela con il cipresso calvo o <em>T. distichum<\/em> del Sud-Est statunitense, tipico degli ambienti paludosi e celebre per il suo palco di radici sopraelevate, che talvolta lo portano ad ergersi superbo sulla piatta superficie dell&#8217;acqua non pi\u00f9 stagnante (vedi <a href=\"https:\/\/www.jacoporanieri.com\/blog\/?p=39993\" target=\"_blank\" rel=\"noreferrer noopener\">precedente trattazione<\/a>). Associazione comunque tutt&#8217;altro che palese, vista la totale assenza di bacini idrici o corsi d&#8217;acqua nelle immediate vicinanze dell&#8217;\u00c1rbol, chiara anomalia che lasci\u00f2 gli esponenti del mondo accademico perplessi fin dalle prime fotografie scattate nel 1856 dalla viaggiatrice D\u00e9sir\u00e9 Charney e la descrizione quasi contemporanea effettuata nella <em>Historia Natural y Moral de las Indias<\/em> di Jos\u00e9 Acosta. Un mistero destinato al chiarimento soltanto in epoca successiva, tramite il rilevamento di una sostanziale falda acquifera sotterranea che scorre sotto l&#8217;insediamento, agevolmente raggiungibile dall&#8217;estensivo sistema di radici sotterranee posseduto dagli alberi di questa specie. Con un&#8217;et\u00e0 molto difficile da stimare, nell&#8217;ovvia impossibilit\u00e0 di sezionare il tronco, il <em>Taxonum <\/em>in questione vede dunque le stime maggiormente ragionevoli posizionare la sua nascita attorno a 1.500-2.000 anni a questa parte, sebbene alcuni affermino che possa avere fino 6 millenni pregressi di storia. In merito alle sue effettive origini, gli Zapotechi lo collegano alla figura mitologica vissuta 1.400 anni fa del monaco Pechocha, mistico religioso dedito alla non-violenza, che l&#8217;avrebbe dedicato alla venerazione del dio del vento Eh\u00e9catl. Mentre i Mixtechi citano direttamente un re o spirito dell&#8217;epoca del mito, da nome di Conday, che stanco per una lunga camminata avrebbe deciso di piantare la sua verga dal peso di 62 Kg in questo luogo. Soltanto per morire quello stesso giorno, mentre alimentato dal suo spirito, il bastone avrebbe preso inspiegabilmente vita ed iniziato a crescere a dismisura.<br>Oggi un&#8217;importante attrazione turistica, capace di attirare a quanto si dice su Internet &#8220;fino a 300.000 visitatori l&#8217;anno&#8221; l&#8217;albero di Thule nella piazza della chiesa \u00e8 stato mantenuto al centro di numerosi rituali pubblici ed occasioni collettive di preghiera. Tra cui spicca la festa del secondo luned\u00ec di ottobre, detto il <em>d\u00eda del \u00c1rbol<\/em> (giorno dell&#8217;Albero) durante cui ci si riunisce per danze tradizionali accompagnate dalla musica dell&#8217;orchestra del paese, mentre ai presenti viene offerto cibo tipico tra cui barbacoa, empanadas e il caratteristico gelato detto <em>leche quemada<\/em> (latte bruciato). Molte sono, in quel frangente, le opportunit\u00e0 d&#8217;introspezione e meditazione sul ruolo dell&#8217;uomo e della Natura&#8230;<\/p>\n\n\n<div class=\"wp-block-image\">\n<figure class=\"aligncenter size-large\"><a href=\"https:\/\/youtu.be\/tzt_PnpEKL8?si=ZwDykqbx94KgfhfD\" target=\"_blank\" rel=\" noreferrer noopener\"><img loading=\"lazy\" decoding=\"async\" width=\"500\" height=\"313\" src=\"https:\/\/www.jacoporanieri.com\/blog\/..\/public\/newmedia\/2025\/10\/Thule-Tree-Festival-500x313.jpg\" alt=\"\" class=\"wp-image-43297\" srcset=\"https:\/\/www.jacoporanieri.com\/blog\/..\/public\/newmedia\/2025\/10\/Thule-Tree-Festival-500x313.jpg 500w, https:\/\/www.jacoporanieri.com\/blog\/..\/public\/newmedia\/2025\/10\/Thule-Tree-Festival-768x480.jpg 768w, https:\/\/www.jacoporanieri.com\/blog\/..\/public\/newmedia\/2025\/10\/Thule-Tree-Festival-1536x960.jpg 1536w, https:\/\/www.jacoporanieri.com\/blog\/..\/public\/newmedia\/2025\/10\/Thule-Tree-Festival.jpg 1728w\" sizes=\"auto, (max-width: 500px) 100vw, 500px\" \/><\/a><\/figure>\n<\/div>\n\n\n<p>Di assoluta unicit\u00e0 risulta essere, a tal proposito, la qualifica moderna dell&#8217;\u00c1rbol come cosiddetto &#8220;Albero della Vita&#8221; causa la presenza figurativa di rappresentazioni animali tra le molte forme accidentali della sua corteccia. Tra cui formazioni note come il coccodrillo, il leone, l&#8217;elefante o anche di un tipo maggiormente irriverente, quali &#8220;le orecchie di Carlos Salinas&#8221;, presidente del paese nei primi anni &#8217;90. Un periodo durante il quale, a quanto si narra, il sacro albero fu prossimo al deperimento causa un lungo periodo di siccit\u00e0, per non parlare delle vibrazioni indotte dalla vicina strada di scorrimento e le ponderose costruzioni urbane che tutt&#8217;ora lo circondano. Finch\u00e9 l&#8217;amministrazione locale, prendendo in mano la gravissima situazione, non implement\u00f2 nuovi sistemi per la salvaguardia e la continuativa irrigazione, avendo nel frattempo cura di circondarlo con una solida recinzione protettiva, onde scongiurare per quanto possibile circostanze come il tragico incendio appiccato dai vandali al castagno dei Cento Cavalli sulle pendici dell&#8217;Etna nel 1780, la cui circonferenza precedente superava possibilmente anche quella del gigante messicano.<br>Accorgimento tipico per i celebrati alberi monumentali, tra cui quello di Santa Maria del Thule che pu\u00f2 essere definito uno dei detentori di record assoluti, certificati dallo stesso Guinness dei Primati. Ci\u00f2 sebbene, resta importante specificarlo, ogni cipresso calvo risulti protetto anche dai pesanti contrafforti delle proprie radici, sollevando almeno in linea di principio il dubbio che l&#8217;effettiva circonferenza del tronco centrale possa essere molto pi\u00f9 ridotto di quanto appaia allo sguardo dei suoi tipici estimatori. Non che ci\u00f2 permetta, in alcun modo, di mettere in dubbio il significato sacro e i pregressi culturalmente significativi di questo arbusto rimasto, al giorno d&#8217;oggi, del tutto senza eguali.<\/p>\n","protected":false},"excerpt":{"rendered":"<p>Emblematica nella letteratura fantastica \u00e8 la citt\u00e0 costruita sotto i rami protettivi di un abnorme arbusto, capace di proteggere coloro che vi abitano dalle influenze negative di creature dedite alla perpetuazione di un antico male. Insediamento elfico, generalmente, delle ninfe o gnomi dal cappello rosso (prima che Tolkien trasferisse il loro regno gi\u00f9 nelle viscere &#8230; <a title=\"Lode a Thule, ombra di un antico albero, cipresso colonnare che sorregge il mondo\" class=\"read-more\" href=\"https:\/\/www.jacoporanieri.com\/blog\/?p=43296\" aria-label=\"Per saperne di pi\u00f9 su Lode a Thule, ombra di un antico albero, cipresso colonnare che sorregge il mondo\">Leggi tutto<\/a><\/p>\n","protected":false},"author":2,"featured_media":0,"comment_status":"open","ping_status":"open","sticky":false,"template":"","format":"standard","meta":{"footnotes":""},"categories":[6],"tags":[451,444,1807,2082,818,7786,8394,625,242,5210,1381,2373,250,72,190,1380,6694,1294,1548,1956,276,225,78,768,3534,71,615,87],"class_list":["post-43296","post","type-post","status-publish","format-standard","hentry","category-news","tag-alberi","tag-america","tag-antichita","tag-arbusti","tag-biologia","tag-chioma","tag-cipressi","tag-citta","tag-feste","tag-insediamenti","tag-leggende","tag-luoghi","tag-messico","tag-mitologia","tag-piante","tag-popoli","tag-precolombiani","tag-punti-di-riferimento","tag-radici","tag-rami","tag-religione","tag-ricorrenze","tag-scienza","tag-societa","tag-specie","tag-storia","tag-vegetali","tag-viaggi"],"_links":{"self":[{"href":"https:\/\/www.jacoporanieri.com\/blog\/index.php?rest_route=\/wp\/v2\/posts\/43296","targetHints":{"allow":["GET"]}}],"collection":[{"href":"https:\/\/www.jacoporanieri.com\/blog\/index.php?rest_route=\/wp\/v2\/posts"}],"about":[{"href":"https:\/\/www.jacoporanieri.com\/blog\/index.php?rest_route=\/wp\/v2\/types\/post"}],"author":[{"embeddable":true,"href":"https:\/\/www.jacoporanieri.com\/blog\/index.php?rest_route=\/wp\/v2\/users\/2"}],"replies":[{"embeddable":true,"href":"https:\/\/www.jacoporanieri.com\/blog\/index.php?rest_route=%2Fwp%2Fv2%2Fcomments&post=43296"}],"version-history":[{"count":1,"href":"https:\/\/www.jacoporanieri.com\/blog\/index.php?rest_route=\/wp\/v2\/posts\/43296\/revisions"}],"predecessor-version":[{"id":43300,"href":"https:\/\/www.jacoporanieri.com\/blog\/index.php?rest_route=\/wp\/v2\/posts\/43296\/revisions\/43300"}],"wp:attachment":[{"href":"https:\/\/www.jacoporanieri.com\/blog\/index.php?rest_route=%2Fwp%2Fv2%2Fmedia&parent=43296"}],"wp:term":[{"taxonomy":"category","embeddable":true,"href":"https:\/\/www.jacoporanieri.com\/blog\/index.php?rest_route=%2Fwp%2Fv2%2Fcategories&post=43296"},{"taxonomy":"post_tag","embeddable":true,"href":"https:\/\/www.jacoporanieri.com\/blog\/index.php?rest_route=%2Fwp%2Fv2%2Ftags&post=43296"}],"curies":[{"name":"wp","href":"https:\/\/api.w.org\/{rel}","templated":true}]}}