{"id":42986,"date":"2025-09-05T06:12:24","date_gmt":"2025-09-05T04:12:24","guid":{"rendered":"https:\/\/www.jacoporanieri.com\/blog\/?p=42986"},"modified":"2025-09-05T06:12:27","modified_gmt":"2025-09-05T04:12:27","slug":"non-e-arduo-sopravvalutare-la-lunghezza-di-un-anaconda-a-meno-che-provenga-dai-territori-settentrionali","status":"publish","type":"post","link":"https:\/\/www.jacoporanieri.com\/blog\/?p=42986","title":{"rendered":"Non \u00e8 arduo sopravvalutare la lunghezza di un anaconda. A meno che provenga dai territori settentrionali"},"content":{"rendered":"<div class=\"wp-block-image\">\n<figure class=\"aligncenter size-large\"><a href=\"https:\/\/youtu.be\/ZJBD-Ga-0uM?si=ZxwyuWwhzvgxHim2\" target=\"_blank\" rel=\" noreferrer noopener\"><img loading=\"lazy\" decoding=\"async\" width=\"500\" height=\"313\" src=\"https:\/\/www.jacoporanieri.com\/blog\/..\/public\/newmedia\/2025\/09\/Green-Northern-Anaconda-500x313.jpg\" alt=\"\" class=\"wp-image-42989\" srcset=\"https:\/\/www.jacoporanieri.com\/blog\/..\/public\/newmedia\/2025\/09\/Green-Northern-Anaconda-500x313.jpg 500w, https:\/\/www.jacoporanieri.com\/blog\/..\/public\/newmedia\/2025\/09\/Green-Northern-Anaconda-768x480.jpg 768w, https:\/\/www.jacoporanieri.com\/blog\/..\/public\/newmedia\/2025\/09\/Green-Northern-Anaconda-1536x960.jpg 1536w, https:\/\/www.jacoporanieri.com\/blog\/..\/public\/newmedia\/2025\/09\/Green-Northern-Anaconda.jpg 1728w\" sizes=\"auto, (max-width: 500px) 100vw, 500px\" \/><\/a><\/figure>\n<\/div>\n\n\n<p>Divulgazione ed approfondimento scientifico sono due processi che nella maggior parte dei casi procedono in parallelo. Ma poich\u00e9 diventa progressivamente pi\u00f9 difficile spianare il sentiero della conoscenza, tanto pi\u00f9 questo s&#8217;inoltra in mezzo agli alberi della foresta Nera che ci cresce attorno, non \u00e8 frequente che il secondo possa trarre beneficio dalla prima. N\u00e9 che le qualit\u00e0 necessaire a perseguire entrambi possano trovarsi concentrate, per un letterale fulmine in bottiglia, all&#8217;interno della stessa figura professionale. Il mondo mediatico dei nostri giorni, d&#8217;altronde, \u00e8 ormai stratificato e vasto al punto da costituire terreno fertile per ogni sorta di proficua e funzionale anomalia. Come quella che ha portato ad uno dei video virali pi\u00f9 interessanti dell&#8217;ultimo anno: un uomo in pantaloni corti e maniche di camicia, l&#8217;orologio digitale al polso. Che sembrerebbe pronto per la giornata casual in un ufficio suburbano, se non fosse per la maschera gialla da sommozzatore ed il compatto respiratore che gli copre il volto. Momentaneamente intento a immergersi nella acque parzialmente lattiginose di un&#8230; Fiume? Quando a un tratto in esso si palesa, abnorme e rettiliana, la testa affusolata di un mostruoso serpente! Utile a quantificare la portata dell&#8217;evento, dunque, un&#8217;effettivo chiarimento sui due personaggi della memorabile circostanza. L&#8217;umano \u00e8 Freek Vonk, professore di biologia dell&#8217;Universit\u00e0 di Amsterdam famoso per la reiterata partecipazione a programmi televisivi di argomento naturalistico, principalmente sul tema degli animali. Mentre per quanto concerne l&#8217;animale, si tratta di un massiccio esempio di anaconda verde, <em>Eunectes murinus<\/em> &#8211; pardon, <em>Eunectes akayima<\/em>. Questo il termine scientifico, selezionato da un nutrito team d&#8217;insigni menti internazionali, per lo studio a corredo dell&#8217;evento, mirato ad arricchire di un nuovo ed importante membro il genere tassonomico del serpente pi\u00f9 pesante al mondo.<br>Si tratta del tipico spezzone videografico dato in pasto al popolo di Internet per promuovere una serie di documentari, in questo caso l&#8217;interessante show del National Geographic con il famoso attore di Hollywood, &#8220;Pole to Pole with Will Smith&#8221; in cui l&#8217;ex principe di Bel Air si trova a diretto contatto con questa particolare tipologia di rettili, interagendo e toccandoli per il pubblico ludibrio delle telecamere. Trovatesi verso l&#8217;inizio del 2024 in Amazzonia dove, in aggiunta alle opportunit\u00e0 documentali preventivate, avrebbero assistito ad un processo <em>in fieri<\/em> ragionevolmente privo di precedenti. Giacch\u00e9 la squadra scientifica sotto la supervisione di Jes\u00fas A. Rivas, il sopra menzionato Vonk ed un&#8217;altra dozzina di colleghi stava in quel momento finendo di raccogliere e catalogare una serie di testimonianze offerte dalla popolazione nativa, supportate da una larga quantit\u00e0 di misurazioni e fotografie concentrate su di un singolo tema: il fatto che tendenzialmente, tanto pi\u00f9 a settentrione ci si spostava entro i confini della nazione brasiliana, quanto maggiormente i gi\u00e0 titanici serpenti sembravano aumentare in maniera proporzionale per quanto concerne lunghezza e spessore. Una strana coincidenza, simile ad un&#8217;inversione sostanziale del gi\u00e0 noto processo di gigantismo polare condizionato dall&#8217;abbassamento mediano delle temperature tanto pi\u00f9 ci si allontana dall&#8217;Equatore. Ma la scienza, si sa, non dovrebbe mai credere nelle coincidenze&#8230;<\/p>\n\n\n\n<!--more-->\n\n\n<div class=\"wp-block-image\">\n<figure class=\"aligncenter size-large\"><a href=\"https:\/\/youtu.be\/elDjlC9b_ZA?si=ZJ8ro-1r4mmy7T34\" target=\"_blank\" rel=\" noreferrer noopener\"><img loading=\"lazy\" decoding=\"async\" width=\"500\" height=\"313\" src=\"https:\/\/www.jacoporanieri.com\/blog\/..\/public\/newmedia\/2025\/09\/Anaconda-Size-Appraisal-500x313.jpg\" alt=\"\" class=\"wp-image-42988\" srcset=\"https:\/\/www.jacoporanieri.com\/blog\/..\/public\/newmedia\/2025\/09\/Anaconda-Size-Appraisal-500x313.jpg 500w, https:\/\/www.jacoporanieri.com\/blog\/..\/public\/newmedia\/2025\/09\/Anaconda-Size-Appraisal-768x480.jpg 768w, https:\/\/www.jacoporanieri.com\/blog\/..\/public\/newmedia\/2025\/09\/Anaconda-Size-Appraisal-1536x960.jpg 1536w, https:\/\/www.jacoporanieri.com\/blog\/..\/public\/newmedia\/2025\/09\/Anaconda-Size-Appraisal.jpg 1728w\" sizes=\"auto, (max-width: 500px) 100vw, 500px\" \/><\/a><\/figure>\n<\/div>\n\n\n<p>Fin dall&#8217;originale descrizione e classificazione di questi carismatici, imponenti ma inerentemente furtivi predatori delle vaste foreste sudamericane, frutto di un articolato processo capace di estendersi attraverso oltre due secoli a partire dall&#8217;opera del 1684 di Andreas Cleyer e fino al 1816 con gli scritti di Lorenz Oken, ha costituito un punto critico riuscire a quantificare numericamente le loro dimensioni massime, causa un&#8217;ampia serie di fattori contingenti. A partire dai territori di appartenenza tendenzialmente remoti, irraggiungibili, fino all&#8217;inaffidabilit\u00e0 ben nota delle testimonianze aneddotiche, che portavano gli avvistatori a esagerare le proporzioni dei dragoni spesso impossibili da misurare approfonditamente. Senza tralasciare la natura problematica delle pelli di molti serpenti, anaconda incluso, a distendersi e allungarsi in maniera significativa dopo il decesso dell&#8217;animale, facilitando grandemente la sovrastima delle proporzioni originariamente possedute da ciascun esemplare. Eventualit\u00e0 relativamente semplici da superare grazie alla diffusione capillare degli odierni e sofisticati sistemi di cattura video, particolarmente quando del tipo professionale in dotazione alla troupe di un documentario. Ecco dunque l&#8217;origine della breve, catartica sequenza di apertura, in cui ci\u00f2 che aveva costituito uno strisciante sospetto assumeva le acclarate proporzioni (in pi\u00f9 di un senso) di una verit\u00e0 tangibile e del tutto apparente: 6,3 metri per 500 Kg, contro i 7,5 dell&#8217;esemplare pi\u00f9 grande di cui il gruppo di studiosi abbia ricevuto notizie ragionevolmente affidabili. Nient&#8217;altro che due casi tra i molti confermati, tali da evocare la distinta possibilit\u00e0 al centro dello studio scientifico <a href=\"https:\/\/www.mdpi.com\/1424-2818\/16\/2\/127\" target=\"_blank\" rel=\"noreferrer noopener\">successivamente pubblicato sulla rivista Diversity<\/a>, che una variazione media di proporzioni superiore al 5% rispetto agli esemplari meridionali giustificasse la creazione di una specie del tutto nuova, possibilmente separatosi dal comune anaconda verde nel corso dell&#8217;epoca del Miocene medio-superiore. Ipotesi poi confermata da campioni genetici raccolti, all&#8217;origine della proposta creazione del nome scientifico <em>E.<\/em> <em>akayima<\/em>, dall&#8217;appellativo riferito a questo tipo di animali nelle lingue indigene di matrice Tupi-Guarani. <br>Tesi quasi immediatamente contestata dallo status quo accademico, causa la carenza di dati biologici capaci di esulare dal mero DNA mitocondriale, normalmente giudicato insufficiente ad elaborare conclusioni certe sulla storia evolutiva di una creatura. Eppur si muove, come aveva gi\u00e0 detto qualcuno riferendosi all&#8217;eterna danza dei corpi celesti: se l&#8217;evidenza sembra allo stato dei fatti provare in modo pratico qualcosa, appare veramente ragionevole voltare il capo e transitare innanzi nella pi\u00f9 indifferenza dei fattori coerenti?<\/p>\n\n\n<div class=\"wp-block-image\">\n<figure class=\"aligncenter size-large\"><a href=\"https:\/\/youtu.be\/gP0xoRrf8i0?si=Kh3sa18Axf1JSj4g\" target=\"_blank\" rel=\" noreferrer noopener\"><img loading=\"lazy\" decoding=\"async\" width=\"500\" height=\"313\" src=\"https:\/\/www.jacoporanieri.com\/blog\/..\/public\/newmedia\/2025\/09\/Anaconda-Feeding-500x313.jpg\" alt=\"\" class=\"wp-image-42987\" srcset=\"https:\/\/www.jacoporanieri.com\/blog\/..\/public\/newmedia\/2025\/09\/Anaconda-Feeding-500x313.jpg 500w, https:\/\/www.jacoporanieri.com\/blog\/..\/public\/newmedia\/2025\/09\/Anaconda-Feeding-768x480.jpg 768w, https:\/\/www.jacoporanieri.com\/blog\/..\/public\/newmedia\/2025\/09\/Anaconda-Feeding-1536x960.jpg 1536w, https:\/\/www.jacoporanieri.com\/blog\/..\/public\/newmedia\/2025\/09\/Anaconda-Feeding.jpg 1728w\" sizes=\"auto, (max-width: 500px) 100vw, 500px\" \/><\/a><\/figure>\n<\/div>\n\n\n<p>Dopo tutto l&#8217;anaconda verde in questione non differisce in modo sostanziale dai suoi (presunti?) cugini meridionali, per quanto concerne dieta, abitudini comportamentali e strategia riproduttiva. Conducendo gli stessi agguati, occasionalmente rischiosi, a capibara, caimani, tartarughe, agouti, tapiri&#8230; Per non parlare dell&#8217;occasionale maschio della specie successivamente all&#8217;accoppiamento, da parte di vedove straordinariamente affamate. In quell&#8217;evento strabiliante che vede dozzine di serpenti formare un groviglio attorno all&#8217;auspicata consorte, che diventa in quel frangente degna di decidere chi potr\u00e0 vivere o morire. <br>Lo stesso potere che allo stato dei fatti attuali, l&#8217;umanit\u00e0 possiede in merito alla continuata situazione esistenziale di un&#8217;ampia quantit\u00e0 di creature terrestri. Particolarmente quelle situate ai vertici della catena alimentare, e che in funzione di ci\u00f2 dipendono dall&#8217;intera struttura di un ecosistema complesso. A beneficio dei quali, la creazione di categorie distinte, ognuna degna di attenzione e specifiche opportunit\u00e0 di tutela, non potrebbe arrecare altro che vantaggi situazionali. Ben venga, dunque, l&#8217;opera di studiosi come Freek Vonk, Jes\u00fas A. Rivas e colleghi. Ma anche la partecipazione di figure universalmente celebri al pari dello stesso Smith. Possibili aiutanti momentanei, alla presa di coscienza delle nostre pregne circostanze correnti. E dei molti punti di svolta utili, allo stato dei fatti attuali, nel valutare il nostro posto meramente transitorio nel sistema naturale dell&#8217;Universo.<\/p>\n","protected":false},"excerpt":{"rendered":"<p>Divulgazione ed approfondimento scientifico sono due processi che nella maggior parte dei casi procedono in parallelo. Ma poich\u00e9 diventa progressivamente pi\u00f9 difficile spianare il sentiero della conoscenza, tanto pi\u00f9 questo s&#8217;inoltra in mezzo agli alberi della foresta Nera che ci cresce attorno, non \u00e8 frequente che il secondo possa trarre beneficio dalla prima. N\u00e9 che &#8230; <a title=\"Non \u00e8 arduo sopravvalutare la lunghezza di un anaconda. A meno che provenga dai territori settentrionali\" class=\"read-more\" href=\"https:\/\/www.jacoporanieri.com\/blog\/?p=42986\" aria-label=\"Per saperne di pi\u00f9 su Non \u00e8 arduo sopravvalutare la lunghezza di un anaconda. A meno che provenga dai territori settentrionali\">Leggi tutto<\/a><\/p>\n","protected":false},"author":2,"featured_media":0,"comment_status":"open","ping_status":"open","sticky":false,"template":"","format":"standard","meta":{"footnotes":""},"categories":[6],"tags":[197,228,3729,125,818,840,4235,2312,3002,878,187,1097,3001,245,819,78,1081,335,3534,1421,1091],"class_list":["post-42986","post","type-post","status-publish","format-standard","hentry","category-news","tag-amazzonia","tag-ambiente","tag-anaconda","tag-animali","tag-biologia","tag-brasile","tag-classificazione","tag-creature","tag-dna","tag-documentari","tag-ecologia","tag-evoluzione","tag-genoma","tag-rettili","tag-riproduzione","tag-scienza","tag-scoperte","tag-serpenti","tag-specie","tag-tassonomia","tag-teorie"],"_links":{"self":[{"href":"https:\/\/www.jacoporanieri.com\/blog\/index.php?rest_route=\/wp\/v2\/posts\/42986","targetHints":{"allow":["GET"]}}],"collection":[{"href":"https:\/\/www.jacoporanieri.com\/blog\/index.php?rest_route=\/wp\/v2\/posts"}],"about":[{"href":"https:\/\/www.jacoporanieri.com\/blog\/index.php?rest_route=\/wp\/v2\/types\/post"}],"author":[{"embeddable":true,"href":"https:\/\/www.jacoporanieri.com\/blog\/index.php?rest_route=\/wp\/v2\/users\/2"}],"replies":[{"embeddable":true,"href":"https:\/\/www.jacoporanieri.com\/blog\/index.php?rest_route=%2Fwp%2Fv2%2Fcomments&post=42986"}],"version-history":[{"count":1,"href":"https:\/\/www.jacoporanieri.com\/blog\/index.php?rest_route=\/wp\/v2\/posts\/42986\/revisions"}],"predecessor-version":[{"id":42990,"href":"https:\/\/www.jacoporanieri.com\/blog\/index.php?rest_route=\/wp\/v2\/posts\/42986\/revisions\/42990"}],"wp:attachment":[{"href":"https:\/\/www.jacoporanieri.com\/blog\/index.php?rest_route=%2Fwp%2Fv2%2Fmedia&parent=42986"}],"wp:term":[{"taxonomy":"category","embeddable":true,"href":"https:\/\/www.jacoporanieri.com\/blog\/index.php?rest_route=%2Fwp%2Fv2%2Fcategories&post=42986"},{"taxonomy":"post_tag","embeddable":true,"href":"https:\/\/www.jacoporanieri.com\/blog\/index.php?rest_route=%2Fwp%2Fv2%2Ftags&post=42986"}],"curies":[{"name":"wp","href":"https:\/\/api.w.org\/{rel}","templated":true}]}}