{"id":42773,"date":"2025-07-29T06:18:34","date_gmt":"2025-07-29T04:18:34","guid":{"rendered":"https:\/\/www.jacoporanieri.com\/blog\/?p=42773"},"modified":"2025-07-29T06:18:37","modified_gmt":"2025-07-29T04:18:37","slug":"nel-tardo-medioevo-in-guerra-la-concentrica-innovazione-serba-del-santo-castello","status":"publish","type":"post","link":"https:\/\/www.jacoporanieri.com\/blog\/?p=42773","title":{"rendered":"Nel tardo Medioevo in guerra, la concentrica innovazione serba del santo castello"},"content":{"rendered":"<div class=\"wp-block-image\">\n<figure class=\"aligncenter size-large\"><a href=\"https:\/\/youtu.be\/h2nwf4KuQS8?si=zU7gkJtqk1tmW9Ue\" target=\"_blank\" rel=\" noreferrer noopener\"><img loading=\"lazy\" decoding=\"async\" width=\"500\" height=\"313\" src=\"https:\/\/www.jacoporanieri.com\/blog\/..\/public\/newmedia\/2025\/07\/Manasija-Monastery-500x313.jpg\" alt=\"\" class=\"wp-image-42776\" srcset=\"https:\/\/www.jacoporanieri.com\/blog\/..\/public\/newmedia\/2025\/07\/Manasija-Monastery-500x313.jpg 500w, https:\/\/www.jacoporanieri.com\/blog\/..\/public\/newmedia\/2025\/07\/Manasija-Monastery-768x480.jpg 768w, https:\/\/www.jacoporanieri.com\/blog\/..\/public\/newmedia\/2025\/07\/Manasija-Monastery-1536x960.jpg 1536w, https:\/\/www.jacoporanieri.com\/blog\/..\/public\/newmedia\/2025\/07\/Manasija-Monastery.jpg 1728w\" sizes=\"auto, (max-width: 500px) 100vw, 500px\" \/><\/a><\/figure>\n<\/div>\n\n\n<p>Crescere all&#8217;ombra di una dominazione straniera non era facile nei tempi antichi per nessun abitante di un particolare contesto sociale, ma chi trovava le maggiori difficolt\u00e0 a riconciliarsi con la quotidianit\u00e0 inerente era spesso l&#8217;effettivo sovrano della nazione. Stimato erede di una tradizione dinastica che, indipendentemente dalle prestigioso apparenze, si era scontrata lungo il suo cammino contro il duro scoglio del subordine sul campo militare, economico o situazionale. Questo avvenne per la discendenza serba dei Lazarevi\u0107, successivamente allo scontro multi-generazionale con gli Ottomani concretizzatosi a partire dal disastroso scontro di Maritsa, quando nel 1371 una quantit\u00e0 tra i 50.000 e 70.000 soldati del regno est-europeo vennero sconfitti da appena 4.000 membri delle forze turche che li avevano colti di sorpresa durante un bivacco, giungendo a tingere per quanto si racconta le acque del fiume omonimo di un tragico color vermiglio. Il che avrebbe dato inizio ad una fase storica clientelare e d&#8217;integrazione sincretistica, fino al tentativo di riscossa nel 1389 contro il Sultano Murad I tramite l&#8217;altrettanto grande battaglia del Kosovo, con ingenti perdite da ambo le parti e che avrebbe portato al decesso del principe serbo Lazar Hrebeljanovi\u0107. Il quale tuttavia aveva gi\u00e0 un erede, suo figlio Stefan Lazarevi\u0107, destinato a controllare i formidabili possedimenti familiari sul Danubio inclusa la strategica fortezza di Golubac (<a href=\"https:\/\/www.jacoporanieri.com\/blog\/?p=27923\" target=\"_blank\" rel=\"noreferrer noopener\">vedi precedente articolo<\/a>). Ci\u00f2 che il giovane difensore della Cristianit\u00e0 comprendeva fin troppo bene, essendosi visto attribuire il titolo di Despota dagli Imperatori di Bisanzio nell&#8217;ultimo decennio del XIV secolo, fu che il proprio territorio non avrebbe potuto in alcun modo rimanere integro, se non attraverso l&#8217;impiego di fortezze in grado di resistere alle frequenti scorribande messe in atto dai signori della guerra di matrice islamica sul suo confine orientale. Abile guerriero, cavaliere di una certa esperienza nonch\u00e9 poeta ed uomo colto, egli decise quindi d&#8217;investire una parte delle non trascurabili risorse pecuniarie di cui disponeva nella costruzione di un qualcosa che la popolazione difficilmente avrebbe visto come un&#8217;imposizione: un grande monastero ortodosso nel distretto di Pomoravlje, vicino alla citt\u00e0 di Despotovac, che prendesse il nome di Manasija. Coinvolgendo dunque i &#8220;pi\u00f9 stimati costruttori ed artigiani del regno&#8221; diede inizio ai lavori nel 1406, in base ai crismi visuali e ingegneristici di quella che era ormai da tempo nota come la scuola di Morava. Con un&#8217;importante distinzione pratica per quanto concerneva la raffinata chiesa posta al centro del complesso, dedicata alla Santa Trinit\u00e0: una cinta muraria circostante: mura dell&#8217;altezza di 11 metri e spesse 3, con spazi e accorgimenti tali da resistere a qualsiasi tipologia d&#8217;assedio che potesse venire implementato dai suoi formidabili, inclementi vicini.<\/p>\n\n\n\n<!--more-->\n\n\n<div class=\"wp-block-image\">\n<figure class=\"aligncenter size-large\"><a href=\"https:\/\/youtu.be\/rDX8BVxufQ8?si=nxGwpqhxXtPKPFbc\" target=\"_blank\" rel=\" noreferrer noopener\"><img loading=\"lazy\" decoding=\"async\" width=\"500\" height=\"313\" src=\"https:\/\/www.jacoporanieri.com\/blog\/..\/public\/newmedia\/2025\/07\/Manasija-Monastery-Visit-500x313.jpg\" alt=\"\" class=\"wp-image-42774\" srcset=\"https:\/\/www.jacoporanieri.com\/blog\/..\/public\/newmedia\/2025\/07\/Manasija-Monastery-Visit-500x313.jpg 500w, https:\/\/www.jacoporanieri.com\/blog\/..\/public\/newmedia\/2025\/07\/Manasija-Monastery-Visit-768x480.jpg 768w, https:\/\/www.jacoporanieri.com\/blog\/..\/public\/newmedia\/2025\/07\/Manasija-Monastery-Visit-1536x960.jpg 1536w, https:\/\/www.jacoporanieri.com\/blog\/..\/public\/newmedia\/2025\/07\/Manasija-Monastery-Visit.jpg 1728w\" sizes=\"auto, (max-width: 500px) 100vw, 500px\" \/><\/a><\/figure>\n<\/div>\n\n\n<p>Sul piano pratico, l&#8217;idea non era infrequente all&#8217;epoca del tardo Medioevo europeo, in cui la guerra tra i diversi clienti e dominatori del sistema feudale costituiva una mera ricorrenza ben nota ad ogni livello della societ\u00e0, capace di ripresentarsi senza nessun tipo di preavviso ed ogni anno al ritorno della bella stagione. Ed ogni qual volta un membro della classe dirigente non poteva o voleva giustificare la costruzione di una struttura militarizzata, era solito investire nella casa del Signore in terra, avendo cura che quest&#8217;ultima fosse &#8220;incidentalmente&#8221; dotata di tutti gli accorgimenti necessari a resistere all&#8217;ambizione dei suoi figli inclini all&#8217;ampliamento della propria giurisdizione territoriale. Dove sarebbe d&#8217;altro canto corsa a rifugiarsi la popolazione minacciata, se non dietro le fortificazioni mantenute solide dai propri pastori spirituali? E quale miglior modo per garantire che costoro opponessero una strenua resistenza fino all&#8217;arrivo dell&#8217;esercito del despotato, se non convincerli tramite il contesto che lo stessero facendo per salvare la propria stessa anima immortale?<br>Sulla base di tali presupposti, Manasija venne eretto e continu\u00f2 a crescere lungo un periodo di 13 anni fino al 1418, con l&#8217;unica concessione ufficiale al sovrano che la sua famiglia potesse utilizzare in futuro uno spazio all&#8217;interno come luogo di sepoltura. Ed ogni aspetto veniva curato, in esso, fin nei minimi dettagli tanto da giustificare la considerazione del sito come una delle maggiori espressioni non soltanto della storia architettonica della Serbia, bens\u00ec dell&#8217;intera Europa medievale. Dominante al centro della piazza fortificata, fornita di 11 torri, piombatoie per lo sversamento di olio bollente sugli assedianti ed un bastione frontale oggi non pi\u00f9 esistente, era la chiesa con opera muraria in grossi blocchi di arenaria bianca e sormontata da 8 cupole di varie dimensioni, la cui pianta prevedeva una navata fronteggiata dal corto atrio del nartece, come da tradizione delle basiliche ortodosse dell&#8217;epoca. Ogni altro punto di contatto con la tradizione morava, d&#8217;altro canto, era subordinato ad una forza espressiva notevolmente personale degli ignoti architetti, che in base alle precise disposizioni del committente si preoccuparono d&#8217;includere un gran totale di 2.000 metri quadri di affreschi, raffiguranti varie scene della vita di Cristo, momenti della vita co\u00e9va dei nobili ed una scena in cui lo stesso despota Lazarevi\u0107 offriva un fedele modellino della chiesa in dono ad una personificazione della Santa Trinit\u00e0. Dominante a fianco di tale struttura, campeggiava inoltre il refettorio e scuola per monaci rimasto ormai quasi del tutto in rovina, massiccio edificio su due piani che doveva anche contenere le scorte per gli occupanti della fortezza.<br>Il progetto originale di fare del monastero una base militare impossibile da conquistare per i Turchi dovette tuttavia scontrarsi con la sfortunata realt\u00e0 dei fatti, con il primo saccheggio verificatosi nel 1438, 11 anni dopo la morte del despota e diverse altre volte nei successivi secoli a venire. Spogliata del tetto in metallo ed ogni altro oggetto di valore, la chiesa and\u00f2 in disuso assieme al resto delle strutture del complesso e molti degli affreschi all&#8217;interno finirono per rovinarsi nel corso dei secoli, un processo arrestatosi soltanto grazie agli interventi effettuati verso il principio dell&#8217;Era Moderna.<\/p>\n\n\n<div class=\"wp-block-image\">\n<figure class=\"aligncenter size-large\"><a href=\"https:\/\/youtu.be\/3mu7SlOamw4?si=-650UBrcfhTeIrDK\" target=\"_blank\" rel=\" noreferrer noopener\"><img loading=\"lazy\" decoding=\"async\" width=\"500\" height=\"313\" src=\"https:\/\/www.jacoporanieri.com\/blog\/..\/public\/newmedia\/2025\/07\/Manasija-Monastery-Walk-500x313.jpg\" alt=\"\" class=\"wp-image-42775\" srcset=\"https:\/\/www.jacoporanieri.com\/blog\/..\/public\/newmedia\/2025\/07\/Manasija-Monastery-Walk-500x313.jpg 500w, https:\/\/www.jacoporanieri.com\/blog\/..\/public\/newmedia\/2025\/07\/Manasija-Monastery-Walk-768x480.jpg 768w, https:\/\/www.jacoporanieri.com\/blog\/..\/public\/newmedia\/2025\/07\/Manasija-Monastery-Walk-1536x960.jpg 1536w, https:\/\/www.jacoporanieri.com\/blog\/..\/public\/newmedia\/2025\/07\/Manasija-Monastery-Walk.jpg 1728w\" sizes=\"auto, (max-width: 500px) 100vw, 500px\" \/><\/a><\/figure>\n<\/div>\n\n\n<p>Eppure in quelle poche decadi d&#8217;impiego, la fama del monastero fortificato era riuscita a farsi impareggiabile nel difficile contesto conflittuale dell&#8217;Europa del XV secolo, ospitando tra le altre realt\u00e0 operative un centro per la trascrizione dei manoscritti sacri e scuola di ortografia guidata dal grande studioso Costantino di Kostenets anche detto il Filosofo, che dedic\u00f2 il proprio lavoro alla correzione degli errori accumulatisi attraverso le generazioni, che minacciavano di rendere impreciso il verbo di Dio. Mentre per quanto concerne l&#8217;effettiva sepoltura del despota dei Lazarevi\u0107, i dati in nostro possesso risultano tutt&#8217;ora incompleti. Con una tomba reale rintracciata nel 2000 ed ossa all&#8217;interno, che sono state determinate appartenere grazie al test del DNA alla stessa discendenza del padre Hrebeljanovi\u0107, sebbene potrebbero anche essere del fratello Vuk, protagonista a partire dal 1408 di un conflitto per la successione dinastica che avrebbe nei fatti temporaneamente diviso in due la nazione. Destino scongiurato, fortunatamente, grazie all&#8217;intervento e supporto militare dell&#8217;alleato Sigismondo di Lussemburgo, Sacro Romano Imperatore. Ponendo una precisa linea divisoria, su quelli che sarebbero da quel momento rimasti i confini tra le pertinenze Ottomane e quelle ancora intenzionate a rimanere saldamente, nonostante tutto, sotto l&#8217;egida della Cristianit\u00e0 europea.<\/p>\n","protected":false},"excerpt":{"rendered":"<p>Crescere all&#8217;ombra di una dominazione straniera non era facile nei tempi antichi per nessun abitante di un particolare contesto sociale, ma chi trovava le maggiori difficolt\u00e0 a riconciliarsi con la quotidianit\u00e0 inerente era spesso l&#8217;effettivo sovrano della nazione. Stimato erede di una tradizione dinastica che, indipendentemente dalle prestigioso apparenze, si era scontrata lungo il suo &#8230; <a title=\"Nel tardo Medioevo in guerra, la concentrica innovazione serba del santo castello\" class=\"read-more\" href=\"https:\/\/www.jacoporanieri.com\/blog\/?p=42773\" aria-label=\"Per saperne di pi\u00f9 su Nel tardo Medioevo in guerra, la concentrica innovazione serba del santo castello\">Leggi tutto<\/a><\/p>\n","protected":false},"author":2,"featured_media":0,"comment_status":"open","ping_status":"open","sticky":false,"template":"","format":"standard","meta":{"footnotes":""},"categories":[6],"tags":[983,1867,2453,3990,8272,1277,236,1908,630,241,2041,1137,2147,276,4122,3051,1725,6128],"class_list":["post-42773","post","type-post","status-publish","format-standard","hentry","category-news","tag-castelli","tag-chiese","tag-conflitti","tag-cristianita","tag-despoti","tag-difesa","tag-europa","tag-fortezze","tag-guerra","tag-militari","tag-monasteri","tag-nazioni","tag-ottomani","tag-religione","tag-serbia","tag-sovrani","tag-strutture","tag-turchi"],"_links":{"self":[{"href":"https:\/\/www.jacoporanieri.com\/blog\/index.php?rest_route=\/wp\/v2\/posts\/42773","targetHints":{"allow":["GET"]}}],"collection":[{"href":"https:\/\/www.jacoporanieri.com\/blog\/index.php?rest_route=\/wp\/v2\/posts"}],"about":[{"href":"https:\/\/www.jacoporanieri.com\/blog\/index.php?rest_route=\/wp\/v2\/types\/post"}],"author":[{"embeddable":true,"href":"https:\/\/www.jacoporanieri.com\/blog\/index.php?rest_route=\/wp\/v2\/users\/2"}],"replies":[{"embeddable":true,"href":"https:\/\/www.jacoporanieri.com\/blog\/index.php?rest_route=%2Fwp%2Fv2%2Fcomments&post=42773"}],"version-history":[{"count":1,"href":"https:\/\/www.jacoporanieri.com\/blog\/index.php?rest_route=\/wp\/v2\/posts\/42773\/revisions"}],"predecessor-version":[{"id":42777,"href":"https:\/\/www.jacoporanieri.com\/blog\/index.php?rest_route=\/wp\/v2\/posts\/42773\/revisions\/42777"}],"wp:attachment":[{"href":"https:\/\/www.jacoporanieri.com\/blog\/index.php?rest_route=%2Fwp%2Fv2%2Fmedia&parent=42773"}],"wp:term":[{"taxonomy":"category","embeddable":true,"href":"https:\/\/www.jacoporanieri.com\/blog\/index.php?rest_route=%2Fwp%2Fv2%2Fcategories&post=42773"},{"taxonomy":"post_tag","embeddable":true,"href":"https:\/\/www.jacoporanieri.com\/blog\/index.php?rest_route=%2Fwp%2Fv2%2Ftags&post=42773"}],"curies":[{"name":"wp","href":"https:\/\/api.w.org\/{rel}","templated":true}]}}