{"id":42178,"date":"2025-04-15T06:02:13","date_gmt":"2025-04-15T04:02:13","guid":{"rendered":"https:\/\/www.jacoporanieri.com\/blog\/?p=42178"},"modified":"2025-04-15T06:02:19","modified_gmt":"2025-04-15T04:02:19","slug":"laffascinante-chiesa-medievale-che-si-mimetizza-in-mezzo-ai-prati-dislanda","status":"publish","type":"post","link":"https:\/\/www.jacoporanieri.com\/blog\/?p=42178","title":{"rendered":"L&#8217;affascinante chiesa medievale che si mimetizza in mezzo ai prati d&#8217;Islanda"},"content":{"rendered":"<div class=\"wp-block-image\">\n<figure class=\"aligncenter size-large\"><a href=\"https:\/\/youtu.be\/4yuxjx_9E_8?si=9gXUtUatZwvGtiPs\" target=\"_blank\" rel=\" noreferrer noopener\"><img loading=\"lazy\" decoding=\"async\" width=\"500\" height=\"313\" src=\"https:\/\/www.jacoporanieri.com\/blog\/..\/public\/newmedia\/2025\/04\/Grafarkirkja-Drone-500x313.jpg\" alt=\"\" class=\"wp-image-42179\" srcset=\"https:\/\/www.jacoporanieri.com\/blog\/..\/public\/newmedia\/2025\/04\/Grafarkirkja-Drone-500x313.jpg 500w, https:\/\/www.jacoporanieri.com\/blog\/..\/public\/newmedia\/2025\/04\/Grafarkirkja-Drone-768x480.jpg 768w, https:\/\/www.jacoporanieri.com\/blog\/..\/public\/newmedia\/2025\/04\/Grafarkirkja-Drone-1536x960.jpg 1536w, https:\/\/www.jacoporanieri.com\/blog\/..\/public\/newmedia\/2025\/04\/Grafarkirkja-Drone.jpg 1728w\" sizes=\"auto, (max-width: 500px) 100vw, 500px\" \/><\/a><\/figure>\n<\/div>\n\n\n<p>Benvenuto, esploratore, nella terra fiammeggiante del Nord. Diverse cose avranno suscitato la tua attenzione. Il paesaggio d&#8217;innevati rilievi, inframezzato da valli fertili e accoglienti, grazie all&#8217;effetto del suolo vulcanico creato sin dai tempi della Preistoria. I fiumi freschi e limpidi che scorrono dalle remote fino al mare. La pressoch\u00e9 totale assenza di foreste, quasi come se il concetto d&#8217;albero, a queste latitudini, non fosse in alcun modo allineato con le condizioni climatiche e le caratteristiche ecologiche vigenti. Eppure scoprirai, camminando negli stessi luoghi dei Vichinghi di un tempo, l&#8217;occasionale albero solitario, generalmente un esemplare di betulla, salice o sorbo. Potenzialmente sopravvissuto grazie al contributo della popolazione umana. E in un distretto della parte orientale del fiordo Skaga, quella che parrebbe da ogni aspetto rilevante una curiosa forma di escrescenza vegetale. Rettangolare vista di profilo, finch\u00e9 il gioco della prospettiva non permette d&#8217;identificarne la superficie apicale, che si estende in senso obliquo verso il terreno. Un tetto a dire il vero, sebbene ricoperto da ci\u00f2 che in circostanze comuni non saresti incline ad aspettarti: terra ed erba strettamente interconnesse ovvero per riassumere in un singolo termine, la stessa familiare torba del terreno antistante. In una configurazione che ricorda quella di una casa stereotipica, con due principali tratti di distinzione: la porta lignea con due campane appese, che permette di accedere ad un recinto circolare anch&#8217;esso ricoperto di fili verdeggianti ove si trova un silenzioso cimitero. Ed una banderuola segnavento finemente ornata, con la dicitura parzialmente cancellata di 167_. Opera, si dice, del famoso intagliatore Gudmundur Gudmundsson detto &#8220;il Falegname&#8221; su commissione del vescovo G\u00edsli \u00deorl\u00e1ksson, cos\u00ec come il resto della Grafarkirkja (&#8220;Chiesa del Santo Sepolcro&#8221;) nella sua forma fisica attuale, risalente a una fedele ricostruzione del XVII secolo sulla base di un edificio precedente di almeno cinquecento anni. E che sarebbe stato originariamente eretto dal vescovo della diocesi su gentile concessione del re d&#8217;Islanda, come anche riportato a chiare lettere nella saga di Sturlunga (XIV secolo). Quando era del tutto comune, come lo sarebbe rimasto particolarmente a lungo, per la gente di qui vivere all&#8217;interno di residenze costruite con metodologie simili, considerate migliori nell&#8217;isolamento degli occupanti dalle basse temperature rispetto alle comuni alternative in legno o pietra. Sebbene caratterizzate da esigenze di mantenimento decisamente pi\u00f9 significative, con la sostanziale necessit\u00e0 di ricostruire almeno il tetto praticamente una volta l&#8217;anno. Il che non risultava essere, possiamo immaginare, altrettanto complesso o gravoso per un edificio di culto, utilizzato in tal senso dall&#8217;intera popolazione locale&#8230;<\/p>\n\n\n\n<!--more-->\n\n\n<div class=\"wp-block-image\">\n<figure class=\"aligncenter size-large\"><a href=\"https:\/\/youtu.be\/7vXnkcE_m7g?si=DW35AEybagw_cfRR\" target=\"_blank\" rel=\" noreferrer noopener\"><img loading=\"lazy\" decoding=\"async\" width=\"500\" height=\"313\" src=\"https:\/\/www.jacoporanieri.com\/blog\/..\/public\/newmedia\/2025\/04\/Grafarkirkja-Visit-500x313.jpg\" alt=\"\" class=\"wp-image-42181\" srcset=\"https:\/\/www.jacoporanieri.com\/blog\/..\/public\/newmedia\/2025\/04\/Grafarkirkja-Visit-500x313.jpg 500w, https:\/\/www.jacoporanieri.com\/blog\/..\/public\/newmedia\/2025\/04\/Grafarkirkja-Visit-768x480.jpg 768w, https:\/\/www.jacoporanieri.com\/blog\/..\/public\/newmedia\/2025\/04\/Grafarkirkja-Visit-1536x960.jpg 1536w, https:\/\/www.jacoporanieri.com\/blog\/..\/public\/newmedia\/2025\/04\/Grafarkirkja-Visit.jpg 1728w\" sizes=\"auto, (max-width: 500px) 100vw, 500px\" \/><\/a><\/figure>\n<\/div>\n\n\n<p>Facente parte come giurisdizione della piccola comunit\u00e0 pastorale di Gr\u00f6f \u00e1 H\u00f6f\u00f0astr\u00f6nd, la Grafarkirkja \u00e8 oggi considerata un&#8217;importante testimonianza architettonica del passato nazionale, con multipli livelli di tutela in merito alla sua manutenzione, l&#8217;accessibilit\u00e0 ai turisti e l&#8217;importanza di mantenere integro il suo aspetto attraverso le generazioni. Ma purtroppo e come ben sappiamo, non fu sempre cos\u00ec, vista la maniera in cui successivamente al 1775 l&#8217;edificio venne sconsacrato per ragioni ignote, finendo per essere abbandonato per svariati anni prima di trovarsi a svolgere il ruolo di magazzino per l&#8217;adiacente comunit\u00e0 rurale. Il che potrebbe anche essere vista come una fortuna sotto mentite spoglie, visto il destino a cui probabilmente sarebbero andate incontro le sue pareti lignee in assenza di un interesse continuativo a prevenirne il crollo. Fatto sta che ci sarebbero voluti quasi 200 anni, affinch\u00e9 nel 1953 la chiesa fosse nuovamente chiamata tale con la celebrazione del rito necessario, successivamente ad un&#8217;estensiva opera di restauro portata avanti dal \u00dej\u00f3\u00f0minjasafn \u00cdslands, il Museo Nazionale d&#8217;Islanda. Quando sottoposti ad approfondite ricerche, gli spazi interni vennero essenzialmente ricostruiti sulla base dello stile barocco dell&#8217;epoca di Gudmundsson e traendo ispirazione da alcune delle altre opere pi\u00f9 famose attribuite a lui, tra cui la chiesa Sk\u00e1lholt ed il fonte battesimale della cattedrale di H\u00f3la. Bench\u00e9 risulti utile sottolineare come sia l&#8217;altare che gli arredi sacri di maggior pregio siano stati nel corso dell&#8217;ultimo mezzo secolo rimossi e messi al sicuro all&#8217;interno della celebre struttura museale presso Reykjavik, la capitale. Questo perch\u00e9 la Grafarkirkja, delicata quanto potreste immaginarvi, non si trova situata in un luogo particolarmente remoto ma piuttosto a poca distanza da un pratico parcheggio il che tende a portarla, in quest&#8217;epoca di foto digitali pubblicate pressoch\u00e9 ovunque, ad essere potenzialmente una destinazione turistica pericolosamente popolare. Il che ha convinto le autorit\u00e0 locali d&#8217;interdire totalmente l&#8217;accesso all&#8217;interno, posizionando in posizioni adiacenti anche i necessari cartelli che vietano di arrampicarsi o calpestare le tombe. Indicazioni le quali, in un mondo ideale, avrebbero dovuto essere desunte dal mero contesto situazionale.<br>La pi\u00f9 antica e fedele delle cinque chiese di torba rimaste in Islanda, che includono V\u00ed\u00f0im\u00fdrarkirkja a Skagafj\u00f6r\u00f0ur, Saurb\u00e6jarkirkja a Eyjafj\u00f6r\u00f0ur, Hofskirkja a \u00d6r\u00e6fi e la casa di preghiera a N\u00fapssta\u00f0ur, l&#8217;edificio titolare presenta inoltre il tratto distintivo del proprio recinto cimiteriale dalla forma circolare, oggi ritenuto caratteristico degli esempi pi\u00f9 antichi dei santuari cristiani islandesi, possibilmente mutuato dai santuari delle antiche religioni antecedenti all&#8217;introduzione del cristianesimo. Un ulteriore tratto di collegamento, difficilmente confutabile, tra il mondo contemporaneo e quello di un tempo.<\/p>\n\n\n<div class=\"wp-block-image\">\n<figure class=\"aligncenter size-large\"><a href=\"https:\/\/www.jacoporanieri.com\/blog\/..\/public\/newmedia\/2025\/04\/Grafarkirkja-Interior.jpg\" target=\"_blank\" rel=\" noreferrer noopener\"><img loading=\"lazy\" decoding=\"async\" width=\"500\" height=\"313\" src=\"https:\/\/www.jacoporanieri.com\/blog\/..\/public\/newmedia\/2025\/04\/Grafarkirkja-Interior-500x313.jpg\" alt=\"\" class=\"wp-image-42180\" srcset=\"https:\/\/www.jacoporanieri.com\/blog\/..\/public\/newmedia\/2025\/04\/Grafarkirkja-Interior-500x313.jpg 500w, https:\/\/www.jacoporanieri.com\/blog\/..\/public\/newmedia\/2025\/04\/Grafarkirkja-Interior-768x480.jpg 768w, https:\/\/www.jacoporanieri.com\/blog\/..\/public\/newmedia\/2025\/04\/Grafarkirkja-Interior-1536x960.jpg 1536w, https:\/\/www.jacoporanieri.com\/blog\/..\/public\/newmedia\/2025\/04\/Grafarkirkja-Interior.jpg 1728w\" sizes=\"auto, (max-width: 500px) 100vw, 500px\" \/><\/a><\/figure>\n<\/div>\n\n\n<p>Popolare su Internet al punto da essere frequentemente incorporata in liste dei luoghi pi\u00f9 iconici ed affascinanti al mondo, la Grafarkirkja pu\u00f2 beneficiare del fascino che deriva da un contesto estremamente atipico, non del tutto immediato per chi cerca di acquisirlo da un territorio remoto. Giacch\u00e9 l&#8217;estrema escursione termica del ciclo stagionale a queste latitudini poneva al centro delle problematiche l&#8217;esigenza di creare spazi termicamente stabili, ancor prima che resistenti all&#8217;usura dovuta all&#8217;impatto inevitabile del clima. Il che sembrerebbe aver portato, incidentalmente, ad un&#8217;estetica caratteristica tipicamente infusa di quello stile rappresentativo ed oriundo. Ricordandoci che non soltanto le cose magnifiche ed imponenti, le mura alte ed ambiziose, riescono a meritare l&#8217;attenzione delle moltitudini ed acquisire il merito di diventare un&#8217;ispirazione. Ma anche quel tipo di semplicit\u00e0 naturalistica, che tanto spesso siamo inclini ad individuare nelle sacre filosofie d&#8217;Oriente. Ma \u00e8 uno dei princ\u00ecpi imprescindibili che accomuna, in ogni luogo ed in molteplici maniere, il sostanziale funzionamento dell&#8217;immaginazione umana.<\/p>\n","protected":false},"excerpt":{"rendered":"<p>Benvenuto, esploratore, nella terra fiammeggiante del Nord. Diverse cose avranno suscitato la tua attenzione. Il paesaggio d&#8217;innevati rilievi, inframezzato da valli fertili e accoglienti, grazie all&#8217;effetto del suolo vulcanico creato sin dai tempi della Preistoria. I fiumi freschi e limpidi che scorrono dalle remote fino al mare. La pressoch\u00e9 totale assenza di foreste, quasi come &#8230; <a title=\"L&#8217;affascinante chiesa medievale che si mimetizza in mezzo ai prati d&#8217;Islanda\" class=\"read-more\" href=\"https:\/\/www.jacoporanieri.com\/blog\/?p=42178\" aria-label=\"Per saperne di pi\u00f9 su L&#8217;affascinante chiesa medievale che si mimetizza in mezzo ai prati d&#8217;Islanda\">Leggi tutto<\/a><\/p>\n","protected":false},"author":2,"featured_media":0,"comment_status":"open","ping_status":"open","sticky":false,"template":"","format":"standard","meta":{"footnotes":""},"categories":[6],"tags":[1807,6423,2773,330,2800,3818,1536,1334,1054,8113,810,2373,310,2378,1294,276,6895,1768,71,1725,1618,2556,4095,4493,87],"class_list":["post-42178","post","type-post","status-publish","format-standard","hentry","category-news","tag-antichita","tag-architetture","tag-barocco","tag-costruzioni","tag-cristianesimo","tag-culto","tag-dal-mondo","tag-edifici","tag-erba","tag-intagli","tag-islanda","tag-luoghi","tag-medioevo","tag-prati","tag-punti-di-riferimento","tag-religione","tag-restauri","tag-rinascimento","tag-storia","tag-strutture","tag-terra","tag-territorio","tag-torba","tag-vescovi","tag-viaggi"],"_links":{"self":[{"href":"https:\/\/www.jacoporanieri.com\/blog\/index.php?rest_route=\/wp\/v2\/posts\/42178","targetHints":{"allow":["GET"]}}],"collection":[{"href":"https:\/\/www.jacoporanieri.com\/blog\/index.php?rest_route=\/wp\/v2\/posts"}],"about":[{"href":"https:\/\/www.jacoporanieri.com\/blog\/index.php?rest_route=\/wp\/v2\/types\/post"}],"author":[{"embeddable":true,"href":"https:\/\/www.jacoporanieri.com\/blog\/index.php?rest_route=\/wp\/v2\/users\/2"}],"replies":[{"embeddable":true,"href":"https:\/\/www.jacoporanieri.com\/blog\/index.php?rest_route=%2Fwp%2Fv2%2Fcomments&post=42178"}],"version-history":[{"count":1,"href":"https:\/\/www.jacoporanieri.com\/blog\/index.php?rest_route=\/wp\/v2\/posts\/42178\/revisions"}],"predecessor-version":[{"id":42182,"href":"https:\/\/www.jacoporanieri.com\/blog\/index.php?rest_route=\/wp\/v2\/posts\/42178\/revisions\/42182"}],"wp:attachment":[{"href":"https:\/\/www.jacoporanieri.com\/blog\/index.php?rest_route=%2Fwp%2Fv2%2Fmedia&parent=42178"}],"wp:term":[{"taxonomy":"category","embeddable":true,"href":"https:\/\/www.jacoporanieri.com\/blog\/index.php?rest_route=%2Fwp%2Fv2%2Fcategories&post=42178"},{"taxonomy":"post_tag","embeddable":true,"href":"https:\/\/www.jacoporanieri.com\/blog\/index.php?rest_route=%2Fwp%2Fv2%2Ftags&post=42178"}],"curies":[{"name":"wp","href":"https:\/\/api.w.org\/{rel}","templated":true}]}}