{"id":41534,"date":"2024-12-29T06:18:51","date_gmt":"2024-12-29T05:18:51","guid":{"rendered":"https:\/\/www.jacoporanieri.com\/blog\/?p=41534"},"modified":"2024-12-29T06:19:23","modified_gmt":"2024-12-29T05:19:23","slug":"la-dama-simbolo-delleleganza-iberica-nel-quadro-dellarcheologia-tartessiana-rivisitata","status":"publish","type":"post","link":"https:\/\/www.jacoporanieri.com\/blog\/?p=41534","title":{"rendered":"La dama simbolo dell&#8217;eleganza iberica nel quadro dell&#8217;archeologia tartessiana rivisitata"},"content":{"rendered":"<div class=\"wp-block-image\">\n<figure class=\"aligncenter size-large\"><a href=\"https:\/\/youtu.be\/kbtBH4zQ4yk?si=lZqsW_JD4eApNY3J\" target=\"_blank\" rel=\" noreferrer noopener\"><img loading=\"lazy\" decoding=\"async\" width=\"500\" height=\"313\" src=\"https:\/\/www.jacoporanieri.com\/blog\/..\/public\/newmedia\/2024\/12\/Lady-of-Elche-500x313.jpg\" alt=\"\" class=\"wp-image-41537\" srcset=\"https:\/\/www.jacoporanieri.com\/blog\/..\/public\/newmedia\/2024\/12\/Lady-of-Elche-500x313.jpg 500w, https:\/\/www.jacoporanieri.com\/blog\/..\/public\/newmedia\/2024\/12\/Lady-of-Elche-768x480.jpg 768w, https:\/\/www.jacoporanieri.com\/blog\/..\/public\/newmedia\/2024\/12\/Lady-of-Elche-1536x960.jpg 1536w, https:\/\/www.jacoporanieri.com\/blog\/..\/public\/newmedia\/2024\/12\/Lady-of-Elche.jpg 1728w\" sizes=\"auto, (max-width: 500px) 100vw, 500px\" \/><\/a><\/figure>\n<\/div>\n\n\n<p>Un&#8217;altra opera di attribuzione lungamente incerta, nel panorama del Mondo Antico coevo e antecedente al gran fenomeno interculturale dell&#8217;Ellenismo, \u00e8 la figura scultorea ritrovata nel 1897 sotto la collina di Alc\u00f9dia, dall&#8217;operaio Manuel Campello detto Manolico, mentre stava scavando per scopi agricoli un canale d&#8217;irrigazione. Orgoglioso del misterioso pezzo scultoreo di manifattura evidentemente arcaica, che aveva chiamato &#8220;La dama dei Mori&#8221; lo espose quindi sulla balconata durante la festa di paese, che si teneva ogni anno per la rappresentazione popolare  del dramma liturgico del Mistero della Madonna di Elche. Fu dunque in tale occasione che lo studioso accademico francese Pierre Paris, casualmente sul posto come ospite di un proprio facoltoso amico, vide la raffinata immagine marmorea di questa donna e ne rest\u00f2 immediatamente colpito, al punto da contattare con un telegramma il Louvre e chiedere un finanziamento di 4.000 franchi per acquistarla. E fu cos\u00ec che, sulla fiducia, il pi\u00f9 grande acquisto fortuito di un manufatto d&#8217;importanza storica e nazionale venne condotto a discapito del disaccordo della moglie di Campello, Asunci\u00f3n Ibarra, essa stessa figlia di un esperto umanista e che avrebbe voluto mantenere in patria l&#8217;importante manufatto. Difficile immaginare, d&#8217;altronde, una personalit\u00e0 dal maggiore potere d&#8217;evocare l&#8217;impressione iconica di antiche discipline o convenzioni sociali; la dama di Elche, come rappresentazione di quella che potrebbe essere una stimata antenata, una sacerdotessa del Dio Apollo o ella stessa una terrena manifestazione di Tanit\/Tinnit, nume tutelare cartaginese della fertilit\u00e0, dell&#8217;amore e del piacere, si presenta abbigliata in un costume dalla complessit\u00e0 singolare.  Con le spalle coperte da un mantello ed una tunica, ornati da tre giri di collane con amuleti ed anfore, fiancheggiati da <em>infulae<\/em> (strisce cerimoniali) che ricadono ai lati del volto. E con in testa un copricapo che si coniuga assieme all&#8217;acconciatura, composto di una tiara coperta da un velo, un diadema e le imponenti ruote ornamentali, possibilmente mirate a suggerire l&#8217;immagine del carro celeste, usato per trasportare l&#8217;astro solare. Ricavata da un singolo blocco di pietra calcarea vuoto all&#8217;interno, con un foro sul retro che ne faceva probabilmente un&#8217;urna funeraria, l&#8217;oggetto abbandonato ed impiegato assieme ad altri relitti di epoche distante nel corso del Medioevo come basamento per le mura cittadine fu dunque ben presto datato al quarto\/quinto secolo a.C, il che assieme alla precisa collocazione geografica, non poteva farne null&#8217;altro che un&#8217;esempio di scultura appartenente alla cultura degli Iberi, un popolo guerriero che sarebbe in seguito diventato famoso per la sua partecipazione come mercenari al lungo conflitto tra le culture Romana e Cartaginese. Il che poneva importanti interrogativi agli archeologi dell&#8217;intero Novecento: poich\u00e9 non era forse vero che opere di una simile perizia creativa, realizzata in quell&#8217;epoca distante, dovessero necessariamente provenire dalla Grecia o essere influenzate in qualche modo dal &#8220;centro culturale&#8221; della cosiddetta cultura occidentale? Tanto che ancora nel 1995, lo storico dell&#8217;arte John F. Moffitt (1940\u20132008) pubblicava nel suo libro sull&#8217;epoca d&#8217;oro dei falsi storici un lungo e articolato capitolo, in cui affermava con convinzione che la dama di Elche dovesse costituire una creazione fuori dal contesto, possibilmente realizzata in epoca moderna. Naturalmente, egli operava sulla base di una congnizione incompleta come possiamo ampiamente affermare sulla base delle nuove cognizioni acquisite. Grazie ad un ritrovamento nella media Valle di Guadiana, a partire dall&#8217;anno 2015&#8230;<\/p>\n\n\n\n<!--more-->\n\n\n<div class=\"wp-block-image\">\n<figure class=\"aligncenter size-large\"><a href=\"https:\/\/youtu.be\/0v-0TuwN61A?si=Au7Cld6tf5HyYYQM\" target=\"_blank\" rel=\" noreferrer noopener\"><img loading=\"lazy\" decoding=\"async\" width=\"500\" height=\"313\" src=\"https:\/\/www.jacoporanieri.com\/blog\/..\/public\/newmedia\/2024\/12\/Turunuelo-Site-500x313.jpg\" alt=\"\" class=\"wp-image-41538\" srcset=\"https:\/\/www.jacoporanieri.com\/blog\/..\/public\/newmedia\/2024\/12\/Turunuelo-Site-500x313.jpg 500w, https:\/\/www.jacoporanieri.com\/blog\/..\/public\/newmedia\/2024\/12\/Turunuelo-Site-768x480.jpg 768w, https:\/\/www.jacoporanieri.com\/blog\/..\/public\/newmedia\/2024\/12\/Turunuelo-Site-1536x960.jpg 1536w, https:\/\/www.jacoporanieri.com\/blog\/..\/public\/newmedia\/2024\/12\/Turunuelo-Site.jpg 1728w\" sizes=\"auto, (max-width: 500px) 100vw, 500px\" \/><\/a><\/figure>\n<\/div>\n\n\n<p>Tra le genti arcaiche della penisola iberica dunque, forse i pi\u00f9 lungamente affascinanti e misteriosi per la possibile associazione al mito platonico ed aristotelico di Atlantide furono gli appartenenti al popolo che viveva lungo il fiume di Tartessos, nella parte centro-meridionale di queste terre dallo spiccato sincretismo d&#8217;identit\u00e0 e culture. Oggetto di studi spesso empirici e basati su fattori adiacenti, per la natura frammentaria ed incompleta del patrimonio archeologico a disposizione, essi furono spesso considerati sulla base dei loro interscambi commerciali con gli antenati degli Iberici, dai quali sarebbero stati successivamente incorporati in un pi\u00f9 vasto gruppo di trib\u00f9 alleate sotto una singola casta di potere. Un sistema clientelare non dissimile da quello dei vasti imperi del continente, che tendeva a prevedere ritualit\u00e0 complesse e qualche imperscrutabili, dal punto di vista limitato di noi moderni. <br>Fondamentale nella loro interpretazione, dunque, si sarebbe rivelato lo scavo lungamente progettato di un tumulo noto fin dagli anni &#8217;80 con il soprannome di Turu\u00f1uelo, nella sopracitata valle facente parte della provincia di Badajoz. L\u00e0 dove in un lungo periodo di approfondimento gli archeologi avrebbero finalmente individuato i resti di un palazzo antico di 2.500 anni, sottoposto ad incendio rituale e successivamente sepolto, in un rito di sacrificio pubblico paragonabile a un&#8217;ecatombe. O forse per volere di un conquistatore nemico, pur avendo l&#8217;effetto paradossale di creare un sarcofago di terra argillosa, entro cui innumerevoli reperti e beni appartenenti a quell&#8217;epoca lontana sarebbero stati preservati a beneficio delle generazioni future. Risale dunque al recente 2023 la fondamentale scoperta di una serie di cinque raffigurazioni antropomorfe suddivise in frammenti ma ragionevolmente complete, raffiguranti possibili divinit\u00e0 o personaggi simili alla stessa maniera della dama di Elche, nonch\u00e9 entit\u00e0 scultorea di epoca altrettanto successiva come quelle di Baza e Guardamar. Il che gettava una luce nuova sulla questione sollevata dallo scetticismo di Moffitt, ulteriormente alimentato dall&#8217;entusiasmo malvisto dei cultori del mito atlantideo e possibili partecipazioni di civilt\u00e0 perdute ed alieni. Poich\u00e9 da lungo tempo, le culture della Spagna pre-Romana erano state considerate in taluni ambienti accademici come del tutto aniconiche, ovvero inclini a utilizzare schemi ideografici o simboli geometrici per riferirsi alle proprie credenze sacre. La dea Tanit, possibilmente acquisita durante i commerci con i navigatori Fenici, compariva ad esempio come un semplice triangolo sormontato da un cerchio. Eppure ecco la prova di capacit\u00e0 artistiche mirate alla rappresentazione di entit\u00e0 realistiche, possibilmente basate sull&#8217;aspetto di persone effettivamente vissute. Con una perizia del tutto paragonabile a quella delle maggiori scuole rinomate di epoca ellenistica o successiva, risultando altres\u00ec databili a un contesto cronologico antecedente di svariati secoli, alla suddivisione di quei territori ove soltanto in seguito avrebbero trovato spazio di conquista i potenti regni successori del vasto impero di Alessandro Magno. <\/p>\n\n\n<div class=\"wp-block-image\">\n<figure class=\"aligncenter size-large\"><a href=\"https:\/\/youtu.be\/MKGekd4eQSw?si=NsZqBML76xKEbIqP\" target=\"_blank\" rel=\" noreferrer noopener\"><img loading=\"lazy\" decoding=\"async\" width=\"500\" height=\"313\" src=\"https:\/\/www.jacoporanieri.com\/blog\/..\/public\/newmedia\/2024\/12\/Lady-of-Elche-Costume-500x313.jpg\" alt=\"\" class=\"wp-image-41535\" srcset=\"https:\/\/www.jacoporanieri.com\/blog\/..\/public\/newmedia\/2024\/12\/Lady-of-Elche-Costume-500x313.jpg 500w, https:\/\/www.jacoporanieri.com\/blog\/..\/public\/newmedia\/2024\/12\/Lady-of-Elche-Costume-768x480.jpg 768w, https:\/\/www.jacoporanieri.com\/blog\/..\/public\/newmedia\/2024\/12\/Lady-of-Elche-Costume-1536x960.jpg 1536w, https:\/\/www.jacoporanieri.com\/blog\/..\/public\/newmedia\/2024\/12\/Lady-of-Elche-Costume.jpg 1728w\" sizes=\"auto, (max-width: 500px) 100vw, 500px\" \/><\/a><figcaption class=\"wp-element-caption\">Il particolare copricapo della dama di Elche ha lungamente affascinato gli artisti del Novecento, a partire dalle illustrazioni per il terzo libro del mago di Oz, in cui l&#8217;illustratore John Rea Neill immagin\u00f2 una corona simile per la testa della sovrana illuminata Ozma. Che d&#8217;altra parte avremmo visto trasversalmente re-interpretato 70 anni dopo, nella celebre capigliatura della principessa Leia di Guerre Stellari.<\/figcaption><\/figure>\n<\/div>\n\n\n<p>La creazione di una radice culturale antecedente, inevitabilmente, porta alla rivisitazione di tutto ci\u00f2 che \u00e8 venuto dopo. Ancorch\u00e9 sarebbe totalmente lecito affermare che l&#8217;autenticit\u00e0 della dama di Elche, e degli altri manufatti simili citati, fosse stata lungamente predicata da una vasta percentuale di studiosi, sulla base di un sincero sentimento e senso d&#8217;appartenenza, capace di farne attraverso le generazioni un importante quanto riconoscibile simbolo della Spagna intera. Tanto da portare, nel 1941, ad uno scambio di opere con il Louvre che l&#8217;avrebbe riportata in patria nel pieno del secondo conflitto mondiale, dopo essere stata brevemente spostata per proteggerla nel castello di Montauban, vicino Tolosa. Per trovare poi collocazione al Prado di Madrid, non senza una periodica e reiterata protesta da parte delle genti della sua eponima comunit\u00e0 rurale di provenienza. Tanto che in almeno due occasioni, il 1965 e il 2006, la dama venne esposta nuovamente ad Elche per l&#8217;estendersi di particolari ricorrenze, presso il luogo che ne aveva custodito la presenza tanto a lungo giudicata inspiegabile e misteriosa. Nulla di simile, d&#8217;altronde, \u00e8 stato ancora pianificato, dall&#8217;epoca in cui la sua effettiva essenza \u00e8 stata, per inferenza, contestualizzata.<\/p>\n","protected":false},"excerpt":{"rendered":"<p>Un&#8217;altra opera di attribuzione lungamente incerta, nel panorama del Mondo Antico coevo e antecedente al gran fenomeno interculturale dell&#8217;Ellenismo, \u00e8 la figura scultorea ritrovata nel 1897 sotto la collina di Alc\u00f9dia, dall&#8217;operaio Manuel Campello detto Manolico, mentre stava scavando per scopi agricoli un canale d&#8217;irrigazione. Orgoglioso del misterioso pezzo scultoreo di manifattura evidentemente arcaica, che &#8230; <a title=\"La dama simbolo dell&#8217;eleganza iberica nel quadro dell&#8217;archeologia tartessiana rivisitata\" class=\"read-more\" href=\"https:\/\/www.jacoporanieri.com\/blog\/?p=41534\" aria-label=\"Per saperne di pi\u00f9 su La dama simbolo dell&#8217;eleganza iberica nel quadro dell&#8217;archeologia tartessiana rivisitata\">Leggi tutto<\/a><\/p>\n","protected":false},"author":2,"featured_media":0,"comment_status":"open","ping_status":"open","sticky":false,"template":"","format":"standard","meta":{"footnotes":""},"categories":[6],"tags":[7896,1807,251,77,7927,4994,4434,2650,7938,2013,2911,573,784,1380,276,2010,1448,3479,7939,777,82,295,7937],"class_list":["post-41534","post","type-post","status-publish","format-standard","hentry","category-news","tag-accademia","tag-antichita","tag-archeologia","tag-arte","tag-cartagine","tag-culture","tag-divinita","tag-ellenismo","tag-iberici","tag-immagini","tag-ipotesi","tag-misteri","tag-mondo-antico","tag-popoli","tag-religione","tag-ricerca","tag-ritrovamenti","tag-romani","tag-sacerdotesse","tag-scavi","tag-scultura","tag-spagna","tag-tartessiani"],"_links":{"self":[{"href":"https:\/\/www.jacoporanieri.com\/blog\/index.php?rest_route=\/wp\/v2\/posts\/41534","targetHints":{"allow":["GET"]}}],"collection":[{"href":"https:\/\/www.jacoporanieri.com\/blog\/index.php?rest_route=\/wp\/v2\/posts"}],"about":[{"href":"https:\/\/www.jacoporanieri.com\/blog\/index.php?rest_route=\/wp\/v2\/types\/post"}],"author":[{"embeddable":true,"href":"https:\/\/www.jacoporanieri.com\/blog\/index.php?rest_route=\/wp\/v2\/users\/2"}],"replies":[{"embeddable":true,"href":"https:\/\/www.jacoporanieri.com\/blog\/index.php?rest_route=%2Fwp%2Fv2%2Fcomments&post=41534"}],"version-history":[{"count":3,"href":"https:\/\/www.jacoporanieri.com\/blog\/index.php?rest_route=\/wp\/v2\/posts\/41534\/revisions"}],"predecessor-version":[{"id":41541,"href":"https:\/\/www.jacoporanieri.com\/blog\/index.php?rest_route=\/wp\/v2\/posts\/41534\/revisions\/41541"}],"wp:attachment":[{"href":"https:\/\/www.jacoporanieri.com\/blog\/index.php?rest_route=%2Fwp%2Fv2%2Fmedia&parent=41534"}],"wp:term":[{"taxonomy":"category","embeddable":true,"href":"https:\/\/www.jacoporanieri.com\/blog\/index.php?rest_route=%2Fwp%2Fv2%2Fcategories&post=41534"},{"taxonomy":"post_tag","embeddable":true,"href":"https:\/\/www.jacoporanieri.com\/blog\/index.php?rest_route=%2Fwp%2Fv2%2Ftags&post=41534"}],"curies":[{"name":"wp","href":"https:\/\/api.w.org\/{rel}","templated":true}]}}