{"id":40397,"date":"2024-06-22T06:10:41","date_gmt":"2024-06-22T04:10:41","guid":{"rendered":"https:\/\/www.jacoporanieri.com\/blog\/?p=40397"},"modified":"2024-06-22T06:14:54","modified_gmt":"2024-06-22T04:14:54","slug":"il-tronco-striato-che-solleva-in-mezzo-ai-monti-lorgoglio-botanico-colombiano","status":"publish","type":"post","link":"https:\/\/www.jacoporanieri.com\/blog\/?p=40397","title":{"rendered":"Il tronco striato che solleva in mezzo ai monti l&#8217;orgoglio botanico colombiano"},"content":{"rendered":"<div class=\"wp-block-image\">\n<figure class=\"aligncenter size-large\"><a href=\"https:\/\/youtu.be\/hMe6dorEUpc?si=y6kwyV1b1wxELMun\" target=\"_blank\" rel=\"noreferrer noopener\"><img loading=\"lazy\" decoding=\"async\" width=\"500\" height=\"313\" src=\"https:\/\/www.jacoporanieri.com\/blog\/..\/public\/newmedia\/2024\/06\/Wax-Palms-Cocora-Valley-500x313.jpg\" alt=\"\" class=\"wp-image-40398\" srcset=\"https:\/\/www.jacoporanieri.com\/blog\/..\/public\/newmedia\/2024\/06\/Wax-Palms-Cocora-Valley-500x313.jpg 500w, https:\/\/www.jacoporanieri.com\/blog\/..\/public\/newmedia\/2024\/06\/Wax-Palms-Cocora-Valley-768x480.jpg 768w, https:\/\/www.jacoporanieri.com\/blog\/..\/public\/newmedia\/2024\/06\/Wax-Palms-Cocora-Valley-1536x960.jpg 1536w, https:\/\/www.jacoporanieri.com\/blog\/..\/public\/newmedia\/2024\/06\/Wax-Palms-Cocora-Valley.jpg 1728w\" sizes=\"auto, (max-width: 500px) 100vw, 500px\" \/><\/a><\/figure>\n<\/div>\n\n\n<p>Nel novembre del 1901, all&#8217;apice dell&#8217;estate meridionale, il barone tedesco Alexander Humboldt si trovava in Sudamerica, intento ad espletare la sua ferma convinzione a spendere la corposa fortuna ricevuta in eredit\u00e0 dalla madre per migliorare ed ampliare la comprensione scientifica di questo mondo. Viaggiando con l&#8217;amico e collega naturalista Aim\u00e9 Bonpland, ex chirurgo dell&#8217;esercito francese, era giunto nei possedimenti coloniali d&#8217;Oltremare attraverso le Canarie e poi da l\u00ec a Cuman\u00e0, in Venezuela, mancando di poco l&#8217;ingresso nella zona colpita da una grave epidemia di tifo. Avendo gi\u00e0 rischiato, inoltre, un piccolo naufragio alla rottura dell&#8217;albero della fregata spagnola che li aveva trasportati in quel porto, i due decisero di affrontare ulteriori e significative peripezie, inoltrandosi via terra in direzione di Cartaghena, per attraversare le Ande armati dei numerosi dispositivi che avevano con se al fine di raccogliere campioni di piante, semi, rocce e misurare la posizione delle stelle in cielo. Fino all&#8217;arduo percorso in direzione del vulcano colombiano Purac\u00e9 dove il barone intendeva dimostrare il predominio di specifiche famiglie vegetali oltre i 2.000 metri d&#8217;altitudine nel contesto sudamericano. Un percorso difficile, da affrontare con il solo accompagnamento di un treno di muli e le possenti guide native, in grado di sollevare a pi\u00f9 riprese i viaggiatori e trasportarli letteralmente a braccio, tramite l&#8217;impiego di speciali selle adattate dall&#8217;uso equino. Fu proprio in tale contingenza dunque, che per la prima volta gli studiosi europei videro con i propri occhi quello che sarebbe immediatamente diventato, all&#8217;epoca, l&#8217;albero pi\u00f9 alto del mondo conosciuto. All&#8217;inizio del XIX secolo in effetti non erano ancora stati descritti scientificamente i colossali eucalipti australiani o le sequoie della California, ponendo le svettanti monocotiledoni del genere <em>Ceroxylon<\/em>, anche dette pi\u00f9 semplicemente palme da cera, all&#8217;assoluto apice dei rapporti di scala degli arbusti, con i propri 40-60 metri d&#8217;elevazione da terra. Distribuiti in modo alquanto caratteristico, vista la presenza nella fase della vita adulta di un tronco totalmente scarno e privo di alcun tipo di fronda, sormontato da un singolo pennacchio a forma d&#8217;asterisco, le cui foglie lunghe e strette possono arrivare a misurare i 5 metri di lunghezza. Struttura colonnare, per di pi\u00f9, caratterizzata da una superficie esterna inconfondibile ove le foglie precedenti si sono staccate, lasciando segni neri orizzontali che ricoprono letteralmente l&#8217;intera progressione lignea, difesa dall&#8217;attacco dei parassiti grazie al significativo strato resinoso, in realt\u00e0 pi\u00f9 simile a una cera, che caratterizza in modo specifico questa intera categoria di piante. Con un ruolo di preminenza spettante, per chiare ragioni, alla maggiore di tutte, la <em>C. quindiuense<\/em>, capace di prosperare attivamente tra i 2.000 e i 3.100 metri d&#8217;altitudine, dove la maggior parte degli arbusti evita semplicemente di mettere le proprie radici. Traendo fonte di sostentamento, in parallelo, dal suolo nutritivo e la limitata umidit\u00e0 dell&#8217;aria, catturata l\u00e0, dove corre incessante il vento&#8230;<\/p>\n\n\n\n<!--more-->\n\n\n<div class=\"wp-block-image\">\n<figure class=\"aligncenter size-large\"><a href=\"https:\/\/youtu.be\/64RIXblYRCE?si=TSVwXPmVm0OJbkLF\" target=\"_blank\" rel=\"noreferrer noopener\"><img loading=\"lazy\" decoding=\"async\" width=\"500\" height=\"313\" src=\"https:\/\/www.jacoporanieri.com\/blog\/..\/public\/newmedia\/2024\/06\/Wax-Palms-Identification-500x313.jpg\" alt=\"\" class=\"wp-image-40399\" srcset=\"https:\/\/www.jacoporanieri.com\/blog\/..\/public\/newmedia\/2024\/06\/Wax-Palms-Identification-500x313.jpg 500w, https:\/\/www.jacoporanieri.com\/blog\/..\/public\/newmedia\/2024\/06\/Wax-Palms-Identification-768x480.jpg 768w, https:\/\/www.jacoporanieri.com\/blog\/..\/public\/newmedia\/2024\/06\/Wax-Palms-Identification-1536x960.jpg 1536w, https:\/\/www.jacoporanieri.com\/blog\/..\/public\/newmedia\/2024\/06\/Wax-Palms-Identification.jpg 1728w\" sizes=\"auto, (max-width: 500px) 100vw, 500px\" \/><\/a><\/figure>\n<\/div>\n\n\n<p>Arbusto estremamente longevo, capace di vivere fino a 200 anni, la palma del Quind\u00eco suscita da sempre uno spontaneo interrogativo nella gente di qui e non solo. Come \u00e8 possibile in effetti che tale particolare specie, diffusa lungo l&#8217;intero bacino del Tochecito e fino alla valle di Cocora, porti il nome di una localit\u00e0 situata letteralmente dall&#8217;altra parte delle Ande, dove comparativamente ne cresce una quantit\u00e0 molto minore? La ragione \u00e8 ricercabile nel gi\u00e0 citato viaggio di Humboldt e Bonpland, il cui passaggio verso l&#8217;entroterra si dipan\u00f2 lungo un sentiero che veniva ancora definito, all&#8217;epoca, come passo del Quind\u00eco, in base alla localit\u00e0 situata ad uno dei capi estremi della sua progressione inerente. Da dove il mito della palma di queste regioni remote avrebbe in seguito colpito, giustamente, la fantasia del mondo accademico che non aveva ancora avuto l&#8217;opportunit\u00e0 di classificarla. Dotata di due sessi distinti ciascuno dei quali attribuibile ad un singolo albero, la palma cresce dunque in vaste zone pianeggianti ed assolate, attraverso un periodo estremamente lungo che permette la prima fioritura soltanto dopo il trascorrere di 40 anni. Momento in cui, iniziando a produrre sostanze chimiche capaci di attirare molte specie d&#8217;insetti, con particolare efficacia nei confronti degli scarabei ed altri coleotteri locali, gli alberi ottengono la necessaria impollinazione, cui fa seguito la produzione di corpose cascate di datteri dal colore rosso vivo ed arancione. Ove questi ultimi cadranno, i semi tenteranno di attecchire in un processo spontaneo dall&#8217;alto grado di efficienza, bench\u00e9 conduttivo ad una delle fasi maggiormente delicate nella vita della pianta. Essa risulter\u00e0 infatti molto vulnerabile ad un eccesso di raggi ultravioletti nelle fasi iniziali, potendo realmente prosperare soltanto in zone protette come sotto un ramo caduto, in prossimit\u00e0 di un cespuglio o ai margini di ombrose radure. Altro pericolo, soprattutto in tempi moderni, il passaggio del bestiame ed in modo particolare dei bovini, molto avvezzi a consumare i semi, distruggere i virgulti calpestandoli o fagocitarli semplicemente tutti interi, il che ha ridotto sensibilmente il rateo di successo nella riproduzione di questa palma. Paradossalmente, con un ritmo peggiorativo incrementato proprio nel corso delle ultime decadi successive al ritiro delle FARC rivoluzionarie, che ha partire dal 1964 avevano mantenuto il controllo dell&#8217;intera regione impedendo l&#8217;arrivo degli agricoltori e grandi possessori di latifondi, destinati a ridurre sensibilmente lo spazio letteralmente incontaminato a disposizione della natura. Una situazione delicata, all&#8217;origine di molte polemiche nei confronti del governo, che potrebbe o dovrebbe proteggere questa specie endemica ma che nell&#8217;opinione di molti non compie tutti i passi necessari per farlo. Istituendo leggi severe sulla carta, le quali d&#8217;altro canto non limitano la libert\u00e0 di agire indiscriminatamente all&#8217;interno dei terreni privati, giudicati d&#8217;altro canto troppo costosi perch\u00e9 sia possibile acquistarli a spese delle casse statali. Tutto questo mentre l&#8217;abbattimento delle palme da cera, costituite da un legno estremamente solido ed utilizzato in architettura, continua indisturbato in molti contesti, sulla base delle abitudini frutto di pregresse tradizioni locali. Giacch\u00e9 si diceva che la palma del Quind\u00eco, sull&#8217;esempio della famosa fattoria di Las Cruces visitata nel 1876 da \u00c9douard Andr\u00e9, potesse fornire tutto il necessario a costruire una casa perfetta, utilizzando il legno per le mura, le foglie come tetto e la cera che la ricopriva al fine di fabbricare valide candele, nella maniera in cui si usava fare prima dell&#8217;invenzione dell&#8217;elettricit\u00e0. Con un uso probabile, ancora pi\u00f9 antico, da parte dei popoli nativi dei Quimbaya, che producevano manufatti d&#8217;oro mediante l&#8217;utilizzo della tecnica della cera persa, presumibilmente proprio grazie alla resina speciale di questa svettante pianta.<\/p>\n\n\n<div class=\"wp-block-image\">\n<figure class=\"aligncenter size-large\"><a href=\"https:\/\/youtu.be\/w7OXjIY4tDs?si=wgk4O2qK80s7jY7p\" target=\"_blank\" rel=\"noreferrer noopener\"><img loading=\"lazy\" decoding=\"async\" width=\"500\" height=\"313\" src=\"https:\/\/www.jacoporanieri.com\/blog\/..\/public\/newmedia\/2024\/06\/Wax-Palms-Quindiuense-500x313.jpg\" alt=\"\" class=\"wp-image-40400\" srcset=\"https:\/\/www.jacoporanieri.com\/blog\/..\/public\/newmedia\/2024\/06\/Wax-Palms-Quindiuense-500x313.jpg 500w, https:\/\/www.jacoporanieri.com\/blog\/..\/public\/newmedia\/2024\/06\/Wax-Palms-Quindiuense-768x480.jpg 768w, https:\/\/www.jacoporanieri.com\/blog\/..\/public\/newmedia\/2024\/06\/Wax-Palms-Quindiuense-1536x960.jpg 1536w, https:\/\/www.jacoporanieri.com\/blog\/..\/public\/newmedia\/2024\/06\/Wax-Palms-Quindiuense.jpg 1728w\" sizes=\"auto, (max-width: 500px) 100vw, 500px\" \/><\/a><\/figure>\n<\/div>\n\n\n<p>Nominato infine albero nazionale con decreto num. 61 del 16 settembre 1985, la maggior palma <em>Ceroxylon<\/em> si \u00e8 trasformata tardivamente in uno stimato simbolo nazionale, sebbene manchi una struttura normativa finalizzata a garantirne la continuativa esistenza. E con una classificazione da parte dei maggiori indici naturali che la pone, nella migliore delle ipotesi, in uno stato di vulnerabilit\u00e0 pregressa costituisce ad oggi una delle molte specie in bilico dei nostri tempi. Con potenziali gravi effetti a cascata, considerando ad esempio l&#8217;importanza primaria che riveste nella costruzione del nido e conseguente ciclo riproduttivo del parrocchetto dalle orecchie gialle (<em>Ognorhynchus icterotis<\/em>) assieme a numerose altre specie senza eguali nel mondo. Lo stesso Humboldt, ritornato a Parigi assieme all&#8217;amico nel 1804 con appunti su oltre 60.000 specie vegetali ed una fama ormai imperitura, oltre ad opinioni rivoluzionarie sul campo magnetico terrestre e le ipotesi geologiche del nettunismo, ne sarebbe ad oggi profondamente rattristato. Ma gli uomini di scienza, per quanto influenti, difficilmente possono influenzare in modo particolarmente approfondito il corso inesorabile degli eventi. Altrimenti essi non avrebbero potuto elaborare, fin dall&#8217;epoca del Mondo Antico, la fondamentale teoria entropica dell&#8217;esistenza. Che ogni tronco vede abbattersi, non importa quanto grande o forte, sulla terra smossa di distese senza nome n\u00e9 tempo. Mentre i coleotteri vivono, muoiono e vivono ancora. Portando doverosamente a termine quel compito, per cui Madre Natura stessa li ha saputi selezionare.<\/p>\n","protected":false},"excerpt":{"rendered":"<p>Nel novembre del 1901, all&#8217;apice dell&#8217;estate meridionale, il barone tedesco Alexander Humboldt si trovava in Sudamerica, intento ad espletare la sua ferma convinzione a spendere la corposa fortuna ricevuta in eredit\u00e0 dalla madre per migliorare ed ampliare la comprensione scientifica di questo mondo. Viaggiando con l&#8217;amico e collega naturalista Aim\u00e9 Bonpland, ex chirurgo dell&#8217;esercito francese, &#8230; <a title=\"Il tronco striato che solleva in mezzo ai monti l&#8217;orgoglio botanico colombiano\" class=\"read-more\" href=\"https:\/\/www.jacoporanieri.com\/blog\/?p=40397\" aria-label=\"Per saperne di pi\u00f9 su Il tronco striato che solleva in mezzo ai monti l&#8217;orgoglio botanico colombiano\">Leggi tutto<\/a><\/p>\n","protected":false},"author":2,"featured_media":0,"comment_status":"open","ping_status":"open","sticky":false,"template":"","format":"standard","meta":{"footnotes":""},"categories":[6],"tags":[451,228,1226,818,2377,3994,187,2951,7680,4794,2373,3188,109,5566,6098,1002,190,819,78,71,214,2821,87],"class_list":["post-40397","post","type-post","status-publish","format-standard","hentry","category-news","tag-alberi","tag-ambiente","tag-ande","tag-biologia","tag-colombia","tag-cordigliera","tag-ecologia","tag-foglie","tag-fronde","tag-impollinazione","tag-luoghi","tag-monti","tag-natura","tag-palme","tag-passi","tag-personaggi","tag-piante","tag-riproduzione","tag-scienza","tag-storia","tag-sudamerica","tag-tronchi","tag-viaggi"],"_links":{"self":[{"href":"https:\/\/www.jacoporanieri.com\/blog\/index.php?rest_route=\/wp\/v2\/posts\/40397","targetHints":{"allow":["GET"]}}],"collection":[{"href":"https:\/\/www.jacoporanieri.com\/blog\/index.php?rest_route=\/wp\/v2\/posts"}],"about":[{"href":"https:\/\/www.jacoporanieri.com\/blog\/index.php?rest_route=\/wp\/v2\/types\/post"}],"author":[{"embeddable":true,"href":"https:\/\/www.jacoporanieri.com\/blog\/index.php?rest_route=\/wp\/v2\/users\/2"}],"replies":[{"embeddable":true,"href":"https:\/\/www.jacoporanieri.com\/blog\/index.php?rest_route=%2Fwp%2Fv2%2Fcomments&post=40397"}],"version-history":[{"count":2,"href":"https:\/\/www.jacoporanieri.com\/blog\/index.php?rest_route=\/wp\/v2\/posts\/40397\/revisions"}],"predecessor-version":[{"id":40402,"href":"https:\/\/www.jacoporanieri.com\/blog\/index.php?rest_route=\/wp\/v2\/posts\/40397\/revisions\/40402"}],"wp:attachment":[{"href":"https:\/\/www.jacoporanieri.com\/blog\/index.php?rest_route=%2Fwp%2Fv2%2Fmedia&parent=40397"}],"wp:term":[{"taxonomy":"category","embeddable":true,"href":"https:\/\/www.jacoporanieri.com\/blog\/index.php?rest_route=%2Fwp%2Fv2%2Fcategories&post=40397"},{"taxonomy":"post_tag","embeddable":true,"href":"https:\/\/www.jacoporanieri.com\/blog\/index.php?rest_route=%2Fwp%2Fv2%2Ftags&post=40397"}],"curies":[{"name":"wp","href":"https:\/\/api.w.org\/{rel}","templated":true}]}}