{"id":39951,"date":"2024-04-10T06:07:54","date_gmt":"2024-04-10T04:07:54","guid":{"rendered":"https:\/\/www.jacoporanieri.com\/blog\/?p=39951"},"modified":"2024-04-10T06:12:10","modified_gmt":"2024-04-10T04:12:10","slug":"lascesa-e-la-caduta-di-urartu-misterioso-regno-antesignano-dellarmenia","status":"publish","type":"post","link":"https:\/\/www.jacoporanieri.com\/blog\/?p=39951","title":{"rendered":"L&#8217;ascesa e la caduta di Urartu, misterioso regno antesignano dell&#8217;Armenia"},"content":{"rendered":"<div class=\"wp-block-image\">\n<figure class=\"aligncenter size-large\"><a href=\"https:\/\/youtu.be\/C5aMVtqlekA?si=QIMHz6nsonymrmYF\" target=\"_blank\" rel=\"noreferrer noopener\"><img loading=\"lazy\" decoding=\"async\" width=\"500\" height=\"313\" src=\"https:\/\/www.jacoporanieri.com\/blog\/..\/public\/newmedia\/2024\/04\/Urartu-500x313.jpg\" alt=\"\" class=\"wp-image-39954\" srcset=\"https:\/\/www.jacoporanieri.com\/blog\/..\/public\/newmedia\/2024\/04\/Urartu-500x313.jpg 500w, https:\/\/www.jacoporanieri.com\/blog\/..\/public\/newmedia\/2024\/04\/Urartu-768x480.jpg 768w, https:\/\/www.jacoporanieri.com\/blog\/..\/public\/newmedia\/2024\/04\/Urartu-1536x960.jpg 1536w, https:\/\/www.jacoporanieri.com\/blog\/..\/public\/newmedia\/2024\/04\/Urartu.jpg 1728w\" sizes=\"auto, (max-width: 500px) 100vw, 500px\" \/><\/a><\/figure>\n<\/div>\n\n\n<p>\u00c8 importante tenere presente, quando ci si approccia allo studio della prima Et\u00e0 del Ferro, che le nozioni di cui disponiamo in merito a nazioni di una particolare area geografica \u00e8 principalmente la diretta conseguenza delle limitate testimonianze dimostratesi capaci di attraversare indenni il passaggio di quasi tre millenni. In tal senso grandi e organizzati popoli, le cui tecnologie e metodi di archiviazione impiegavano soltanto materiali deperibili, finiscono per venire accorpate o confuse con altre pi\u00f9 &#8220;importanti&#8221;. Il cui principale merito fu quello di lasciare ai posteri una chiara descrizione pratica delle loro gesta. Il caso di Urartu, un potente stato del Vicino Oriente che prosper\u00f2 per un periodo di due secoli nel vasto territorio dell&#8217;Altopiano Armeno, la singolare sovrapposizione di influenze culturali variegate ed un&#8217;organizzazione politica centralizzata lasci\u00f2 chiari segni grazie allo strumento delle epigrafi scritte su pietre monumentali, pareti delle fortezze e dei templi. Sempre utilizzando con una lingua originale, probabilmente di derivazione hurrita, il riconoscibile alfabeto cuneiforme pi\u00f9 comunemente associato ai vicini Assiri, che tuttavia possiamo desumere esser stati loro acerrimi nemici, pi\u00f9 volte combattuti o respinti in una serie interminabile di battaglie per il territorio. Ci\u00f2 che gli archeologi hanno dunque ricostruito con ragionevole certezza, tramite gli studi scientifici formalmente iniziati non prima del XIX secolo, \u00e8 che un re di nome Arame unific\u00f2 le trib\u00f9 disunite della suddetta regione nell&#8217;anno 858 a.C, durante il regno del potente Re Shalmaneser III dell&#8217;Assiria. I due sovrani, in seguito a quella che potrebbe essere stata interpretata dal secondo come una forma di rivolta, si combatterono aspramente fino alla cattura della capitale di Urartu, Arzashkun e la conseguente costruzione della pi\u00f9 inespugnabile citt\u00e0-fortezza di Tushpa, presso una collina a strapiombo sopra le acque limpide del lago di Van, che sarebbe rimasta il principale centro politico e amministrativo del regno per l&#8217;intero periodo degli anni a seguire. Molte teorie sono state elaborate, e strade tentate al fine d&#8217;indentificare l&#8217;origine di questo primo sovrano, comunque associato alla figura poetica di Ara il Bello, menzionato nel canone leggendario armeno come oggetto dell&#8217;amore irrazionale e sconfinato della regina Semiramide, la quale mosse guerra nei confronti del suo popolo per riportarlo prigioniero nei suoi palazzi. Soltanto per causarne accidentalmente la morte, prima che i sacerdoti urartiani riuscissero miracolosamente a riportarlo in vita nel villaggio di Lezk. L&#8217;esatta antichit\u00e0 o appropriatezza culturale di tale vicenda restano d&#8217;altronde prive di conferma, bench\u00e9 risulti possibile far avanzare il racconto di quell&#8217;epoca mediante le ulteriori iscrizioni ritrovate nei diversi insediamenti facenti parte dell&#8217;area d&#8217;influenza dei suoi successori. Da suo figlio Lutipri che regn\u00f2 fino all&#8217;834 a.C e passando per Sarduri I, ritenuto il fondatore di una seconda dinastia responsabile dell&#8217;espansione dei confini dalla zona di Aras fino ai margini della Mesopotamia meridionale e non lontano dalle coste del Mar Nero. Conseguendo numerose vittorie militari a discapito di popoli considerati per lunghissimo tempo tra i pi\u00f9 potenti del proprio contesto storico ed ambiente co\u00e9vo&#8230;<\/p>\n\n\n\n<!--more-->\n\n\n<div class=\"wp-block-image\">\n<figure class=\"aligncenter size-large\"><a href=\"https:\/\/youtu.be\/X7FKNrpzp2s?si=0dCnRtIab6as2t2_\" target=\"_blank\" rel=\"noreferrer noopener\"><img loading=\"lazy\" decoding=\"async\" width=\"500\" height=\"313\" src=\"https:\/\/www.jacoporanieri.com\/blog\/..\/public\/newmedia\/2024\/04\/Urartu-Architecture-500x313.jpg\" alt=\"\" class=\"wp-image-39952\" srcset=\"https:\/\/www.jacoporanieri.com\/blog\/..\/public\/newmedia\/2024\/04\/Urartu-Architecture-500x313.jpg 500w, https:\/\/www.jacoporanieri.com\/blog\/..\/public\/newmedia\/2024\/04\/Urartu-Architecture-768x480.jpg 768w, https:\/\/www.jacoporanieri.com\/blog\/..\/public\/newmedia\/2024\/04\/Urartu-Architecture-1536x960.jpg 1536w, https:\/\/www.jacoporanieri.com\/blog\/..\/public\/newmedia\/2024\/04\/Urartu-Architecture.jpg 1728w\" sizes=\"auto, (max-width: 500px) 100vw, 500px\" \/><\/a><\/figure>\n<\/div>\n\n\n<p>Per quanto concerne l&#8217;aspetto della cultura e societ\u00e0 di Urartu, possiamo affermare con certezza dunque che fu il figlio di Sarduri I, Ispuini (820-800) a introdurre ed accrescere la diffusione della religione del Dio supremo Haldi, feroce eroe alato spesso raffigurato con un piede che schiacciava la testa di un leone del tutto incapace di ribellarsi. Laddove il complesso e stratificato pantheon, probabilmente ereditato dalle differenti trib\u00f9 originariamente situate sul territorio, includeva anche altre figure dominanti quali Teiseba, signore ultraterreno delle tempeste e Siuini, personificazione dell&#8217;astro solare. Dal punto di vista politico, d&#8217;altronde, Urartu era nota per lasciare gli abitanti delle regioni sottomesse liberi di praticare le proprie attivit\u00e0 rituali e sociali, accontentandosi che essi riconoscessero l&#8217;autorit\u00e0 di una nutrita &#8220;famiglia reale&#8221;, capace di raggiungere anche i 300 membri, e pagassero i tributi necessari alla gestione di un gruppo d&#8217;insediamenti in grado di agire come un&#8217;entit\u00e0 politica coerente. Il che includeva con particolare rilevanza, a quei tempi, l&#8217;amministrazione dei terreni agricoli, che venivano considerati tutti appartenenti, per lo meno dal punto di vista nominale, al sovrano stesso. Gli urartiani seppero del resto dimostrarsi come abili e comprovati costruttori, non solo di alte mura cittadine ma anche dei sofisticati sistemi di irrigazione, niente meno che essenziali per la produzione di cibo nei territori aridi oggetto della loro presenza plurisecolare. Mentre dal punto di vista artistico, abbiamo ritrovato esempi di una valida arte figurativa, particolarmente nella realizzazione in bronzo di oggetti come fibbie o calderoni decorati, oltre a scudi ed altri implementi bellici impiegati durante le loro campagne. Un motivo ricorrente era quello del bue, animale presente in grandi quantit\u00e0 nelle stalle di Van col fine di specifico di venire frequentemente sacrificato agli Dei. <br>Ci\u00f2 che possiamo affermare di sapere grazie ai dati raccolti dai praticanti moderni e contemporanei dell&#8217;Urartologia, un campo di studi nato grazie al professore tedesco Friedrich Eduard Schulz nel 1827, che scopr\u00ec la prima epigrafe su di una stele in un passo montano prima di essere assassinato dai banditi curdi l&#8217;anno successivo, \u00e8 che l&#8217;Urartia raggiunse l&#8217;estensione massima della sua influenza durante il regno di Sarduri II (763 &#8211; 735 a.C.) prima d&#8217;iniziare a subire colpi per le invasioni ai margini dei popoli nomadi iranici Cimmeri, mentre gli Assiri avanzavano nuovamente per volere del loro nuovo Re, Sennacherib. Il declino sarebbe stato tuttavia lento ed avrebbe avuto una durata di oltre un secolo, finch\u00e9 al termine del periodo governato da Rusa IV (609\u2013590 a.C.) un&#8217;alleanza di Sciti e Medi avrebbero infine conquistato la capitale Van e la fortezza di Tushpa, distruggendo il centro di potere lungamente custodito dalle armate di Urartu. Il che avrebbe aperto la strada alla futura ascesa dell&#8217;identit\u00e0 del popolo Armeno, i cui lunghi conflitti con la Persia plasmarono in parte l&#8217;aspetto sociale e politico che sussiste ancora in quest&#8217;importante zona geografica di confine.<\/p>\n\n\n<div class=\"wp-block-image\">\n<figure class=\"aligncenter size-large is-resized\"><a href=\"https:\/\/youtu.be\/A3Sj46NJ3lg?si=UmEVIEi7iLffZrhL\" target=\"_blank\" rel=\"noreferrer noopener\"><img loading=\"lazy\" decoding=\"async\" width=\"500\" height=\"313\" src=\"https:\/\/www.jacoporanieri.com\/blog\/..\/public\/newmedia\/2024\/04\/Urartu-History-500x313.jpg\" alt=\"\" class=\"wp-image-39953\" style=\"width:500px;height:auto\" srcset=\"https:\/\/www.jacoporanieri.com\/blog\/..\/public\/newmedia\/2024\/04\/Urartu-History-500x313.jpg 500w, https:\/\/www.jacoporanieri.com\/blog\/..\/public\/newmedia\/2024\/04\/Urartu-History-768x480.jpg 768w, https:\/\/www.jacoporanieri.com\/blog\/..\/public\/newmedia\/2024\/04\/Urartu-History-1536x960.jpg 1536w, https:\/\/www.jacoporanieri.com\/blog\/..\/public\/newmedia\/2024\/04\/Urartu-History.jpg 1728w\" sizes=\"auto, (max-width: 500px) 100vw, 500px\" \/><\/a><\/figure>\n<\/div>\n\n\n<p>Urartu \u00e8 stata dunque, e rimane tutt&#8217;ora, una significativa anomalia. Un regno ragionevolmente potente e molto organizzato, capace di mantenere un&#8217;identit\u00e0 distinta nonostante i molti commerci e l&#8217;interscambio generazionale con l&#8217;Assiria, dotato di proprie leggende, credenze e sistemi sociali di cui abbiamo una conoscenza nozionistica pi\u00f9 che mai incompleta. Destinato a perire da una serie di circostanze avverse susseguitesi l&#8217;una dopo l&#8217;altra, cos\u00ec come avrebbe potuto capitare a innumerevoli altre civilt\u00e0 o imperi del Mondo Antico, di cui non ci \u00e8 rimasta alcuna traccia apprezzabile in assenza di un comparabile patrimonio di iscrizioni ed altre epigrafi resistite al tempo. Ma Urartu sarebbe stata menzionata, a suo modo, nel testo della Bibbia grazie all&#8217;assonanza pi\u00f9 che mai palese del nome del monte Ararat. E non c&#8217;\u00e8 un luogo che avrebbe potuto suscitare una curiosit\u00e0 maggiore, nell&#8217;approfondimento della storia guidato dagli sfuggenti teoremi del metodo scientifico agli albori, che scoprire il punto di rinascita dell&#8217;intero regno animale inclusa l&#8217;umanit\u00e0, al concludersi della maggiore catastrofe alluvionale di cui possediamo un&#8217;apprezzabile narrazione.<\/p>\n","protected":false},"excerpt":{"rendered":"<p>\u00c8 importante tenere presente, quando ci si approccia allo studio della prima Et\u00e0 del Ferro, che le nozioni di cui disponiamo in merito a nazioni di una particolare area geografica \u00e8 principalmente la diretta conseguenza delle limitate testimonianze dimostratesi capaci di attraversare indenni il passaggio di quasi tre millenni. In tal senso grandi e organizzati &#8230; <a title=\"L&#8217;ascesa e la caduta di Urartu, misterioso regno antesignano dell&#8217;Armenia\" class=\"read-more\" href=\"https:\/\/www.jacoporanieri.com\/blog\/?p=39951\" aria-label=\"Per saperne di pi\u00f9 su L&#8217;ascesa e la caduta di Urartu, misterioso regno antesignano dell&#8217;Armenia\">Leggi tutto<\/a><\/p>\n","protected":false},"author":2,"featured_media":0,"comment_status":"open","ping_status":"open","sticky":false,"template":"","format":"standard","meta":{"footnotes":""},"categories":[6],"tags":[1807,251,201,3184,7577,3057,3337,2453,330,2466,2414,3695,1908,5113,1920,2413,4717,768,3051,71,5975,5559,213,7579],"class_list":["post-39951","post","type-post","status-publish","format-standard","hentry","category-news","tag-antichita","tag-archeologia","tag-architettura","tag-armenia","tag-assiria","tag-capitali","tag-civilta","tag-conflitti","tag-costruzioni","tag-dei","tag-dinastie","tag-epigrafi","tag-fortezze","tag-levante","tag-paesi","tag-re","tag-regni","tag-societa","tag-sovrani","tag-storia","tag-storiografia","tag-territori","tag-turchia","tag-van"],"_links":{"self":[{"href":"https:\/\/www.jacoporanieri.com\/blog\/index.php?rest_route=\/wp\/v2\/posts\/39951","targetHints":{"allow":["GET"]}}],"collection":[{"href":"https:\/\/www.jacoporanieri.com\/blog\/index.php?rest_route=\/wp\/v2\/posts"}],"about":[{"href":"https:\/\/www.jacoporanieri.com\/blog\/index.php?rest_route=\/wp\/v2\/types\/post"}],"author":[{"embeddable":true,"href":"https:\/\/www.jacoporanieri.com\/blog\/index.php?rest_route=\/wp\/v2\/users\/2"}],"replies":[{"embeddable":true,"href":"https:\/\/www.jacoporanieri.com\/blog\/index.php?rest_route=%2Fwp%2Fv2%2Fcomments&post=39951"}],"version-history":[{"count":1,"href":"https:\/\/www.jacoporanieri.com\/blog\/index.php?rest_route=\/wp\/v2\/posts\/39951\/revisions"}],"predecessor-version":[{"id":39955,"href":"https:\/\/www.jacoporanieri.com\/blog\/index.php?rest_route=\/wp\/v2\/posts\/39951\/revisions\/39955"}],"wp:attachment":[{"href":"https:\/\/www.jacoporanieri.com\/blog\/index.php?rest_route=%2Fwp%2Fv2%2Fmedia&parent=39951"}],"wp:term":[{"taxonomy":"category","embeddable":true,"href":"https:\/\/www.jacoporanieri.com\/blog\/index.php?rest_route=%2Fwp%2Fv2%2Fcategories&post=39951"},{"taxonomy":"post_tag","embeddable":true,"href":"https:\/\/www.jacoporanieri.com\/blog\/index.php?rest_route=%2Fwp%2Fv2%2Ftags&post=39951"}],"curies":[{"name":"wp","href":"https:\/\/api.w.org\/{rel}","templated":true}]}}