{"id":39349,"date":"2023-12-28T06:23:51","date_gmt":"2023-12-28T05:23:51","guid":{"rendered":"https:\/\/www.jacoporanieri.com\/blog\/?p=39349"},"modified":"2023-12-28T06:23:56","modified_gmt":"2023-12-28T05:23:56","slug":"il-ramoso-e-velenoso-groviglio-della-cosa-vivente-piu-vecchia-deuropa","status":"publish","type":"post","link":"https:\/\/www.jacoporanieri.com\/blog\/?p=39349","title":{"rendered":"Il ramoso e velenoso groviglio della cosa vivente pi\u00f9 vecchia d&#8217;Europa"},"content":{"rendered":"<div class=\"wp-block-image\">\n<figure class=\"aligncenter size-large\"><a href=\"https:\/\/youtu.be\/9qdZyA4Em0k?si=ZE4TCVLgwUCIepkw\" target=\"_blank\" rel=\"noreferrer noopener\"><img loading=\"lazy\" decoding=\"async\" width=\"500\" height=\"313\" src=\"https:\/\/www.jacoporanieri.com\/blog\/..\/public\/newmedia\/2023\/12\/Fortingall-Yew-500x313.jpg\" alt=\"\" class=\"wp-image-39351\" srcset=\"https:\/\/www.jacoporanieri.com\/blog\/..\/public\/newmedia\/2023\/12\/Fortingall-Yew-500x313.jpg 500w, https:\/\/www.jacoporanieri.com\/blog\/..\/public\/newmedia\/2023\/12\/Fortingall-Yew-768x480.jpg 768w, https:\/\/www.jacoporanieri.com\/blog\/..\/public\/newmedia\/2023\/12\/Fortingall-Yew-1536x960.jpg 1536w, https:\/\/www.jacoporanieri.com\/blog\/..\/public\/newmedia\/2023\/12\/Fortingall-Yew.jpg 1728w\" sizes=\"auto, (max-width: 500px) 100vw, 500px\" \/><\/a><\/figure>\n<\/div>\n\n\n<p>Il glorioso assalto della cavalleria francese era, in genere, tutto ci\u00f2 che serviva per porre fine ad una battaglia. E non c&#8217;era una particolare ragione per pensare che quel giorno, ad Agincourt, le cose sarebbero andate diversamente. Tanto pi\u00f9 che l&#8217;armata di Enrico V d&#8217;Inghilterra, sviata con tattiche di guerriglia a Piccardia, si trovava ora in condizione di marcata inferiorit\u00e0 numerica, con circa 6.000 soldati contro 14-15.000 uomini armati di tutto punto. Ma era il 25 ottobre 1416 ed il paradigma stesso della guerra, in un singolo sanguinoso pomeriggio, stava per cambiare radicalmente. Cos\u00ec con la carica in un lungo corridoio tra i boschi, i fieri soldati al comando di Carlo I d&#8217;Albret dovettero rallentare aggirando la palizzata appuntita approntata dai difensori, mentre questi ultimi facevano piovere su di loro una letterale grandinata di frecce. Il che era del tutto previsto e non avrebbe dovuto costituire, nell&#8217;opinione dei comandanti francesi, alcun tipo di problema: in quell&#8217;epoca era in effetti risaputo che una freccia non poteva penetrare il tipo di armatura a piastre utilizzata dagli uomini d&#8217;arme in grado di permettersi anche un cavallo, che restando ferito ed imbizzarrendosi poteva costituire, piuttosto, il principale pericolo in questo tipo di circostanze. Tanto che, ormai da secoli, non era pi\u00f9 comune neanche dotarsi di alcun tipo di scudo. Ma le solide piastre metalliche ribattute su testa, petto ed arti quel giorno avrebbero potuto essere fatte di carta. E gli assaltatori morivano a destra e a manca, cos\u00ec come sarebbe successo, qualche ora dopo, alla fanteria pesante. Questo perch\u00e9 gli arcieri britannici, in buona parte popolani al comando di Thomas Erpingham, si erano lungamente addestrati nell&#8217;utilizzo di un particolare tipo di arco lungo. La cui caratteristica principale era quella di essere stato realizzato con il legno del <em>Taxus baccata<\/em> o in altri termini, l&#8217;albero maledetto del Mondo.<br>Tranquilla era la vita rurale nella campagna inglese e scandita da abitudini ripetitive. Gli abitanti dei villaggi coltivavano i campi, trascorrevano ore di svago in famiglia ed una volta alla settimana, si recavano a messa presso la chiesa della comunit\u00e0. Passando davanti al cimitero e prestando saluto, com&#8217;era l&#8217;usanza, al suo torreggiante guardiano, di cui ogni singola parte costituiva l&#8217;anticamera della fine. Non a caso questo tipo di arbusto fu sempre associato, nella cultura poetica e letteraria, al concetto implacabile della morte, fin da quando Cativolcus, il capo dei celti Eburoni, scelse di usarlo per suicidarsi prima di doversi arrendere e mettere al servizio dei Romani. Il tasso costituisce, in effetti, un veleno capace di agire sulla funzionalit\u00e0 cardiaca di umani ed animali in ogni sua singola parte, dalle radici alla corteccia, ai rami, alle foglie lanceolate quasi-aghiformi ed al seme particolarmente letale, pur essendo racchiuso nell&#8217;unica parte dolce e commestibile della pianta, il piccolo frutto rosso noto come l&#8217;arillo (bench\u00e9 gli uccelli possano comunque mangiarlo, a causa dei loro succhi gastrici troppo deboli da poter erodere l&#8217;abito esterno del suddetto seme). Inoltre il suo polline fortemente allergenico pu\u00f2 provocare difficolt\u00e0 respiratorie ed altri significativi malanni. Eppure nessun insediamento nel regno finalmente unito sotto una singola bandiera poteva, in quell&#8217;epoca, esimersi dal coltivarlo e molti altri alberi erano stati importati e trapiantati, per evidente necessit\u00e0 belliche, dall&#8217;Europa continentale. Questo perch\u00e9 il temibile e nodoso vegetale dell&#8217;altezza massima di 20 metri, ma un diametro del tronco capace di raggiungerne anche 4, poteva beneficiare di un legno dalle capacit\u00e0 straordinarie, flessibile ed elastico, pur risultando al tempo stesso dotato di resistenza eccellente. E continuava imperterrito a crescere, anche dopo che era stato tagliato a pezzi. La soluzione ideale, per la costruzione del temibile arco lungo inglese&#8230;<\/p>\n\n\n\n<!--more-->\n\n\n<div class=\"wp-block-image\">\n<figure class=\"aligncenter size-large\"><a href=\"https:\/\/youtu.be\/MR9XjR4sFY8?si=xnbvQkONPBii7n4y\" target=\"_blank\" rel=\"noreferrer noopener\"><img loading=\"lazy\" decoding=\"async\" width=\"500\" height=\"313\" src=\"https:\/\/www.jacoporanieri.com\/blog\/..\/public\/newmedia\/2023\/12\/Taxus-de-Bermiego-500x313.jpg\" alt=\"\" class=\"wp-image-39352\" srcset=\"https:\/\/www.jacoporanieri.com\/blog\/..\/public\/newmedia\/2023\/12\/Taxus-de-Bermiego-500x313.jpg 500w, https:\/\/www.jacoporanieri.com\/blog\/..\/public\/newmedia\/2023\/12\/Taxus-de-Bermiego-768x480.jpg 768w, https:\/\/www.jacoporanieri.com\/blog\/..\/public\/newmedia\/2023\/12\/Taxus-de-Bermiego-1536x960.jpg 1536w, https:\/\/www.jacoporanieri.com\/blog\/..\/public\/newmedia\/2023\/12\/Taxus-de-Bermiego.jpg 1728w\" sizes=\"auto, (max-width: 500px) 100vw, 500px\" \/><\/a><figcaption class=\"wp-element-caption\">Il tasso di Bermiego, nelle Asturie spagnole, \u00e8 un altro esempio di <em>T.<\/em> <em>bacchata<\/em> dalla longevit\u00e0 leggendaria, che si ritiene poter avere fino a 2.000 anni. Anche lo storico Paolo Orosio (380-420) menzione come i Cantabri assediati fossero soliti utilizzarne le fronde per suicidarsi, poco prima di soccombere al nemico.<\/figcaption><\/figure>\n<\/div>\n\n\n<p>Talmente difficile risultava effettivamente uccidere un albero di tasso che ce n&#8217;erano alcuni che, nell&#8217;opinione della gente comune, erano semplicemente esistiti da sempre. Precedenti alla costruzione di ciascun insediamento e i relativi luoghi di culto, effettivamente edificati come recinti sacri pensati al fine di proteggere la pianta dalle persone, e viceversa. Non costituisce certo un caso, in effetti, se la runa proto-germanica <em>eihwaz<\/em>, tracciata come un singolo tratto verticale con due uncini in opposizione alle rispettive estremit\u00e0 contrapposte, veniva associata al tempo al <em>Taxus baccata<\/em> e ad Yggradsil, la leggendaria colonna vivente incaricata di costituire la spina dorsale dei tre Regni: umano, dei giganti e asgardiano. Ma quanto erano antiche, esattamente, queste sacre presenze dai molteplici rami intrecciati tra loro? Di cui l&#8217;esempio forse pi\u00f9 celebre, contenuto all&#8217;interno del terreno consacrato di Fortingall nel Pertshire, si diceva risalisse all&#8217;epoca di Ponzio Pilato, il quale si sarebbe riposato sotto le sue fronde un giorno durante il servizio militare svolto nell&#8217;antica Britannia. &#8220;5.000 anni&#8221; afferma la leggenda, il che costituisce ad ogni modo per lo pi\u00f9 un&#8217;ipotesi, poich\u00e9 non \u00e8 assolutamente semplice datare il tasso, in funzione delle sue modalit\u00e0 di crescita tutt&#8217;altro che usuali. Generalmente incline ad allargarsi orizzontalmente oltre che verso l&#8217;alto, la pianta tende dunque a dividersi gi\u00e0 dall&#8217;altezza del suolo, circondandosi di una serie di diramazioni simili a tronchi periferici, connessi alle stesse radici ma del tutto indipendenti. Non \u00e8 quindi insolito che, come successo per l&#8217;appunto a Fortingall in un imprecisato momento passato, il legno centrale si secchi e muoia, lasciando quello che potrebbe sembrare un cerchio di alberelli pi\u00f9 piccoli, in realt\u00e0 tutti aspetti geneticamente indistinguibili della stessa pianta. Per quanto la dendrocronologia moderna sia riuscita d&#8217;altra parte a determinare, non \u00e8 d&#8217;altronde raro per il <em>T. bacchata<\/em> raggiungere i 7-800 anni di et\u00e0, con esemplari eccezionali capaci di raddoppiare o triplicare una simile aspettativa di vita. Dando luogo al tipo di catalogo, affine a quello delle sequoie statunitensi, utile a determinare un elenco delle presenze legnose capaci di osservare silenziosamente il volgere delle epoche della storia umana. Con altri esempi, forse altrettanto antichi, rintracciabili presso la chiesa di St. Cynog a Defynnog, Brecknockshire, o Crowhurst nel Surrey. Ed ancora a Bowthorpe (Lincolnshire) o nella foresta reale di Savernake nel Wiltshire. Con una menzione particolare degna di essere riservata al tasso di Florence Court in Irlanda, un albero risalente almeno al 1767 i cui semi furono trovati sulla montagna di Cuilcagh, con la caratteristica unica di essere fastigiato, ovvero dotato di una forma che tende ad estendere i propri rami verticalmente in direzione del cielo. Caratteristica decorativa tenuta in cos\u00ec alta considerazione da ritrovarsi diffuso, nei secoli successivi, in mezza Europa attraverso il metodo della propagazione, essendo questi una femmina di cui la pianta maschio non avrebbe mai avuto l&#8217;opportunit\u00e0 di rientrare in alcun catalogo a noi noto.<\/p>\n\n\n<div class=\"wp-block-image\">\n<figure class=\"aligncenter size-large\"><a href=\"https:\/\/youtu.be\/MPhaB7C_yHo?si=UXecT-qkhN51zbpd\" target=\"_blank\" rel=\"noreferrer noopener\"><img loading=\"lazy\" decoding=\"async\" width=\"500\" height=\"313\" src=\"https:\/\/www.jacoporanieri.com\/blog\/..\/public\/newmedia\/2023\/12\/Florence-Irish-Yew-500x313.jpg\" alt=\"\" class=\"wp-image-39350\" srcset=\"https:\/\/www.jacoporanieri.com\/blog\/..\/public\/newmedia\/2023\/12\/Florence-Irish-Yew-500x313.jpg 500w, https:\/\/www.jacoporanieri.com\/blog\/..\/public\/newmedia\/2023\/12\/Florence-Irish-Yew-768x480.jpg 768w, https:\/\/www.jacoporanieri.com\/blog\/..\/public\/newmedia\/2023\/12\/Florence-Irish-Yew-1536x960.jpg 1536w, https:\/\/www.jacoporanieri.com\/blog\/..\/public\/newmedia\/2023\/12\/Florence-Irish-Yew.jpg 1728w\" sizes=\"auto, (max-width: 500px) 100vw, 500px\" \/><\/a><figcaption class=\"wp-element-caption\">Il tasso di Florence Court, pur non essendo antico come alcuni dei suoi simili egualmente celebri, presenta il merito di una forma esteriore particolarmente distintiva. Ed \u00e8 sorprendente pensare come, in oltre tre secoli, non ne sia mai stato trovato spontaneamente l&#8217;uguale.<\/figcaption><\/figure>\n<\/div>\n\n\n<p>Neppure la leggendaria immortalit\u00e0 del tasso, di suo conto, sarebbe risultata capace di garantirne la sopravvivenza di fronte all&#8217;insostenibile sfruttamento operato dall&#8217;uomo. Cos\u00ec troviamo menzione, gi\u00e0 nel 1423, di come il re di Polonia Enrico X di Slesia aveva promulgato un divieto all&#8217;esportazione di quel tipo di legno verso l&#8217;Inghilterra, al fine di preservare la produzione di archi lunghi locali. I quali tendevano a richiedere, per funzionare adeguatamente, una porzione all&#8217;interno del durame o &#8220;cuore del legno&#8221; la cui raccolta difficilmente poteva essere ripetuta frequentemente a costo della vita dell&#8217;intera pianta. Una situazione simile a quella vissuta all&#8217;inizio degli anni 2000 dall&#8217;albero strettamente imparentato del <em>T. brevifolia<\/em> o tasso del Pacifico, individuato come fonte ideale della sostanza medicinale <em>paclitaxel<\/em>, impiegata nella cura di alcune tipologie di cancro al seno e ai polmoni. La cui raccolta avrebbe richiesto, per un certo numero di anni, lo scortecciamento sistematico e conseguente uccisione degli alberi adulti, almeno finch\u00e9 un processo sintetico sarebbe stato introdotto riuscendo piuttosto a sublimarne le foglie. Il che potrebbe aver costituito, in ultima analisi, l&#8217;ultima opportunit\u00e0 di salvare quella particolare specie. Cos\u00ec come l&#8217;introduzione delle balestre in acciaio ed in seguito, la polvere da sparo avrebbe permesso ai tassi europei di sopravvivere. Dimostrando come non tutto il progresso bellico, dal punto di vista della natura, venga necessariamente per nuocere. Anche senza menzionare come l&#8217;uccisione reciproca di essere umani riduca, esponenzialmente, la sovrappopolazione del pianeta Terra.<\/p>\n","protected":false},"excerpt":{"rendered":"<p>Il glorioso assalto della cavalleria francese era, in genere, tutto ci\u00f2 che serviva per porre fine ad una battaglia. E non c&#8217;era una particolare ragione per pensare che quel giorno, ad Agincourt, le cose sarebbero andate diversamente. Tanto pi\u00f9 che l&#8217;armata di Enrico V d&#8217;Inghilterra, sviata con tattiche di guerriglia a Piccardia, si trovava ora &#8230; <a title=\"Il ramoso e velenoso groviglio della cosa vivente pi\u00f9 vecchia d&#8217;Europa\" class=\"read-more\" href=\"https:\/\/www.jacoporanieri.com\/blog\/?p=39349\" aria-label=\"Per saperne di pi\u00f9 su Il ramoso e velenoso groviglio della cosa vivente pi\u00f9 vecchia d&#8217;Europa\">Leggi tutto<\/a><\/p>\n","protected":false},"author":2,"featured_media":0,"comment_status":"open","ping_status":"open","sticky":false,"template":"","format":"standard","meta":{"footnotes":""},"categories":[6],"tags":[451,228,2082,1464,300,845,1867,2948,5818,1281,236,132,1381,4561,667,109,889,190,1548,2346,71,4652,2821,615,842],"class_list":["post-39349","post","type-post","status-publish","format-standard","hentry","category-news","tag-alberi","tag-ambiente","tag-arbusti","tag-archi","tag-armi","tag-battaglie","tag-chiese","tag-cimiteri","tag-conifere","tag-conservazione","tag-europa","tag-inghilterra","tag-leggende","tag-longevita","tag-materiali","tag-natura","tag-pericolo","tag-piante","tag-radici","tag-sostanze","tag-storia","tag-tasso","tag-tronchi","tag-vegetali","tag-veleni"],"_links":{"self":[{"href":"https:\/\/www.jacoporanieri.com\/blog\/index.php?rest_route=\/wp\/v2\/posts\/39349","targetHints":{"allow":["GET"]}}],"collection":[{"href":"https:\/\/www.jacoporanieri.com\/blog\/index.php?rest_route=\/wp\/v2\/posts"}],"about":[{"href":"https:\/\/www.jacoporanieri.com\/blog\/index.php?rest_route=\/wp\/v2\/types\/post"}],"author":[{"embeddable":true,"href":"https:\/\/www.jacoporanieri.com\/blog\/index.php?rest_route=\/wp\/v2\/users\/2"}],"replies":[{"embeddable":true,"href":"https:\/\/www.jacoporanieri.com\/blog\/index.php?rest_route=%2Fwp%2Fv2%2Fcomments&post=39349"}],"version-history":[{"count":1,"href":"https:\/\/www.jacoporanieri.com\/blog\/index.php?rest_route=\/wp\/v2\/posts\/39349\/revisions"}],"predecessor-version":[{"id":39353,"href":"https:\/\/www.jacoporanieri.com\/blog\/index.php?rest_route=\/wp\/v2\/posts\/39349\/revisions\/39353"}],"wp:attachment":[{"href":"https:\/\/www.jacoporanieri.com\/blog\/index.php?rest_route=%2Fwp%2Fv2%2Fmedia&parent=39349"}],"wp:term":[{"taxonomy":"category","embeddable":true,"href":"https:\/\/www.jacoporanieri.com\/blog\/index.php?rest_route=%2Fwp%2Fv2%2Fcategories&post=39349"},{"taxonomy":"post_tag","embeddable":true,"href":"https:\/\/www.jacoporanieri.com\/blog\/index.php?rest_route=%2Fwp%2Fv2%2Ftags&post=39349"}],"curies":[{"name":"wp","href":"https:\/\/api.w.org\/{rel}","templated":true}]}}