{"id":38321,"date":"2023-07-10T06:12:34","date_gmt":"2023-07-10T04:12:34","guid":{"rendered":"https:\/\/www.jacoporanieri.com\/blog\/?p=38321"},"modified":"2023-07-10T06:12:38","modified_gmt":"2023-07-10T04:12:38","slug":"i-cerchi-dentro-lalbero-che-custodisce-la-storia-climatica-dei-continenti","status":"publish","type":"post","link":"https:\/\/www.jacoporanieri.com\/blog\/?p=38321","title":{"rendered":"I cerchi dentro l&#8217;albero che custodisce la storia climatica dei continenti"},"content":{"rendered":"<div class=\"wp-block-image\">\n<figure class=\"aligncenter size-large\"><a href=\"https:\/\/www.jacoporanieri.com\/blog\/..\/public\/newmedia\/2023\/07\/Snow-Gum-scaled.jpg\" target=\"_blank\" rel=\"noreferrer noopener\"><img loading=\"lazy\" decoding=\"async\" width=\"500\" height=\"667\" src=\"https:\/\/www.jacoporanieri.com\/blog\/..\/public\/newmedia\/2023\/07\/Snow-Gum-500x667.jpg\" alt=\"\" class=\"wp-image-38325\" srcset=\"https:\/\/www.jacoporanieri.com\/blog\/..\/public\/newmedia\/2023\/07\/Snow-Gum-500x667.jpg 500w, https:\/\/www.jacoporanieri.com\/blog\/..\/public\/newmedia\/2023\/07\/Snow-Gum-768x1024.jpg 768w, https:\/\/www.jacoporanieri.com\/blog\/..\/public\/newmedia\/2023\/07\/Snow-Gum-1152x1536.jpg 1152w, https:\/\/www.jacoporanieri.com\/blog\/..\/public\/newmedia\/2023\/07\/Snow-Gum-1536x2048.jpg 1536w, https:\/\/www.jacoporanieri.com\/blog\/..\/public\/newmedia\/2023\/07\/Snow-Gum-scaled.jpg 1920w\" sizes=\"auto, (max-width: 500px) 100vw, 500px\" \/><\/a><\/figure>\n<\/div>\n\n\n<p>Nel tormentato autunno della sua esistenza, il botanico cecoslovacco Franz Sieber guard\u00f2 verso un pubblico importante ma decisamente scettico ed alquanto disinteressato. &#8220;Aveva pochi fiori, vi dico. POCHI fiori.&#8221; Con gli occhi socchiusi per la luce obliqua che entrava dalla finestra, Napoleone si tolse il cappello e fece una smorfia. &#8220;Quando l&#8217;armata non ascolta gli ordini, l&#8217;unica risposta \u00e8 fare ammenda nei confronti dei genitori!&#8221; Un verso con la gola ed un sussulto, seguito dal rumore di qualcuno che batteva le mani una, due volte: &#8220;No, no, basta. Occorre aprire il piccolo passaggio verso il tempio delle vestali. Sono io, Giulio Cesare che lo afferma!&#8221; Aristotele, in un angolo della grande sala, scosse la testa. Mentre Carl von Clausewitz e Alessandro Magno annuirono con veemenza. &#8220;Se lui lo afferma, io gli credo.&#8221; Disse il grande condottiero macedone. &#8220;Nella foresta delle circostanze, vige la regola del pi\u00f9 forte. E lui ha sciolto, ha sciolto il nodo con l&#8217;intento indagatorio di un dioscuro impertinente!&#8221; Fu allora che un ramo dei pini nel cortile del manicomio, fatto muovere dal vento, si appoggi\u00f2 lieve sullo stipite della finestra. &#8220;\u00c8&#8230; \u00c8 lui. Ascoltatemi, amici miei. Guerrieri, generali, politicanti! Giunge al nostro cospetto, tremebondo ma magnifico, l&#8217;imponente <em>Eucalyptus pauciflora<\/em>. Non ha molto da dire, ma le sue foglie pallide conoscono soltanto la verit\u00e0. Per poterne trarre beneficio, occorrer\u00e0 TAGLIARE fino al nocciolo della questione&#8230;&#8221;<br>Vissuto appena 55 anni, il ricercatore entrato in conflitto con le autorit\u00e0 boheme dopo essersi convinto di aver scoperto una cura per la rabbia, impresa per la quale pretendeva di essere pagato profumatamente divent\u00f2 progressivamente pi\u00f9 aggressivo e nervoso, fino al ricovero coatto che avrebbe segnato il termine della sua carriera. Sieber il naturalista, lo studioso, il collezionista di piante ebbe, tuttavia, se non altro una vita interessante e costellata di scoperte scientifiche, in Europa, Africa, Medioriente. Nonch\u00e9 ovviamente, l&#8217;Australia. Dove salendo in cime alle catene montuose nella parte meridionale del continente, si ritrov\u00f2 al cospetto di uno svettante arbusto alto fino a un massimo di 30 metri, lucido e policromo soprattutto al primo sorgere del sole, ancora umido per l&#8217;aria notturna, che sembrava sfidare le sue cognizioni botaniche date precedentemente per acquisite. Com&#8217;era possibile che una variet\u00e0 di Eucalyptus, pianta notoriamente affine ai climi caldi e gli ambienti di pianura, potesse non soltanto sopravvivere ma crescere alta e forte in luoghi dove la neve cadeva una pluralit\u00e0 di volte ogni anno, tra il sibilo di venti che non sembravano poter placare la loro furia? Non ci volle molto, tuttavia, perch\u00e9 egli comprendesse la relativa applicabilit\u00e0 del preconcetto nozionistico figlio di un punto di vista incompleto. Pur finendo per commettere, notoriamente, un errore. Tra i campioni da lui raccolti e riportati in Europa per la catalogazione, infatti, soltanto una minima parte sembravano esser caratterizzati dalla presenza di boccioli o le tipiche infiorescenze bianche e circolari di questo arbusto. Che decise quindi di chiamare, in lingua latina, <em>pauciflora<\/em> o &#8220;dai pochi fiori&#8221;. Laddove non c&#8217;\u00e8 nulla, ad oggi, di maggiormente iconico e caratteristico delle montagne degli stati del Nuovo Galles del Sud e di Victoria che le intere cascate odorose prodotti da questi alberi, ben presto destinate a trasformarsi negli irsuti frutti simili a ghiande convesse tipici di questa specie dalle molte varianti. Il cui segreto maggiormente rappresentativo, d&#8217;altra parte, si nascondeva ben al di sotto di quella corteccia variopinta&#8230;<\/p>\n\n\n\n<!--more-->\n\n\n<div class=\"wp-block-image\">\n<figure class=\"aligncenter size-large\"><a href=\"https:\/\/youtu.be\/c6r-nthxWMw\" target=\"_blank\" rel=\"noreferrer noopener\"><img loading=\"lazy\" decoding=\"async\" width=\"500\" height=\"313\" src=\"https:\/\/www.jacoporanieri.com\/blog\/..\/public\/newmedia\/2023\/07\/Snow-Gum-Video-500x313.jpg\" alt=\"\" class=\"wp-image-38324\" srcset=\"https:\/\/www.jacoporanieri.com\/blog\/..\/public\/newmedia\/2023\/07\/Snow-Gum-Video-500x313.jpg 500w, https:\/\/www.jacoporanieri.com\/blog\/..\/public\/newmedia\/2023\/07\/Snow-Gum-Video-768x480.jpg 768w, https:\/\/www.jacoporanieri.com\/blog\/..\/public\/newmedia\/2023\/07\/Snow-Gum-Video-1536x960.jpg 1536w, https:\/\/www.jacoporanieri.com\/blog\/..\/public\/newmedia\/2023\/07\/Snow-Gum-Video.jpg 1728w\" sizes=\"auto, (max-width: 500px) 100vw, 500px\" \/><\/a><figcaption class=\"wp-element-caption\">Non sempre straordinariamente variopinto come in alcune delle sue foto pi\u00f9 celebri, l&#8217;eucalipto delle nevi vanta nondimeno un aspetto vissuto e sofferente, che accresce notevolmente il suo fascino caratteristico. Anche viene fatto crescere in pianura.<\/figcaption><\/figure>\n<\/div>\n\n\n<p>Le foto ed inquadrature di quello che nel frattempo \u00e8 stato ribattezzato molto pi\u00f9 prosaicamente come &#8220;[albero di] gomma delle nevi&#8221; o <em>snowgum<\/em>, in funzione della sua resina semi-densa ed appiccicosa, compare spesso nell&#8217;opera dei fotografi e i divulgatori online, in funzione della propria morfologia notevolmente interessante. Contorto e sinuoso quasi come si trattasse di un bonsai, in funzione dei forti venti che battono frequentemente queste alture, mentre si dirama con la forma gergalmente detta di un <em>mallee<\/em> dal lignotubero centrale sepolto sotto lo strato di ghiaccio ed il terreno, una caratteristica comune agli eucalipti di pianura che la impiegano al fine di rinascere al concludersi dei frequenti incendi australiani. Laddove il tipico pericolo affrontato da questi cugini delle alture, piuttosto, risulta essere l&#8217;insorgenza d&#8217;inverni particolarmente rigidi, combattuta mediante le sue foglie spesse e resistenti, il cambio sotto la corteccia con capacit\u00e0 d&#8217;isolamento termico e le radici abbastanza profonde da trovare fonti alternative di nutrimento. Non senza, tuttavia, che le difficolt\u00e0 del clima finiscano per riflettersi almeno parzialmente nel rateo della sua crescita, rallentandola o rendendola meno efficiente fino al trascorrere del giusto numero di mesi. Ed \u00e8 qui che entra in gioco, in epoca contemporanea, l&#8217;ingegno dell&#8217;uomo. Vi sono diversi studi scientifici, tra cui i pi\u00f9 recenti sono quelli di Rumpff, Cutler <em>et al.<\/em> (2007); e Brookhouse, Lindesay, Brack (2008) dedicati all&#8217;opportunit\u00e0 di tagliare, o sottoporre a studio i tronchi caduti naturalmente di <em>Eucalyptus pauciflora<\/em>, ricercando nel succedersi dei loro cerchi lo storico dei periodi di crescita rapida o rallentata di ciascun arbusto. Il che, considerando che stiamo parlando di creature in grado di vivere svariate centinaia di anni, rappresenta l&#8217;opportunit\u00e0 di conoscere ed offrire una prova dell&#8217;effettiva durata e rigidit\u00e0 di un pletora di pregressi inverni. E se soltanto determinate linee di ragionamento fossero basate sul pensiero logico, piuttosto che gli assunti ereditati, non ci vorrebbe molto a questo punto per comprendere la verit\u00e0 che ne deriva. Ovvero la fondamentale, incontrovertibile occorrenza di un processo di mutamento. La deriva climatica, se vogliamo, capace di portare all&#8217;annichilimento di risorse delle quali abbiamo sempre potuto disporre. Tra cui un ecosistema solido, stabile, biodiverso.<br>Fuori dal suo ambiente d&#8217;origine australiano, dunque, l&#8217;Eucalyptus delle nevi \u00e8 stato sottoposto a prove pratiche per il suo impiego come ornamento urbano e dei giardini. In funzione della capacit\u00e0 di adattamento che si \u00e8 dimostrata, in pi\u00f9 occasioni, valida a garantirne la sopravvivenza anche negli ambienti potenzialmente rigidi dell&#8217;emisfero settentrionale. &#8220;Consigliato per i parchi, le aiuole in zone commerciali, le riserve ambientali.&#8221; Afferma un manuale della capitale nazionale Canberra, dove l&#8217;ubiquit\u00e0 di tali arbusti passa in secondo piano unicamente lungo le strade cittadine, a causa della necessit\u00e0 di grandi quantit\u00e0 di terra dove infiggere le proprie radici. E qui mai, nessuno, potrebbe dubitare del notevole volume e riconoscibile aroma di quei candidi fiori.<\/p>\n\n\n<div class=\"wp-block-image\">\n<figure class=\"aligncenter size-large\"><a href=\"https:\/\/www.jacoporanieri.com\/blog\/..\/public\/newmedia\/2023\/07\/Snow-Gum-2.jpg\" target=\"_blank\" rel=\"noreferrer noopener\"><img loading=\"lazy\" decoding=\"async\" width=\"500\" height=\"400\" src=\"https:\/\/www.jacoporanieri.com\/blog\/..\/public\/newmedia\/2023\/07\/Snow-Gum-2-500x400.jpg\" alt=\"\" class=\"wp-image-38323\" srcset=\"https:\/\/www.jacoporanieri.com\/blog\/..\/public\/newmedia\/2023\/07\/Snow-Gum-2-500x400.jpg 500w, https:\/\/www.jacoporanieri.com\/blog\/..\/public\/newmedia\/2023\/07\/Snow-Gum-2-768x614.jpg 768w, https:\/\/www.jacoporanieri.com\/blog\/..\/public\/newmedia\/2023\/07\/Snow-Gum-2.jpg 1345w\" sizes=\"auto, (max-width: 500px) 100vw, 500px\" \/><\/a><figcaption class=\"wp-element-caption\">Alcune inquadrature dell&#8217;arbusto sono alla base di stampe artistiche dal valore comprensibilmente elevato, degne di costituire il punto focale di qualsiasi ambiente. Questa fotografia scattata presso il parco naturale di Kosciuszko, ad esempio, pu\u00f2 essere acquistata <a href=\"https:\/\/www.scottleggo.com\/products\/curves-snow-gums-kosciuszko-national-park-wall-art?variant=39987128336438\" target=\"_blank\" rel=\"noreferrer noopener\">sul portale Scott Leggo<\/a>.<\/figcaption><\/figure>\n<\/div>\n\n\n<p>Non \u00e8 sempre facile, in conclusione, rintracciare una definizione tassonomica appropriata per determinati rappresentanti del mondo vegetale, in funzione della ciclicit\u00e0 stagionale dei processi che ne condizionano i fenotipi esteriori e maggiormente evidenti. Caratteristiche non solo trasversali, che sono valse attraverso gli anni all&#8217;identificazione di ben sei diverse sottospecie dell&#8217;<em>E. pauciflora<\/em>, per cui \u00e8 stato mantenuto l&#8217;originale binomio latino al fine di semplificarne la disquisizione all&#8217;interno delle antologie rilevanti. Ciascuna egualmente protesa, di suo conto, al fine di contestualizzarne gli evidenti meriti, ancor prima di quelli sepolti in profondit\u00e0. Forse perch\u00e9 a nessuno piace l&#8217;idea di sezionare, facendolo a pezzi, il tronco di un esemplare di albero pi\u00f9 antico dei nostri progenitori. Per ottenere il dubbio privilegio, cionondimeno dolorosamente umile, di volgere il pensiero all&#8217;incombente distruzione entropica di un pianeta in grado di sostenere, a tutti gli effetti, la vita. Ma quando i venti aridi batteranno i continenti emersi, quando le riserve chimiche saranno ormai sfumate in modo pressoch\u00e9 totale, un ultimo tronco stolido far\u00e0 il possibile per continuare stolido la sua esistenza d&#8217;alta quota. Soltanto per poterci dire, al sopraggiungere di quel drammatico minuto: &#8220;Te l&#8217;avevamo detto, Sieber. E tu l&#8217;hai ripetuto. E tu l&#8217;hai ripetuto a chi di dovere&#8230;&#8221;<\/p>\n\n\n<div class=\"wp-block-image\">\n<figure class=\"aligncenter size-large\"><a href=\"https:\/\/youtu.be\/-Vfg4GieRTc\" target=\"_blank\" rel=\"noreferrer noopener\"><img loading=\"lazy\" decoding=\"async\" width=\"500\" height=\"313\" src=\"https:\/\/www.jacoporanieri.com\/blog\/..\/public\/newmedia\/2023\/07\/Dendrochronology-intro-500x313.jpg\" alt=\"\" class=\"wp-image-38322\" srcset=\"https:\/\/www.jacoporanieri.com\/blog\/..\/public\/newmedia\/2023\/07\/Dendrochronology-intro-500x313.jpg 500w, https:\/\/www.jacoporanieri.com\/blog\/..\/public\/newmedia\/2023\/07\/Dendrochronology-intro-768x480.jpg 768w, https:\/\/www.jacoporanieri.com\/blog\/..\/public\/newmedia\/2023\/07\/Dendrochronology-intro-1536x960.jpg 1536w, https:\/\/www.jacoporanieri.com\/blog\/..\/public\/newmedia\/2023\/07\/Dendrochronology-intro.jpg 1728w\" sizes=\"auto, (max-width: 500px) 100vw, 500px\" \/><\/a><figcaption class=\"wp-element-caption\">La dendrocronologia \u00e8 la scienza che consiste nella datazione dei cerchi dei tronchi. In particolari frangenti, tuttavia, essa offre anche valide informazioni di contesto in merito all&#8217;ambiente di epoche lungamente trascorse.<\/figcaption><\/figure>\n<\/div>","protected":false},"excerpt":{"rendered":"<p>Nel tormentato autunno della sua esistenza, il botanico cecoslovacco Franz Sieber guard\u00f2 verso un pubblico importante ma decisamente scettico ed alquanto disinteressato. &#8220;Aveva pochi fiori, vi dico. POCHI fiori.&#8221; Con gli occhi socchiusi per la luce obliqua che entrava dalla finestra, Napoleone si tolse il cappello e fece una smorfia. &#8220;Quando l&#8217;armata non ascolta gli &#8230; <a title=\"I cerchi dentro l&#8217;albero che custodisce la storia climatica dei continenti\" class=\"read-more\" href=\"https:\/\/www.jacoporanieri.com\/blog\/?p=38321\" aria-label=\"Per saperne di pi\u00f9 su I cerchi dentro l&#8217;albero che custodisce la storia climatica dei continenti\">Leggi tutto<\/a><\/p>\n","protected":false},"author":2,"featured_media":0,"comment_status":"open","ping_status":"open","sticky":false,"template":"","format":"standard","meta":{"footnotes":""},"categories":[6],"tags":[451,228,315,1826,312,1536,7200,465,301,109,468,2785,1719,1002,190,1374,405,71,2189,4858],"class_list":["post-38321","post","type-post","status-publish","format-standard","hentry","category-news","tag-alberi","tag-ambiente","tag-australia","tag-botanica","tag-clima","tag-dal-mondo","tag-dendrocronologia","tag-foreste","tag-montagne","tag-natura","tag-neve","tag-nuovo-galles-del-sud","tag-oceania","tag-personaggi","tag-piante","tag-ricerche","tag-scienze","tag-storia","tag-studi","tag-victoria"],"_links":{"self":[{"href":"https:\/\/www.jacoporanieri.com\/blog\/index.php?rest_route=\/wp\/v2\/posts\/38321","targetHints":{"allow":["GET"]}}],"collection":[{"href":"https:\/\/www.jacoporanieri.com\/blog\/index.php?rest_route=\/wp\/v2\/posts"}],"about":[{"href":"https:\/\/www.jacoporanieri.com\/blog\/index.php?rest_route=\/wp\/v2\/types\/post"}],"author":[{"embeddable":true,"href":"https:\/\/www.jacoporanieri.com\/blog\/index.php?rest_route=\/wp\/v2\/users\/2"}],"replies":[{"embeddable":true,"href":"https:\/\/www.jacoporanieri.com\/blog\/index.php?rest_route=%2Fwp%2Fv2%2Fcomments&post=38321"}],"version-history":[{"count":1,"href":"https:\/\/www.jacoporanieri.com\/blog\/index.php?rest_route=\/wp\/v2\/posts\/38321\/revisions"}],"predecessor-version":[{"id":38326,"href":"https:\/\/www.jacoporanieri.com\/blog\/index.php?rest_route=\/wp\/v2\/posts\/38321\/revisions\/38326"}],"wp:attachment":[{"href":"https:\/\/www.jacoporanieri.com\/blog\/index.php?rest_route=%2Fwp%2Fv2%2Fmedia&parent=38321"}],"wp:term":[{"taxonomy":"category","embeddable":true,"href":"https:\/\/www.jacoporanieri.com\/blog\/index.php?rest_route=%2Fwp%2Fv2%2Fcategories&post=38321"},{"taxonomy":"post_tag","embeddable":true,"href":"https:\/\/www.jacoporanieri.com\/blog\/index.php?rest_route=%2Fwp%2Fv2%2Ftags&post=38321"}],"curies":[{"name":"wp","href":"https:\/\/api.w.org\/{rel}","templated":true}]}}