{"id":38075,"date":"2023-06-03T06:12:51","date_gmt":"2023-06-03T04:12:51","guid":{"rendered":"https:\/\/www.jacoporanieri.com\/blog\/?p=38075"},"modified":"2023-06-03T06:12:55","modified_gmt":"2023-06-03T04:12:55","slug":"toro-rosso-questa-non-e-unesercitazione-portate-qui-le-bibite-e-le-ali","status":"publish","type":"post","link":"https:\/\/www.jacoporanieri.com\/blog\/?p=38075","title":{"rendered":"Toro rosso, questa non \u00e8 un&#8217;esercitazione! Portate qui le bibite. E le ali?"},"content":{"rendered":"<div class=\"wp-block-image\">\n<figure class=\"aligncenter size-large\"><a href=\"https:\/\/youtu.be\/9hHEKqGmwqk\" target=\"_blank\" rel=\"noreferrer noopener\"><img loading=\"lazy\" decoding=\"async\" width=\"500\" height=\"313\" src=\"https:\/\/www.jacoporanieri.com\/blog\/..\/public\/newmedia\/2023\/06\/Red-Water-Buffalo-HCM-City-500x313.jpg\" alt=\"\" class=\"wp-image-38077\" srcset=\"https:\/\/www.jacoporanieri.com\/blog\/..\/public\/newmedia\/2023\/06\/Red-Water-Buffalo-HCM-City-500x313.jpg 500w, https:\/\/www.jacoporanieri.com\/blog\/..\/public\/newmedia\/2023\/06\/Red-Water-Buffalo-HCM-City-768x480.jpg 768w, https:\/\/www.jacoporanieri.com\/blog\/..\/public\/newmedia\/2023\/06\/Red-Water-Buffalo-HCM-City-1536x960.jpg 1536w, https:\/\/www.jacoporanieri.com\/blog\/..\/public\/newmedia\/2023\/06\/Red-Water-Buffalo-HCM-City.jpg 1728w\" sizes=\"auto, (max-width: 500px) 100vw, 500px\" \/><\/a><\/figure>\n<\/div>\n\n\n<p>Per centinaia, migliaia di anni essi hanno atteso in mezzo ai &#8220;semplici&#8221; bovini. Silenziosi agnelli, attenti a ogni dettaglio e indistinguibili dai loro fratelli e sorelle. Ma determinate condizioni o allineamenti astrali, nei momenti cardine delle alterne vicende, la loro unicit\u00e0 \u00e8 venuta in superficie, inconfondibile, cromaticamente singolare. Le corna lunate che disegnano un profilo tra la gente. Splendenti d&#8217;energia riflessa, sotto un sole che non pu\u00f2 comprendere il costrutto artificiale della piet\u00e0. Vi siete mai chiesti perch\u00e9 tra tutti i modelli animaleschi disponibili, il Diavolo sia stato tradizionalmente rappresentato con la coppia di protrusioni craniche tipiche di un maschio d&#8217;artiodattilo? E a voler dare un pi\u00f9 specifico ambito d&#8217;appartenenza, proprio l&#8217;animale che diventa cibo sulle tavole di plurime nazioni terrestri! Creatura ragionevolmente rassegnata al proprio ultimo destino. E molto spesso, caratterizzata da un contegno ragionevolmente mansueto. Ma se il rapporto tra bestie sovrannaturali ed uomini si \u00e8 sempre ragionevolmente configurato attraverso il culto delle immagini, non \u00e8 davvero semplice ignorare&#8230; Quell&#8217;aspetto. Di colui che qui vediamo comparire all&#8217;improvviso, gi\u00f9 dal retro di un rimorchio agricolo. Per dare un senso alla parola: luminosit\u00e0.<br>Cos\u00ec ha circolato, negli ultimi tempi, una crescente serie di commenti in merito al breve spezzone trasformato in gif, come di consueto privo di contesto, di una simile creatura tra i cerchi concentrici dei social network, hub memetico-sociali e gli altri &#8220;soliti posti&#8221; del mondo di Internet. Cui pu\u00f2 dare un certo grado di soddisfazione, sulle nostre vecchie pagine, attribuire un nome e un luogo: Cu Chi (Cicogna) ed HCM (Ho Chi Min City). Sotto l&#8217;egida ed il marchio dell&#8217;allevatore Dang Van Ghen, riconoscibile dal suo inseparabile cappello Panama marrone. Ausilio d&#8217;altra parte utile perch\u00e9, contrariamente a quanto si potrebbe tendere a pensare, di animali come questi ce ne sono vari esempi. Dislocati in vari luoghi del Sud Est Asiatico, dove di volta in volta vengono chiamati &#8220;un miracolo della Natura&#8221; o &#8220;casi di uno su svariati (?) milioni di esemplari&#8221;. Poich\u00e9 siamo qui al cospetto, ed \u00e8 senz&#8217;altro produttivo sottolinearlo, non di un maschio qualsiasi di mucca bens\u00ec il tipico rappresentante della specie <em>Bubalus bubalis<\/em>, anche detto bufalo d&#8217;acqua per la sua affinit\u00e0 ed adattamenti evolutivi al pantano. Nel presente caso connotato da una qualche tipo di anomalia genetica, probabilmente sufficiente a renderlo leucistico seppur non propriamente albino. Anche perch\u00e9 in tal caso, il colore degli occhi avrebbe dovuto tendere a un vermiglio decisamente pi\u00f9 intenso. Ma perch\u00e9, allora, il nostro amico non si presenta semplicemente in bianco, sotto la sua fine peluria? La risposta, a quanto pare, pu\u00f2 soltanto provenire dal suo possessore&#8230;<\/p>\n\n\n\n<!--more-->\n\n\n<div class=\"wp-block-image\">\n<figure class=\"aligncenter size-large\"><a href=\"https:\/\/youtu.be\/tNYlqVfmSlM\" target=\"_blank\" rel=\"noreferrer noopener\"><img loading=\"lazy\" decoding=\"async\" width=\"500\" height=\"313\" src=\"https:\/\/www.jacoporanieri.com\/blog\/..\/public\/newmedia\/2023\/06\/Red-Water-Buffalo-Terengganu-500x313.jpg\" alt=\"\" class=\"wp-image-38078\" srcset=\"https:\/\/www.jacoporanieri.com\/blog\/..\/public\/newmedia\/2023\/06\/Red-Water-Buffalo-Terengganu-500x313.jpg 500w, https:\/\/www.jacoporanieri.com\/blog\/..\/public\/newmedia\/2023\/06\/Red-Water-Buffalo-Terengganu-768x480.jpg 768w, https:\/\/www.jacoporanieri.com\/blog\/..\/public\/newmedia\/2023\/06\/Red-Water-Buffalo-Terengganu-1536x960.jpg 1536w, https:\/\/www.jacoporanieri.com\/blog\/..\/public\/newmedia\/2023\/06\/Red-Water-Buffalo-Terengganu.jpg 1728w\" sizes=\"auto, (max-width: 500px) 100vw, 500px\" \/><\/a><figcaption class=\"wp-element-caption\">Dotato di corna meno gigantesche rispetto a quelle possedute da  Cu Chi, l&#8217;esemplare malese di nome Mickey appare nondimeno popolare nel suo specifico territorio d&#8217;appartenenza. Tanto che il proprietario narra di aver pi\u00f9 volte rifiutato di venderlo, nonostante offerte molto superiori al prezzo pagato.<\/figcaption><\/figure>\n<\/div>\n\n\n<p>Dang Van Ghen, che racconta di aver acquistato il bufalo nel 2001 dalla Thailandia al prezzo 12 milioni di dong vietnamiti (poco pi\u00f9 di 360 euro) racconta di come normalmente la creatura si presenti come caratterizzata da un comune color crema. Almeno finch\u00e9 dopo essersi trovato sotto il sole per qualche decina di minuti, inizia ad assumere la sua caratterizzante tonalit\u00e0 rosacea. Bench\u00e9 si possa d&#8217;altro canto presumere, sulla fiducia, che non ci\u00f2 non sia la dolorosa risultanza di un&#8217;ustione, dal comportamento assolutamente tranquillo dell&#8217;animale. La storia, in altri casi, \u00e8 ancora pi\u00f9 complessa. Un altro famoso bufalo &#8220;rosso&#8221; proveniente questa volta dalla regione malese del Terengganu, di propriet\u00e0 del quarantacinquenne Yusof Mohamad si \u00e8 presentato a quanto pare come meramente bianco per almeno la prima decade della sua esistenza. Finch\u00e9 d&#8217;un tratto, in risposta a sollecitazioni ambientali di natura totalmente incerta, non ha iniziato a mutare permanentemente la sua colorazione. Occasione giudicata degna, nel suo caso, d&#8217;iniziare a documentare sotto l&#8217;occhio delle telecamere l&#8217;ottimo rapporto con la figlia di 15 anni Nadia Khairun Nisa Yusof, destinata a diventare ben presto celebre nel suo paese assieme al toro Mickey e con l&#8217;appellativo di Buffalo Girl. D&#8217;altra parte non \u00e8 forse questa, la nuova legge del mondo moderno, per cui il possesso di una creatura fuori dal comune pu\u00f2 costituire un passaporto senza condizioni verso la celebrit\u00e0? C&#8217;\u00e8 persino il termine di categoria, preso in prestito dal mondo ludico dei Pok\u00e9mon di concezione giapponese: &#8220;<em>Shiny<\/em>&#8221; ovvero &#8220;splendente&#8221;, proprio perch\u00e9 di un colore che permette di distinguerlo dalla sua omogenea linea di discendenza. Una caratteristica, quest&#8217;ultima, comune a molte culture anche geograficamente distanti, vedi il ruolo biblico e semi-leggendario della perduta razza di mucche Heifer Rosse, le cui ceneri dovevano servire a purificare i membri delle trib\u00f9 prima che potessero entrare nel Tempio di Gerusalemme. Oggi ricercate in gran segreto da particolari gruppi intenti a ricrearle geneticamente, con la finalit\u00e0 di accelerare determinate profezie sulla fine del mondo&#8230; Ma questa \u00e8 come si usa dire, tutt&#8217;altro tipo di storia e che sostanzialmente esula dall&#8217;iconografia del logotipo a noi maggiormente affine, di una bibita di Salisburgo, la quale ormai da tempo \u00e8 entrata a far parte delle cognizioni post-globalizzate nell&#8217;odierno mercato delle lattine d&#8217;alluminio. Un gusto e una presenza tipica, in maniera ragionevolmente prevedibile, all&#8217;interno dei negozi appartenenti a un vasto novero di provenienze culturale distinte.<\/p>\n\n\n<div class=\"wp-block-image\">\n<figure class=\"aligncenter size-large\"><a href=\"https:\/\/youtu.be\/7BjYnYjsM_Y\" target=\"_blank\" rel=\"noreferrer noopener\"><img loading=\"lazy\" decoding=\"async\" width=\"500\" height=\"313\" src=\"https:\/\/www.jacoporanieri.com\/blog\/..\/public\/newmedia\/2023\/06\/Albino-Carabao-500x313.jpg\" alt=\"\" class=\"wp-image-38076\" srcset=\"https:\/\/www.jacoporanieri.com\/blog\/..\/public\/newmedia\/2023\/06\/Albino-Carabao-500x313.jpg 500w, https:\/\/www.jacoporanieri.com\/blog\/..\/public\/newmedia\/2023\/06\/Albino-Carabao-768x480.jpg 768w, https:\/\/www.jacoporanieri.com\/blog\/..\/public\/newmedia\/2023\/06\/Albino-Carabao-1536x960.jpg 1536w, https:\/\/www.jacoporanieri.com\/blog\/..\/public\/newmedia\/2023\/06\/Albino-Carabao.jpg 1728w\" sizes=\"auto, (max-width: 500px) 100vw, 500px\" \/><\/a><figcaption class=\"wp-element-caption\">Questo bufalo d&#8217;acqua delle Filippine, formalmente appartenente alla gen\u00eca addomesticata dei carabao, presenta chiari segni di leucismo. E chi pu\u00f2 dire se, in futuro, potr\u00e0 sviluppare la stessa tonalit\u00e0 tendente al rosso dei suoi cugini continentali&#8230;<\/figcaption><\/figure>\n<\/div>\n\n\n<p>Biologicamente parlando, un toro come questi \u00e8 il possibile esponente di due variet\u00e0 di distinte gi\u00e0 nell&#8217;India da cui provenivano, il bufalo di palude o quello fluviale. Ciascuna dotata di un codice genetico sufficientemente distinto, da risultare non soltanto diversa nel comportamento, ma del tutto incapace di generare ibridi con l&#8217;altra, anche se infecondi. Il che ha favorito, nel trascorrere delle epoche, la separazione di specifiche variet\u00e0 locali, tra cui quella a noi pi\u00f9 affine resta senz&#8217;altro il cosiddetto bufalo mediterraneo, secondo la teoria pi\u00f9 accreditata giunto fino in Italia durante l&#8217;epoca dei Longobardi, per il tramite di commerci con popolazioni del contesto mediorientale. Un bovino dalla carne pregevole ed un latte con caratteristiche fisicochimiche distinte da quello delle altre mucche domestiche, per questo mantenuto in alta considerazione nel suo specifico settore di commercializzazione. Anche in assenza di opportunit\u00e0 per sfruttare la sua qualit\u00e0 di &#8220;trattore della risaia&#8221; grazie agli ampi zoccoli che gli impediscono notoriamente di affondare.<br>Che il toro &#8220;rosso&#8221; (a dire il vero pi\u00f9 vicino al rosa antico) possa costituire a tal proposito un possibile anatema o idolo di perdizione, analogamente all&#8217;idolo degli Israeliti menzionato nel Libro dell&#8217;Esodo, non \u00e8 necessariamente rilevante nella doverosa attualizzazione della sua esistenza. Null&#8217;altro che l&#8217;ennesima meraviglia, in un mondo di sentieri per l&#8217;accesso digitale alla precipua essenza della realt\u00e0. Dove l&#8217;abito non potr\u00e0 fare il monaco. Ma il colore&#8230;<\/p>\n","protected":false},"excerpt":{"rendered":"<p>Per centinaia, migliaia di anni essi hanno atteso in mezzo ai &#8220;semplici&#8221; bovini. Silenziosi agnelli, attenti a ogni dettaglio e indistinguibili dai loro fratelli e sorelle. Ma determinate condizioni o allineamenti astrali, nei momenti cardine delle alterne vicende, la loro unicit\u00e0 \u00e8 venuta in superficie, inconfondibile, cromaticamente singolare. Le corna lunate che disegnano un profilo &#8230; <a title=\"Toro rosso, questa non \u00e8 un&#8217;esercitazione! Portate qui le bibite. E le ali?\" class=\"read-more\" href=\"https:\/\/www.jacoporanieri.com\/blog\/?p=38075\" aria-label=\"Per saperne di pi\u00f9 su Toro rosso, questa non \u00e8 un&#8217;esercitazione! Portate qui le bibite. E le ali?\">Leggi tutto<\/a><\/p>\n","protected":false},"author":2,"featured_media":0,"comment_status":"open","ping_status":"open","sticky":false,"template":"","format":"standard","meta":{"footnotes":""},"categories":[6],"tags":[1441,125,2363,6534,240,2110,4422,7137,1422,2312,1536,346,1328,218,520,155,596,4603,89,962,7136,287,129],"class_list":["post-38075","post","type-post","status-publish","format-standard","hentry","category-news","tag-allevamento","tag-animali","tag-anomalie","tag-artiodattili","tag-asia","tag-bovini","tag-bufali","tag-carabao","tag-colori","tag-creature","tag-dal-mondo","tag-filippine","tag-genetica","tag-internet","tag-malesia","tag-meme","tag-mucche","tag-rosso","tag-strano","tag-tori","tag-varianti","tag-vietnam","tag-viral"],"_links":{"self":[{"href":"https:\/\/www.jacoporanieri.com\/blog\/index.php?rest_route=\/wp\/v2\/posts\/38075","targetHints":{"allow":["GET"]}}],"collection":[{"href":"https:\/\/www.jacoporanieri.com\/blog\/index.php?rest_route=\/wp\/v2\/posts"}],"about":[{"href":"https:\/\/www.jacoporanieri.com\/blog\/index.php?rest_route=\/wp\/v2\/types\/post"}],"author":[{"embeddable":true,"href":"https:\/\/www.jacoporanieri.com\/blog\/index.php?rest_route=\/wp\/v2\/users\/2"}],"replies":[{"embeddable":true,"href":"https:\/\/www.jacoporanieri.com\/blog\/index.php?rest_route=%2Fwp%2Fv2%2Fcomments&post=38075"}],"version-history":[{"count":1,"href":"https:\/\/www.jacoporanieri.com\/blog\/index.php?rest_route=\/wp\/v2\/posts\/38075\/revisions"}],"predecessor-version":[{"id":38079,"href":"https:\/\/www.jacoporanieri.com\/blog\/index.php?rest_route=\/wp\/v2\/posts\/38075\/revisions\/38079"}],"wp:attachment":[{"href":"https:\/\/www.jacoporanieri.com\/blog\/index.php?rest_route=%2Fwp%2Fv2%2Fmedia&parent=38075"}],"wp:term":[{"taxonomy":"category","embeddable":true,"href":"https:\/\/www.jacoporanieri.com\/blog\/index.php?rest_route=%2Fwp%2Fv2%2Fcategories&post=38075"},{"taxonomy":"post_tag","embeddable":true,"href":"https:\/\/www.jacoporanieri.com\/blog\/index.php?rest_route=%2Fwp%2Fv2%2Ftags&post=38075"}],"curies":[{"name":"wp","href":"https:\/\/api.w.org\/{rel}","templated":true}]}}