{"id":38016,"date":"2023-05-24T06:19:35","date_gmt":"2023-05-24T04:19:35","guid":{"rendered":"https:\/\/www.jacoporanieri.com\/blog\/?p=38016"},"modified":"2023-05-24T06:19:39","modified_gmt":"2023-05-24T04:19:39","slug":"loblungo-pinolo-che-vorrebbe-rendere-accessibile-il-volo-intercontinentale-privato","status":"publish","type":"post","link":"https:\/\/www.jacoporanieri.com\/blog\/?p=38016","title":{"rendered":"L&#8217;oblungo pinolo che vorrebbe rendere accessibile il volo intercontinentale privato"},"content":{"rendered":"<div class=\"wp-block-image\">\n<figure class=\"aligncenter size-large\"><a href=\"https:\/\/youtu.be\/E38cc-4TvX8\" target=\"_blank\" rel=\"noreferrer noopener\"><img loading=\"lazy\" decoding=\"async\" width=\"500\" height=\"313\" src=\"https:\/\/www.jacoporanieri.com\/blog\/..\/public\/newmedia\/2023\/05\/Celera-500L-500x313.jpg\" alt=\"\" class=\"wp-image-38019\" srcset=\"https:\/\/www.jacoporanieri.com\/blog\/..\/public\/newmedia\/2023\/05\/Celera-500L-500x313.jpg 500w, https:\/\/www.jacoporanieri.com\/blog\/..\/public\/newmedia\/2023\/05\/Celera-500L-768x480.jpg 768w, https:\/\/www.jacoporanieri.com\/blog\/..\/public\/newmedia\/2023\/05\/Celera-500L-1536x960.jpg 1536w, https:\/\/www.jacoporanieri.com\/blog\/..\/public\/newmedia\/2023\/05\/Celera-500L.jpg 1728w\" sizes=\"auto, (max-width: 500px) 100vw, 500px\" \/><\/a><\/figure>\n<\/div>\n\n\n<p>L&#8217;esigenza di raggiungere rapidamente un luogo, nell&#8217;odierna scala dei meriti economici e sociali, ha generato nel corso degli anni un aumento esponenziale della quantit\u00e0 di emissioni a carico di un&#8217;atmosfera gi\u00e0 gravata da un degrado progressivo delle proprie condizioni eminenti. Per cui una persona che guida per un paio d&#8217;ore ogni giorno lavorativo inquina il doppio di chi svolge una mansione prossima al proprio domicilio domestico, e lo stesso tipo di peggioramento pu\u00f2 trovare il su riscontro a carico di un dirigente che ricorra all&#8217;elicottero una o due volte alla settimana. E che dire invece di coloro i quali, per particolari esigenze della propria qualifica professionale, si trovano a spostarsi ripetutamente da un lato all&#8217;altro del globo, dovendo fare affidamento su velivoli di dimensioni compatte per se stessi e il proprio seguito di rappresentanza? Bill Otto, ex-ingegnere della North American Aviation, incaricato cinquant&#8217;anni fa di creare tra le altre cose sistemi di guida e navigazione per diversi missili, un siluro per sottomarini e il bombardiere del &#8217;79 A-5 Vigilante, stava per diventare al termine della prima decade del XXI secolo una di queste persone. In forza di una rinnovata carriera come perito d&#8217;incidenti aeronautici, tale da portarlo a chiedersi se fosse veramente opportuno continuare a spendere le cifre significative necessarie per trovarsi (praticamente) ovunque senza nessun tipo di preavviso, con singole trasferte capaci di richiedere l&#8217;impiego di voli di linea, segu\u00ecti da charter verso destinazioni remote, a loro volta prolungati trasferimenti a mezzo strada con ulteriore complicazione logistica dell&#8217;intera faccenda. Da qui l&#8217;idea di valutare l&#8217;acquisto di un piccolo jet privato, e da qui la constatazione di come un simile mezzo di trasporto tendesse ad essere costoso, inefficiente e problematico sotto numerosi aspetti. Siamo nel 2008 perci\u00f2 quando Bill Otto, sfruttando i contatti ottenuti nel corso della sua lunga esperienza nel settore tecnologico, fonda una startup dotata del suo nome con l&#8217;intento di &#8220;rivoluzionare l&#8217;aviazione&#8221; mediante &#8220;l&#8217;incremento esponenziale dell&#8217;efficienza.&#8221; Promessa senz&#8217;altro ambiziosa da parte di qualcuno che non aveva mai progettato un aereo prima di quel momento, ancorch\u00e9 basata su una premessa alquanto difficile da sopravvalutare: l&#8217;ottenimento di uno dei pi\u00f9 leggendari Santi Graal dell&#8217;aviazione, il flusso laminare puro. Per consentire il fluido passaggio dell&#8217;aria oltre le ali e la fusoliera di un aeromobile, senza dar luogo ad alcun tipo di turbolenza. Finalit\u00e0 del tutto perseguibile in maniera teorica. Ma che si \u00e8 da sempre dimostrata molto difficile da realizzare. Da qui l&#8217;aspetto e le caratteristiche senz&#8217;altro insolite dell&#8217;Otto Celera 500L, come egli avrebbe presto battezzato la sua innovativa creazione. Un apparecchio dalla forma che \u00e8 stata paragonata nel corso degli ultimi anni ad un ovoide allungato, una mandorla, ma anche una supposta ed il gi\u00e0 citato siluro per impiego navale. Termine di riferimento, quest&#8217;ultimo, indubbiamente pi\u00f9 appropriato, vista la dichiarata applicazione di taluni principi della fisica dinamica (applicabili sia in acqua che nell&#8217;aria) originariamente sviluppati dall&#8217;ideatore nel corso dei suoi trascorsi in ambito militare. Ecco dunque emergere dall&#8217;hangar, con un prototipo costruito a cominciare dal 2005, la forma inconfondibile costruita interamente in materiali compositi, proprio al fine di prevenire alcun tipo di deformazione o vibrazione della struttura durante il volo, una premessa imprescindibile per l&#8217;ottenimento dell&#8217;obiettivo finale. Ed una quasi totale assenza di finestrini sopra le tre ruote del carrello in grado di sparire completamente all&#8217;interno della carlinga, verso l&#8217;ottenimento di una superficie totalmente priva di alcun tipo d&#8217;irregolarit\u00e0. Per sollevarsi, agevolmente, nell&#8217;Olimpo degli aerei dai pi\u00f9 bassi consumi in proporzione alle prestazioni&#8230;<\/p>\n\n\n\n<!--more-->\n\n\n<div class=\"wp-block-image\">\n<figure class=\"aligncenter size-large\"><a href=\"https:\/\/youtu.be\/w6Noa4iYmuA\" target=\"_blank\" rel=\"noreferrer noopener\"><img loading=\"lazy\" decoding=\"async\" width=\"500\" height=\"313\" src=\"https:\/\/www.jacoporanieri.com\/blog\/..\/public\/newmedia\/2023\/05\/Celera-500L-Project-500x313.jpg\" alt=\"\" class=\"wp-image-38018\" srcset=\"https:\/\/www.jacoporanieri.com\/blog\/..\/public\/newmedia\/2023\/05\/Celera-500L-Project-500x313.jpg 500w, https:\/\/www.jacoporanieri.com\/blog\/..\/public\/newmedia\/2023\/05\/Celera-500L-Project-768x480.jpg 768w, https:\/\/www.jacoporanieri.com\/blog\/..\/public\/newmedia\/2023\/05\/Celera-500L-Project-1536x960.jpg 1536w, https:\/\/www.jacoporanieri.com\/blog\/..\/public\/newmedia\/2023\/05\/Celera-500L-Project.jpg 1728w\" sizes=\"auto, (max-width: 500px) 100vw, 500px\" \/><\/a><figcaption class=\"wp-element-caption\">L&#8217;assenza di finestrini nel prototipo, tra l&#8217;altro presenti nell&#8217;originale brevetto di Otto, potrebbe far pensare ad una cabina di volo dalle condizioni spartane. Laddove la forma bombata dell&#8217;aereo, in effetti, permette quanto meno di creare un habitat ragionevolmente lussuoso.<\/figcaption><\/figure>\n<\/div>\n\n\n<p>Il concetto alla base del Celera 500L risulta essere dunque paragonabile a quello di un aereo spia dell&#8217;epoca della guerra fredda, per la maniera in cui dovr\u00e0 idealmente, dopo la sua introduzione prevista entro l&#8217;anno 2025, raggiungere la quota 40\/50.000 piedi (fino a 15 chilometri) librandosi con le sue ali piccole ed arretrate, dotate di vistose alette d&#8217;estremit\u00e0 ed un gigantesco impennaggio di coda, ulteriormente stabilizzato da una seconda pinna perpendicolare al suolo. Il tutto nell&#8217;ottica del mantenere il pi\u00f9 possibile un punto di passaggio ininterrotto per la resistenza dell&#8217;aria, indisturbata da qualsiasi  elemento di contesto, incluso il motore: un singolo V-12 a quattro tempi diesel RED A03, utilizzato per far muovere l&#8217;elica spingente a cinque pale situata nella parte pi\u00f9 arretrata possibile dell&#8217;aereo. Al punto, in effetti, da complicarne non poco l&#8217;atterraggio e richiedere un addestramento speciale per i piloti, bench\u00e9 massimizzando ulteriormente la probabilit\u00e0 di mantenere un numero di Reynolds al di sotto del 2.000, corrispondente all&#8217;ottenimento del risultato aerodinamico cruciale. Tanto importante, in effetti, da permettere all&#8217;impianto di soli 550 cavalli di spingere il velivolo da peso probabile di circa 3 o 4 tonnellate fino a 740 Km\/h, velocit\u00e0 del tutto paragonabile a quella di un piccolo bimotore a reazione come il Cessna Citation o un Falcon della Dassault. Ma con un consumo di kerosene, ed \u00e8 proprio questo il fattore cruciale, pari a 30 miglia per gallone, ovvero meno della met\u00e0 di tali alternative di riferimento. Stiamo parlando in altri termini di un&#8217;efficienza a parit\u00e0 di tempo del tutto paragonabile a quella di un grosso SUV, simile a quelli che circolano quotidianamente per le strade delle nostre citt\u00e0. Ed un costo per ora di volo a carico dei sei passeggeri previsti, inclusivo di manutenzione e spese accessorie, non molto superiore a quello del biglietto per un jet di linea a fronte di un&#8217;autonomia paragonabile o persino superiore: stiamo parlando, per essere chiari, degli 8.300 Km sufficienti a collegare Roma a Pechino.<br>Questo, almeno, in base alle caratteristiche e prerogative dichiarate dalla Otto Aviation. Che nel corso dei lunghi anni dalla prima presentazione del progetto, inevitabilmente, hanno sollevato  pi\u00f9 di qualche scetticismo nel settore dell&#8217;industria specializzata. Il flusso laminare puro \u00e8 d&#8217;altra parte assai difficile da mantenere, proprio perch\u00e9 tende a compromettere le capacit\u00e0 di maneggevolezza e stabilit\u00e0 degli aeromobili. Oltre a richiedere superfici straordinariamente lisce e prive di detriti, al punto che taluni alianti (comunque molto pi\u00f9 piccoli del Celera) prevedono ad oggi l&#8217;utilizzo di pseudo-tergicristalli per rimuovere gli insetti morti dalla parte anteriore delle loro ali. Un altro aspetto preoccupante, certamente meritevole di essere menzionato, \u00e8 il rischio inerente di far volare un monomotore a quote tanto elevate, laddove la perdita di pressurizzazione dell&#8217;abitacolo potrebbe avere conseguenze irrimediabili per l&#8217;equipaggio ed i passeggeri. Senza nessun tipo di grado di ridondanza e soltanto pochi attimi, letteralmente una manciata di secondi, per poter indossare la maschera d&#8217;ossigeno prima di perdere del tutto i sensi. Altri, nel frattempo, hanno fatto notare quanto terribilmente difficile potrebbe risultare far toccare terra ad un tale velivolo senza incidenti per un pilota normale, non soltanto per l&#8217;elica posizionata tanto indietro ma anche a causa della mancanza di visibilit\u00e0 verso il basso, forse la peggiore dai tempi dello Space Shuttle.<\/p>\n\n\n<div class=\"wp-block-image\">\n<figure class=\"aligncenter size-large\"><a href=\"https:\/\/youtu.be\/wjo5qsxpV3Q\" target=\"_blank\" rel=\"noreferrer noopener\"><img loading=\"lazy\" decoding=\"async\" width=\"500\" height=\"313\" src=\"https:\/\/www.jacoporanieri.com\/blog\/..\/public\/newmedia\/2023\/05\/Celera-500L-Development-500x313.jpg\" alt=\"\" class=\"wp-image-38017\" srcset=\"https:\/\/www.jacoporanieri.com\/blog\/..\/public\/newmedia\/2023\/05\/Celera-500L-Development-500x313.jpg 500w, https:\/\/www.jacoporanieri.com\/blog\/..\/public\/newmedia\/2023\/05\/Celera-500L-Development-768x480.jpg 768w, https:\/\/www.jacoporanieri.com\/blog\/..\/public\/newmedia\/2023\/05\/Celera-500L-Development-1536x960.jpg 1536w, https:\/\/www.jacoporanieri.com\/blog\/..\/public\/newmedia\/2023\/05\/Celera-500L-Development.jpg 1728w\" sizes=\"auto, (max-width: 500px) 100vw, 500px\" \/><\/a><figcaption class=\"wp-element-caption\">La diffusione sul mercato di aerei privati dalla concezione futuribile si \u00e8 sempre rivelata complessa, soprattutto per la comprovata inadeguatezza di simili apparecchi nel mantenimento delle ambiziose promesse di partenza (vedi, ad esempio, il caso del Beechcraft Starship del 1983-95). Ma se i progettisti aeronautici mancassero di ambizione, saremmo mai riusciti a staccarci da terra?<\/figcaption><\/figure>\n<\/div>\n\n\n<p>Eppure nonostante i detrattori, lungi dall&#8217;essere un mero sogno della pipa, il primo prototipo del Celera 500L \u00e8 andato incontro al suo completamento nel gennaio del 2018, per iniziare un programma di test nel 2020 che lo avrebbe portato ad effettuare appena 31 voli prima dell&#8217;inizio della pandemia da Covid-19. Avendo a questo punto gi\u00e0 raccolto circa 50 milioni di dollari di fondi, la startup texana da appena una trentina di dipendenti di Bill Otto avrebbe quindi iniziato ad adattare la propria offerta alla ritrovata coscienza ecologica del mondo contemporaneo, ipotizzando future versioni a biodiesel o idrogeno del suo avveniristico aeroplano. Il perfezionamento del volo elettrico, d&#8217;altra parte, risulta essere ancora agli albori risultando inoltre condizionato da un&#8217;irrisolvibile problematica in materia d&#8217;efficienza: la maniera in cui le batterie mantengono sempre lo stesso peso dal decollo all&#8217;atterraggio, invece di consumarsi nella maniera propedeutica di qualsivoglia alternativa rifornita tramite l&#8217;approccio contestuale di un&#8217;autopompa. Strumento di cui gli aeroporti, molto probabilmente, non potranno fare a meno tanto presto. Offrendo una ragione ulteriore per cui far stare in aria tanti piccoli aerei con il minimo sforzo possibile, piuttosto che una quantit\u00e0 pi\u00f9 limitata di giganti letteralmente assetati di carburante, potrebbe offrire un sentiero alternativo verso la conservazione delle attuali condizioni terrestri. O quanto meno un rallentamento nell&#8217;inesorabile scivolata verso il baratro incandescente, di cui ormai molti di noi sembrerebbero aver acquisito la percezione latente.<\/p>\n","protected":false},"excerpt":{"rendered":"<p>L&#8217;esigenza di raggiungere rapidamente un luogo, nell&#8217;odierna scala dei meriti economici e sociali, ha generato nel corso degli anni un aumento esponenziale della quantit\u00e0 di emissioni a carico di un&#8217;atmosfera gi\u00e0 gravata da un degrado progressivo delle proprie condizioni eminenti. Per cui una persona che guida per un paio d&#8217;ore ogni giorno lavorativo inquina il &#8230; <a title=\"L&#8217;oblungo pinolo che vorrebbe rendere accessibile il volo intercontinentale privato\" class=\"read-more\" href=\"https:\/\/www.jacoporanieri.com\/blog\/?p=38016\" aria-label=\"Per saperne di pi\u00f9 su L&#8217;oblungo pinolo che vorrebbe rendere accessibile il volo intercontinentale privato\">Leggi tutto<\/a><\/p>\n","protected":false},"author":2,"featured_media":0,"comment_status":"open","ping_status":"open","sticky":false,"template":"","format":"standard","meta":{"footnotes":""},"categories":[6],"tags":[478,1636,1416,2408,183,1637,2025,91,4642,766,167,2300,3143,137,822,1088,3125,147,97,925],"class_list":["post-38016","post","type-post","status-publish","format-standard","hentry","category-news","tag-aerei","tag-aerodinamica","tag-ali","tag-atterraggio","tag-aviazione","tag-decollo","tag-diesel","tag-fisica","tag-flusso","tag-futuro","tag-ingegneria","tag-innovazione","tag-inventori","tag-motori","tag-progetti","tag-prototipi","tag-startup","tag-stati-uniti","tag-tecnologia","tag-texas"],"_links":{"self":[{"href":"https:\/\/www.jacoporanieri.com\/blog\/index.php?rest_route=\/wp\/v2\/posts\/38016","targetHints":{"allow":["GET"]}}],"collection":[{"href":"https:\/\/www.jacoporanieri.com\/blog\/index.php?rest_route=\/wp\/v2\/posts"}],"about":[{"href":"https:\/\/www.jacoporanieri.com\/blog\/index.php?rest_route=\/wp\/v2\/types\/post"}],"author":[{"embeddable":true,"href":"https:\/\/www.jacoporanieri.com\/blog\/index.php?rest_route=\/wp\/v2\/users\/2"}],"replies":[{"embeddable":true,"href":"https:\/\/www.jacoporanieri.com\/blog\/index.php?rest_route=%2Fwp%2Fv2%2Fcomments&post=38016"}],"version-history":[{"count":2,"href":"https:\/\/www.jacoporanieri.com\/blog\/index.php?rest_route=\/wp\/v2\/posts\/38016\/revisions"}],"predecessor-version":[{"id":38021,"href":"https:\/\/www.jacoporanieri.com\/blog\/index.php?rest_route=\/wp\/v2\/posts\/38016\/revisions\/38021"}],"wp:attachment":[{"href":"https:\/\/www.jacoporanieri.com\/blog\/index.php?rest_route=%2Fwp%2Fv2%2Fmedia&parent=38016"}],"wp:term":[{"taxonomy":"category","embeddable":true,"href":"https:\/\/www.jacoporanieri.com\/blog\/index.php?rest_route=%2Fwp%2Fv2%2Fcategories&post=38016"},{"taxonomy":"post_tag","embeddable":true,"href":"https:\/\/www.jacoporanieri.com\/blog\/index.php?rest_route=%2Fwp%2Fv2%2Ftags&post=38016"}],"curies":[{"name":"wp","href":"https:\/\/api.w.org\/{rel}","templated":true}]}}