{"id":37743,"date":"2023-04-09T06:15:25","date_gmt":"2023-04-09T04:15:25","guid":{"rendered":"https:\/\/www.jacoporanieri.com\/blog\/?p=37743"},"modified":"2023-04-09T06:19:26","modified_gmt":"2023-04-09T04:19:26","slug":"leffimero-disco-dellocchio-di-sauron-fotografato-nei-cieli-di-ancona","status":"publish","type":"post","link":"https:\/\/www.jacoporanieri.com\/blog\/?p=37743","title":{"rendered":"L&#8217;effimero disco dell&#8217;occhio di Sauron fotografato nei cieli di Ancona"},"content":{"rendered":"<div class=\"wp-block-image\">\n<figure class=\"aligncenter size-large\"><a href=\"https:\/\/youtu.be\/Ua57wFFTUe0\" target=\"_blank\" rel=\"noreferrer noopener\"><img loading=\"lazy\" decoding=\"async\" width=\"500\" height=\"313\" src=\"https:\/\/www.jacoporanieri.com\/blog\/..\/public\/newmedia\/2023\/04\/Elves-Above-Italy-500x313.jpg\" alt=\"\" class=\"wp-image-37746\" srcset=\"https:\/\/www.jacoporanieri.com\/blog\/..\/public\/newmedia\/2023\/04\/Elves-Above-Italy-500x313.jpg 500w, https:\/\/www.jacoporanieri.com\/blog\/..\/public\/newmedia\/2023\/04\/Elves-Above-Italy-768x480.jpg 768w, https:\/\/www.jacoporanieri.com\/blog\/..\/public\/newmedia\/2023\/04\/Elves-Above-Italy-1536x960.jpg 1536w, https:\/\/www.jacoporanieri.com\/blog\/..\/public\/newmedia\/2023\/04\/Elves-Above-Italy.jpg 1728w\" sizes=\"auto, (max-width: 500px) 100vw, 500px\" \/><\/a><\/figure>\n<\/div>\n\n\n<p>Molte delle questioni scientifiche capaci di acquisire la condizione di viralit\u00e0 su Internet, diffondendosi a macchia d&#8217;olio sui molteplici canali paralleli e gruppi di confronto d&#8217;opinioni online, riescono ad accedervi mediante l&#8217;accompagnamento di un immagine notevole o in qualsiasi modo fuori dall&#8217;idea comune o percezione dello spazio immanente. Una finalit\u00e0 pi\u00f9 facilmente perseguibile qualora sia possibile, per chi sceglie la didascalia di turno, alimentare un qualche tipo di utile fraintendimento. Vedi l&#8217;idea, possibile ma certamente non probabile, che un fenomeno luminoso particolarmente inquietante dalla forma di una ciambella piatta e rossa, abbastanza vasto da estendersi tra la cima degli Appennini e la costa della Croazia, possa essersi trovato ad incombere per un tempo rilevante sulle nostre teste, senza che una percentuale particolarmente alta della popolazione possa averne impresso una fedele immagine nei diari della propria memoria. Ed \u00e8 qui che appare utile, ancor prima d&#8217;intavolarne una trattazione, menzionare &#8220;casualmente&#8221; la maniera in cui l&#8217;ELVE o Elf ritratto nella foto scattata da Possagno il 27 marzo ad opera di Valter Binotto, esperto documentarista e cacciatore di TLE (Eventi Luminosi Transienti) abbia avuto una durata del suo spettro visibile pari ad una mera frazione di secondo. Effettivamente catturato su pellicola soltanto grazie all&#8217;artificio, frutto della tecnologia moderna, di un video registrato con un alto numero di fotogrammi, tra cui fermare e pubblicare quello risultante, per ovvie motivazioni, maggiormente funzionale a suscitare nuove linee di ragionamento. Il che quadra pienamente col pregresso scenario dello studio di questa intera categoria di fenomeni, generalmente fatto risalire  al 6 giugno del 1989, quando il ricercatore del Minnesota R.C. Franz lasci\u00f2 una videocamera puntata verso il cielo notturno per l&#8217;intero trascorrere di una notte tempestosa. Riuscendo finalmente a immortalare quella lunga serie di bagliori rossastri dalla forma vagamente colonnare di cui molti avevano parlato in termini poetici attraverso i secoli, attribuendoli a presenze ultramondane o l&#8217;ira inconciliabile dei giganti. Fino all&#8217;ulteriore conferma, nell&#8217;ottobre del 1989, giunta dalla pubblicazione delle fotografie scattate dall&#8217;orbita durante la missione dello Space Shuttle STS-34, che oltre alle suddette immagini chiamate in gergo <em>sprites <\/em>o spiriti (<a rel=\"noreferrer noopener\" href=\"https:\/\/www.jacoporanieri.com\/blog\/?p=28390\" target=\"_blank\">vedi<\/a>) ne identific\u00f2 un tipo nuovo dalla forma e progressione totalmente distinta. Tanto da meritare l&#8217;acronimo identificativo sopra menzionato, corrispondente all&#8217;intera frase in lingua inglese &#8220;<em>Emission of Light and Very Low Frequency perturbations due to Electromagnetic Pulse Sources<\/em>&#8221; &#8211; ELVES ovvero il plurale dell&#8217;immortale razza con le orecchie a punta, le cui vicissitudini hanno arricchito la mitologia di parecchi paesi. Numerose parole, e qui appare logico sospettare anche l&#8217;intento tipicamente statunitense di arrivare ad un acronimo dal doppio significato, per riferirsi a quella stessa immane visione cos\u00ec documentata da Binotto da una semplice finestra del suo appartamento. Potendo approfondire visualmente il nocciolo della questione, ovvero quale possa essere l&#8217;esatta origine di un cos\u00ec agghiacciante prodigio&#8230;<\/p>\n\n\n\n<!--more-->\n\n\n<div class=\"wp-block-image\">\n<figure class=\"aligncenter size-large\"><a href=\"https:\/\/youtu.be\/sQH6Oo4hn94\" target=\"_blank\" rel=\"noreferrer noopener\"><img loading=\"lazy\" decoding=\"async\" width=\"500\" height=\"313\" src=\"https:\/\/www.jacoporanieri.com\/blog\/..\/public\/newmedia\/2023\/04\/Elves-Theory-500x313.jpg\" alt=\"\" class=\"wp-image-37744\" srcset=\"https:\/\/www.jacoporanieri.com\/blog\/..\/public\/newmedia\/2023\/04\/Elves-Theory-500x313.jpg 500w, https:\/\/www.jacoporanieri.com\/blog\/..\/public\/newmedia\/2023\/04\/Elves-Theory-768x480.jpg 768w, https:\/\/www.jacoporanieri.com\/blog\/..\/public\/newmedia\/2023\/04\/Elves-Theory-1536x960.jpg 1536w, https:\/\/www.jacoporanieri.com\/blog\/..\/public\/newmedia\/2023\/04\/Elves-Theory.jpg 1728w\" sizes=\"auto, (max-width: 500px) 100vw, 500px\" \/><\/a><figcaption class=\"wp-element-caption\">Vasto e variegato, il catalogo dei fenomeni TLE costituisce un repertorio particolarmente adatto a segmenti documentaristici televisivi o libri di divulgazione finemente illustrati. A patto che ci si ricordi di sottolineare, al loro interno, la natura particolarmente transiente (per l&#8217;appunto) di ciascuno di essi, e la conseguente difficolt\u00e0 probabile per chiunque speri di vederli ad occhio nudo.<\/figcaption><\/figure>\n<\/div>\n\n\n<p>In via preliminare attribuiti, fin da subito, al propagarsi di scariche elettriche attraverso gli strati superiori del cielo, inclusa la mesosfera terrestre, i diversi fenomeni identificabili come TLE hanno in effetti tutti origine da una particolare casistica, capace di seguire vie d&#8217;evoluzione divergenti. Ogni tempesta che produce fulmini o saette, d&#8217;altra parte, trova il suo punto d&#8217;origine nell&#8217;accumulo di sufficienti quantit\u00e0 d&#8217;elettricit\u00e0 statica all&#8217;interno delle nubi, causa lo strofinamento di strati di materia ed innumerevoli atomi sovrapposti, fino al manifestarsi di una sorta di equilibrio precario. Quello che prevede, nella maggior parte dei casi documentati, una netta suddivisione tra gli ioni a carica negativa concentrati nella parte inferiore delle nubi, mentre quelli positivi trovano una netta opposizione risalendo fino al &#8220;soffitto&#8221; di tali entit\u00e0 evanescenti. Ed \u00e8 cos\u00ec che sviluppando un ponte, temporaneo quanto inevitabile, tra il cielo e la terra questa letterale batteria di fuoco puntata verso il basso crea il comune fulmine che illumina le nostre giornate meno adatte ad una passeggiata. Ci\u00f2 che pu\u00f2 avvenire, tuttavia, in caso di molti colpi sparati nello stesso punto, \u00e8 un&#8217;accumulo di carica negativa in corrispondenza del suolo, tale da poter &#8220;tirare&#8221; verso il basso l&#8217;elettricit\u00e0 a carica positiva che si trova verso la parte superiore della nube, risultando in un colpo di Zeus incrementalmente pi\u00f9 poderoso e proprio per questo, conduttivo a ben pi\u00f9 devastanti conflagrazioni (<a rel=\"noreferrer noopener\" href=\"https:\/\/www.jacoporanieri.com\/blog\/?p=28202\" target=\"_blank\">vedi<\/a>). Ci\u00f2 che ora sappiamo, tuttavia, \u00e8 che proprio quel particolare fenomeno, a causa della sua collocazione nell&#8217;economia generica della questione, tende a scaricare parte della sua visibile possenza verso l&#8217;alto, costituendo la pi\u00f9 comune fonte autorale di una vasta gamma di fenomeni TLE: Sprites ed ELVES, ma anche i getti blu, i TROLLS (<em>Transient Red Optical Luminous Lineaments<\/em>) ed i GHOSTS (<em>Green emissions from excited Oxygen in Sprite Tops<\/em>) giustificando in maniera particolarmente palese un frequente ricorso al dizionario mitologico da parte dei fin troppo entusiastici specialisti del settore. Il che contribuisce d&#8217;altra parte a ben differenziarli, identificando il discoidale &#8220;elfo&#8221; di cui sopra come risultanza di una particolare eccitazione molecolare sviluppatasi all&#8217;interno della nube, capace di coinvolgere in maniera specifica gli atomi di nitrogeno a contatto con ingenti quantit\u00e0 d&#8217;elettroni, fino alla generazione di un GRB o esplosione di raggi gamma, su scala fortunatamente ridotta, con tutte le caratteristiche di una vera e propria scarica elettromagnetica (EMP). Immaginate, a tal proposito, un considerevole accumulo del flusso energetico proveniente da una particolare fonte, come un fiume stretto e rapido, che venga veicolato all&#8217;improvviso dentro a un grande spazio vuoto e permeabile. Per ritrovarsi nel siffatto attimo, l&#8217;unico osservabile nei fatti da parte dell&#8217;uomo, ad espandersi in maniera straordinariamente rapida con una forma globulare, per colmarlo nella sua interezza, pochi attimi prima di cominciare a disperdersi e scomparire. Come l&#8217;occhio dell&#8217;abisso nietzschiano, manifestatosi con forma piatta ed ampia proprio per la quota assai specifica in cui \u00e8 in grado di rendere la sua presenza evidente.<\/p>\n\n\n<div class=\"wp-block-image\">\n<figure class=\"aligncenter size-large\"><a href=\"https:\/\/youtu.be\/RCDehTj_YyA\" target=\"_blank\" rel=\"noreferrer noopener\"><img loading=\"lazy\" decoding=\"async\" width=\"500\" height=\"313\" src=\"https:\/\/www.jacoporanieri.com\/blog\/..\/public\/newmedia\/2023\/04\/Elves-Space-Rendering-500x313.jpg\" alt=\"\" class=\"wp-image-37745\" srcset=\"https:\/\/www.jacoporanieri.com\/blog\/..\/public\/newmedia\/2023\/04\/Elves-Space-Rendering-500x313.jpg 500w, https:\/\/www.jacoporanieri.com\/blog\/..\/public\/newmedia\/2023\/04\/Elves-Space-Rendering-768x480.jpg 768w, https:\/\/www.jacoporanieri.com\/blog\/..\/public\/newmedia\/2023\/04\/Elves-Space-Rendering-1536x960.jpg 1536w, https:\/\/www.jacoporanieri.com\/blog\/..\/public\/newmedia\/2023\/04\/Elves-Space-Rendering.jpg 1728w\" sizes=\"auto, (max-width: 500px) 100vw, 500px\" \/><\/a><figcaption class=\"wp-element-caption\">Come osservabile da questo breve <em>rendering<\/em>, il colore degli ELVES \u00e8 per lungo tempo rimasto incerto per gli scienziati, a causa del loro rilevamento possibile soltanto mediante strumenti scientifici, piuttosto che telecamere convenzionali. Una tendenza destinata ad invertirsi con il progressivo diffondersi della tecnologia moderna.<\/figcaption><\/figure>\n<\/div>\n\n\n<p>Con una durata di 30-40 millisecondi massimi ed un&#8217;altitudine media di 12 Km, questi anelli dal colore che oggi sappiamo essere vermiglio presentando inoltre un significativo ed ulteriore problema per chi abbia l&#8217;intento di catturarli su pellicola: la necessit\u00e0 di trovarsi abbastanza lontano, causa la loro estensione straordinariamente notevole e stimata fino a un massimo di 400 Km di diametro. Una distanza per l&#8217;appunto ragionevolmente simile a quella che divide Possagno da Ancona, i cui abitanti stessi non avrebbero potuto, anche scrutando verso l&#8217;alto nel momento esatto in cui la palpebra si \u00e8 sollevata, individuare l&#8217;immane titano tra le nubi in tempesta. <br>Il che rientra, a pieno titolo, nell&#8217;ancestrale percezione di un qualche tipo d&#8217;essere superno, interessato a giudicare e sorvegliare ogni nostra mossa. Anche nel caso, particolarmente rilevante, che possieda un ampio e diversificato catalogo d&#8217;intenti maligni. Difficile, d&#8217;altra parte, immaginare l&#8217;alternativa per un occhio privo di palpebre ma cerchiato dal fuoco tutt&#8217;altro che eterno. Che rivede la sua Genesi, ed Apocalisse, compiersi pi\u00f9 volte nel giro di un singolo momento, invidiando la materia universale e tutte le strutture che sostengono la nostra umana persistenza.<\/p>\n","protected":false},"excerpt":{"rendered":"<p>Molte delle questioni scientifiche capaci di acquisire la condizione di viralit\u00e0 su Internet, diffondendosi a macchia d&#8217;olio sui molteplici canali paralleli e gruppi di confronto d&#8217;opinioni online, riescono ad accedervi mediante l&#8217;accompagnamento di un immagine notevole o in qualsiasi modo fuori dall&#8217;idea comune o percezione dello spazio immanente. Una finalit\u00e0 pi\u00f9 facilmente perseguibile qualora sia &#8230; <a title=\"L&#8217;effimero disco dell&#8217;occhio di Sauron fotografato nei cieli di Ancona\" class=\"read-more\" href=\"https:\/\/www.jacoporanieri.com\/blog\/?p=37743\" aria-label=\"Per saperne di pi\u00f9 su L&#8217;effimero disco dell&#8217;occhio di Sauron fotografato nei cieli di Ancona\">Leggi tutto<\/a><\/p>\n","protected":false},"author":2,"featured_media":0,"comment_status":"open","ping_status":"open","sticky":false,"template":"","format":"standard","meta":{"footnotes":""},"categories":[6],"tags":[7070,1438,7066,519,7067,2206,7071,1225,7068,424,702,4212,910,72,7065,2143,78,7069,89,909,1618,7072,3425],"class_list":["post-37743","post","type-post","status-publish","format-standard","hentry","category-news","tag-ancona","tag-cielo","tag-disco","tag-elettricita","tag-emp","tag-fenomeni","tag-fotografi","tag-fulmini","tag-impulsi","tag-italia","tag-luce","tag-metafore","tag-meteorologia","tag-mitologia","tag-occhio","tag-pianeta","tag-scienza","tag-statica","tag-strano","tag-tempeste","tag-terra","tag-troposfera","tag-visioni"],"_links":{"self":[{"href":"https:\/\/www.jacoporanieri.com\/blog\/index.php?rest_route=\/wp\/v2\/posts\/37743","targetHints":{"allow":["GET"]}}],"collection":[{"href":"https:\/\/www.jacoporanieri.com\/blog\/index.php?rest_route=\/wp\/v2\/posts"}],"about":[{"href":"https:\/\/www.jacoporanieri.com\/blog\/index.php?rest_route=\/wp\/v2\/types\/post"}],"author":[{"embeddable":true,"href":"https:\/\/www.jacoporanieri.com\/blog\/index.php?rest_route=\/wp\/v2\/users\/2"}],"replies":[{"embeddable":true,"href":"https:\/\/www.jacoporanieri.com\/blog\/index.php?rest_route=%2Fwp%2Fv2%2Fcomments&post=37743"}],"version-history":[{"count":1,"href":"https:\/\/www.jacoporanieri.com\/blog\/index.php?rest_route=\/wp\/v2\/posts\/37743\/revisions"}],"predecessor-version":[{"id":37747,"href":"https:\/\/www.jacoporanieri.com\/blog\/index.php?rest_route=\/wp\/v2\/posts\/37743\/revisions\/37747"}],"wp:attachment":[{"href":"https:\/\/www.jacoporanieri.com\/blog\/index.php?rest_route=%2Fwp%2Fv2%2Fmedia&parent=37743"}],"wp:term":[{"taxonomy":"category","embeddable":true,"href":"https:\/\/www.jacoporanieri.com\/blog\/index.php?rest_route=%2Fwp%2Fv2%2Fcategories&post=37743"},{"taxonomy":"post_tag","embeddable":true,"href":"https:\/\/www.jacoporanieri.com\/blog\/index.php?rest_route=%2Fwp%2Fv2%2Ftags&post=37743"}],"curies":[{"name":"wp","href":"https:\/\/api.w.org\/{rel}","templated":true}]}}