{"id":37221,"date":"2023-01-13T06:11:17","date_gmt":"2023-01-13T05:11:17","guid":{"rendered":"https:\/\/www.jacoporanieri.com\/blog\/?p=37221"},"modified":"2023-01-13T06:11:21","modified_gmt":"2023-01-13T05:11:21","slug":"il-respiro-spaventoso-degli-alberi-nel-mezzo-dellinstabile-foresta-canadese","status":"publish","type":"post","link":"https:\/\/www.jacoporanieri.com\/blog\/?p=37221","title":{"rendered":"Il respiro spaventoso degli alberi nel mezzo dell&#8217;instabile foresta canadese"},"content":{"rendered":"<div class=\"wp-block-image\">\n<figure class=\"aligncenter size-large\"><a href=\"https:\/\/youtu.be\/0v-xH3YfpIk\" target=\"_blank\" rel=\"noreferrer noopener\"><img loading=\"lazy\" decoding=\"async\" width=\"500\" height=\"313\" src=\"https:\/\/www.jacoporanieri.com\/blog\/..\/public\/newmedia\/2023\/01\/Breath-of-Canadian-Forest-500x313.jpg\" alt=\"\" class=\"wp-image-37224\" srcset=\"https:\/\/www.jacoporanieri.com\/blog\/..\/public\/newmedia\/2023\/01\/Breath-of-Canadian-Forest-500x313.jpg 500w, https:\/\/www.jacoporanieri.com\/blog\/..\/public\/newmedia\/2023\/01\/Breath-of-Canadian-Forest-768x480.jpg 768w, https:\/\/www.jacoporanieri.com\/blog\/..\/public\/newmedia\/2023\/01\/Breath-of-Canadian-Forest-1536x960.jpg 1536w, https:\/\/www.jacoporanieri.com\/blog\/..\/public\/newmedia\/2023\/01\/Breath-of-Canadian-Forest.jpg 1728w\" sizes=\"auto, (max-width: 500px) 100vw, 500px\" \/><\/a><\/figure>\n<\/div>\n\n\n<p>L&#8217;essenza e l&#8217;entit\u00e0 degli alberi, in un caotico complesso che ricopre ancora spazi pi\u00f9 considerevoli di quanto siamo indotti a ricordare, condiziona l&#8217;estensione delle prospettive umane. Se oggi o domani, per un qualsiasi tipo di ragione immaginabile, tutti gli arbusti della Terra avessero ragione di ribellarsi, la nostra fine non sarebbe poi cos\u00ec diversa da quella di Macbeth o Saruman, personaggi letterari destinati a rendere terribilmente esplicito l&#8217;innato timore collettivo nei confronti del frondoso e radicato mondo parallelo al nostro. Un groviglio di citt\u00e0, un dedalo di strade interconnesse, radicate, collettivamente sovrapposte. Di creature molto lente ma che sembrano pur sempre possedere un piano, sussurrato tra le fronde grazie allo strumento che traduce un simile linguaggio, il vento che sia agita negli strati superiori della foresta. Mi pare logico e del tutto ragionevole, tuttavia, affermare che qui si sta decisamente esagerando: in un giorno in apparenza come tutti gli altri, digitalizzato in verticale grazie all&#8217;uso della fotocamera nel proprio smartphone, in cui l&#8217;utente noto semplicemente come Tonie si ritrov\u00f2 a fare un&#8217;escursione nella proverbiale selva oscura durante il 2019, ch\u00e9 la diritta via era smarrita. Preambolo di quanto a dire il vero, forse, anche un&#8217;abitante della Columbia Inglese sarebbe stato mai davvero incline ad aspettarsi: come un sommuoversi sinuoso, della terra stessa sotto i propri piedi, l&#8217;arcana oscillazione del paesaggio assecondata dall&#8217;ondeggiamento degli alberi stessi. Ritmico ed orribilmente ricorsivo, avanti e indietro, sopra\/sotto, avanti e indietro. In altri termini una logica approssimazione, di ci\u00f2 che avrebbe luogo ad essere nel caso di una grande bestia lungamente sopita, il dragone verde pronto a ritornare tra i coscienti per poter dare un approfondito sguardo a quello che \u00e8 successo nel tempo intercorso. Il preambolo palese, nel nostro problematico caso, a possibili rivalse non del tutto prevedibili o in qualsivoglia modo opportune.<br>Il che giustifica di per se, almeno in parte, l&#8217;evidente assenza di giudizio messa in mostra dal vasto pubblico dei soliti commentatori, pronti a dare il &#8220;merito&#8221; di tale contingenza ad ogni sorta d&#8217;improbabile intervento sovrannaturale, o ad ogni modo collegato a eventi fuori dalla percezione logica del nostro mondo prevedibilmente terreno. Parallelamente a quanto fatto da una schiera di persone maggiormente ragionevoli, pronte a citare l&#8217;evenienza della liquefazione parziale del sottosuolo, dovuta al crearsi di uno strato di fango a seguito d&#8217;ingenti piogge che in effetti, nel caso specifico, hanno ben poco a che vedere con l&#8217;assurda esperienza. Un approccio che risulta essere perci\u00f2, nonostante le migliori intenzioni, altrettanto errato. Il che ci conduce senza ulteriori indugi o tribolazioni, all&#8217;apertura luminosa nell&#8217;impenetrabile muraglia dei preconcetti acquisiti, al fine di poter scovare negli archivi internettiani la perfetta giustificazione pratica fornita a suo tempo dal Weather Network di Oakville, Ontario. Qualcosa di molto pi\u00f9 semplice, ed al tempo stesso logico, di quanto il senso comune avrebbe potuto riuscire ad elaborare nelle floride regioni della mente&#8230;<\/p>\n\n\n\n<!--more-->\n\n\n<div class=\"wp-block-image\">\n<figure class=\"aligncenter size-large\"><a href=\"https:\/\/youtu.be\/83yAesTjnsU\" target=\"_blank\" rel=\"noreferrer noopener\"><img loading=\"lazy\" decoding=\"async\" width=\"500\" height=\"313\" src=\"https:\/\/www.jacoporanieri.com\/blog\/..\/public\/newmedia\/2023\/01\/Canadian-Shield-Cave-500x313.jpg\" alt=\"\" class=\"wp-image-37222\" srcset=\"https:\/\/www.jacoporanieri.com\/blog\/..\/public\/newmedia\/2023\/01\/Canadian-Shield-Cave-500x313.jpg 500w, https:\/\/www.jacoporanieri.com\/blog\/..\/public\/newmedia\/2023\/01\/Canadian-Shield-Cave-768x480.jpg 768w, https:\/\/www.jacoporanieri.com\/blog\/..\/public\/newmedia\/2023\/01\/Canadian-Shield-Cave-1536x960.jpg 1536w, https:\/\/www.jacoporanieri.com\/blog\/..\/public\/newmedia\/2023\/01\/Canadian-Shield-Cave.jpg 1728w\" sizes=\"auto, (max-width: 500px) 100vw, 500px\" \/><\/a><figcaption class=\"wp-element-caption\">Lo Scudo Canadese costituisce un ambiente geologico sostanzialmente differente dal suolo carsico di buona parte d&#8217;Europa. Frutto di reazioni chimiche rallentate dal clima gelido che non prevengono, contrariamente a quanto si potrebbe credere, il formarsi dell&#8217;occasionale caverna.<\/figcaption><\/figure>\n<\/div>\n\n\n<p>Spiegazione che, sar\u00e0 a questo punto opportuno specificarlo, ci riporta indietro di almeno 538,8 milioni di anni al termine dell&#8217;Era Precambriana, quando l&#8217;aspetto e disposizione dei continenti terrestri era significativamente diverso da quello attuale dei nostri giorni. Sotto molteplici aspetti ma non tutti, con particolare occhio di riguardo a una distesa ininterrotta di solida pietra, attualmente nota come altopiano laurenziano, risultante dallo scontro e conseguente sovrapposizione di diversi strati di crosta terrestre e bacini sedimentari risalente al secondo grande eone dei processi geologici, l&#8217;Archeano. Il momento in cui per la prima e significativa volta, una percentuale rilevante della futura America settentrionale si sarebbe ritrovata al di sopra del livello degli oceani, nella regione grosso modo riconducibile geometricamente a Stati Uniti e Canada, cos\u00ec come avrebbero iniziato ad suddividere gli spazi quelle piccole ed insignificanti creature umane, ancora ben lontani dal palesarsi. Ed \u00e8 cos\u00ec che in chiari termini, ancora adesso si presenta l&#8217;altrimenti detto Scudo Canadese, l&#8217;essenziale esempio di uno strato impenetrabile di rocce ignee e metamorfiche, parzialmente responsabile, assieme alla vasta e densa foresta boreale, dell&#8217;inabilit\u00e0 di buona parte di quel paese, dove la maggior parte delle persone hanno scelto di stabilirsi lungo il profilo meridionale dei Grandi Laghi. Questo perch\u00e9, al di sotto di uno strato relativamente sottile di terreno fertile, tutto quello che si trova al di sotto del suolo in questione \u00e8 una massa unica e indivisa, molto dispendiosa da modificare al fine di disporvi fondamenta o qualsiasi altro tipo di struttura progettata dall&#8217;odierna civilt\u00e0 industrializzata. Non cos\u00ec, d&#8217;altronde, per il caso ponderosamente adattabile dei pi\u00f9 alti alberi delle coerenti circostanze, naturalmente in grado di aggrapparsi al suolo con precise strategie perfezionate da millenni d&#8217;evoluzione. Un approccio concretamente riferibile alle loro gi\u00e0 citate radici, capaci in caso di necessit\u00e0 di estendersi anche in senso orizzontale, piuttosto che diagonalmente verso le profondit\u00e0 di un sottosuolo di tipo pi\u00f9 convenzionale. Metodologia capace di condurre, nel caso del bosco mistico del Sacre-Coeur ripreso dal nostro amico Tonie e mostrato in apertura della breve trattazione in oggetto, alla creazione di un tappetto solido ed ininterrotto d&#8217;intricate circostanze, ricoperte da uno strato di muschio capace di coprire ogni risultante intercapedine e creare l&#8217;illusione impenetrabile di un &#8220;suolo&#8221; compatto.<br>Preparando lo scenario per l&#8217;effetto avuto dal potente vento di quel giorno fatidico, durante cui l&#8217;oscillazione della canopia soprastante ha finito per trasferirsi ai tronchi ed in modo altrettanto inesorabile a quella parte dell&#8217;albero che normalmente esula dalla coscienza di noialtri, il suo corpo sotterraneo di estrusioni tentacolari e vermiformi. Un balzo chiaro ed innegabile, alla radice stessa del problema, eppure non l&#8217;idea proficua che potrebbe metaforicamente giungere a derivarne&#8230;<\/p>\n\n\n<div class=\"wp-block-image\">\n<figure class=\"aligncenter size-large\"><a href=\"https:\/\/youtu.be\/eRvXJoPuTl0\" target=\"_blank\" rel=\"noreferrer noopener\"><img loading=\"lazy\" decoding=\"async\" width=\"500\" height=\"313\" src=\"https:\/\/www.jacoporanieri.com\/blog\/..\/public\/newmedia\/2023\/01\/Breath-of-Canadian-Forest-2-500x313.jpg\" alt=\"\" class=\"wp-image-37223\" srcset=\"https:\/\/www.jacoporanieri.com\/blog\/..\/public\/newmedia\/2023\/01\/Breath-of-Canadian-Forest-2-500x313.jpg 500w, https:\/\/www.jacoporanieri.com\/blog\/..\/public\/newmedia\/2023\/01\/Breath-of-Canadian-Forest-2-768x480.jpg 768w, https:\/\/www.jacoporanieri.com\/blog\/..\/public\/newmedia\/2023\/01\/Breath-of-Canadian-Forest-2-1536x960.jpg 1536w, https:\/\/www.jacoporanieri.com\/blog\/..\/public\/newmedia\/2023\/01\/Breath-of-Canadian-Forest-2.jpg 1728w\" sizes=\"auto, (max-width: 500px) 100vw, 500px\" \/><\/a><figcaption class=\"wp-element-caption\">Un caso simile di movimentazione del suolo era stato gi\u00e0 mostrato nel 2015 in un video della regione dell&#8217;Apple River, in Nuova Scotia. Simili situazioni hanno una pericolosit\u00e0 inerente inferiore a quanto ci si potrebbe aspettare: l&#8217;unico caso in cui gli alberi saldamente abbarbicati tra di loro potranno cadere, in fatti, sarebbe l&#8217;effettivo spezzarsi dei loro tronchi.<\/figcaption><\/figure>\n<\/div>\n\n\n<p>Siamo d&#8217;altra parte, in maniera opinabile ma non del tutto soggettiva, dinnanzi alla pi\u00f9 chiara rappresentazione visuale del concetto spesso descritto, nella semplice espressione di &#8220;polmone terrestre&#8221;. Un ruolo prevalentemente attribuito, nella fantasia collettiva, all&#8217;ancor pi\u00f9 grande foresta meridionale dell&#8217;Amazzonia, capace di superare coi suoi 5 milioni e mezzo di chilometri persino il vasto spazio geografico occupato dagli alberi canadesi. Che di suo conto non fallisce nel difendersi, vista un&#8217;estensione pari o leggermente superiore alla totalit\u00e0 di Ecuador, Texas, Giappone, Francia, Germania e Messico, corrispondendo a una percentuale rilevante di tutta l&#8217;anidride carbonica convertita in ossigeno al di sotto dei limiti dell&#8217;atmosfera terrestre. E questo senza nemmeno considerare la sua notevole biodiversit\u00e0, largamente esemplificata dalle migliaia di specie di uccelli e mammiferi che non potranno fare a meno di risentire, negli anni e decadi a venire, di ogni strategia scarsamente sostenibile messa in atto nella gestione delle risorse implicite di quel territorio. Vedi il caso della raccolta di legname istituzionalizzata, per cui l&#8217;utilizzo di rotazioni a lungo termine non conta verso il totale di alberi abbattuti a norma di legge, semplicemente poich\u00e9 gli viene presumibilmente dato il tempo di crescere nuovamente, nella stessa maniera degli ancestrali incendi boschivi. Ci\u00f2 senza considerare come il problema fondamentale non sia la distruzione di determinati esseri, bens\u00ec la riduzione dei loro corpi stolidi e relative sostanze nutritive dal grande flusso. Ovvero il rischio dell&#8217;effetto domino, per cui la caduta di una parte del totale potrebbe, a un certo punto, favorire lo sradicamento del tutto. Finch\u00e9 non diventer\u00e0 del tutto inevitabile, sperimentare un doloroso e tardivo risveglio della coscienza.<\/p>\n","protected":false},"excerpt":{"rendered":"<p>L&#8217;essenza e l&#8217;entit\u00e0 degli alberi, in un caotico complesso che ricopre ancora spazi pi\u00f9 considerevoli di quanto siamo indotti a ricordare, condiziona l&#8217;estensione delle prospettive umane. Se oggi o domani, per un qualsiasi tipo di ragione immaginabile, tutti gli arbusti della Terra avessero ragione di ribellarsi, la nostra fine non sarebbe poi cos\u00ec diversa da &#8230; <a title=\"Il respiro spaventoso degli alberi nel mezzo dell&#8217;instabile foresta canadese\" class=\"read-more\" href=\"https:\/\/www.jacoporanieri.com\/blog\/?p=37221\" aria-label=\"Per saperne di pi\u00f9 su Il respiro spaventoso degli alberi nel mezzo dell&#8217;instabile foresta canadese\">Leggi tutto<\/a><\/p>\n","protected":false},"author":2,"featured_media":0,"comment_status":"open","ping_status":"open","sticky":false,"template":"","format":"standard","meta":{"footnotes":""},"categories":[6],"tags":[451,228,219,6779,1536,1894,2127,2206,465,194,2373,910,573,109,2243,89,2556,516,102],"class_list":["post-37221","post","type-post","status-publish","format-standard","hentry","category-news","tag-alberi","tag-ambiente","tag-canada","tag-circostanze","tag-dal-mondo","tag-escursioni","tag-esperienze","tag-fenomeni","tag-foreste","tag-geologia","tag-luoghi","tag-meteorologia","tag-misteri","tag-natura","tag-nordamerica","tag-strano","tag-territorio","tag-vento","tag-video"],"_links":{"self":[{"href":"https:\/\/www.jacoporanieri.com\/blog\/index.php?rest_route=\/wp\/v2\/posts\/37221","targetHints":{"allow":["GET"]}}],"collection":[{"href":"https:\/\/www.jacoporanieri.com\/blog\/index.php?rest_route=\/wp\/v2\/posts"}],"about":[{"href":"https:\/\/www.jacoporanieri.com\/blog\/index.php?rest_route=\/wp\/v2\/types\/post"}],"author":[{"embeddable":true,"href":"https:\/\/www.jacoporanieri.com\/blog\/index.php?rest_route=\/wp\/v2\/users\/2"}],"replies":[{"embeddable":true,"href":"https:\/\/www.jacoporanieri.com\/blog\/index.php?rest_route=%2Fwp%2Fv2%2Fcomments&post=37221"}],"version-history":[{"count":1,"href":"https:\/\/www.jacoporanieri.com\/blog\/index.php?rest_route=\/wp\/v2\/posts\/37221\/revisions"}],"predecessor-version":[{"id":37225,"href":"https:\/\/www.jacoporanieri.com\/blog\/index.php?rest_route=\/wp\/v2\/posts\/37221\/revisions\/37225"}],"wp:attachment":[{"href":"https:\/\/www.jacoporanieri.com\/blog\/index.php?rest_route=%2Fwp%2Fv2%2Fmedia&parent=37221"}],"wp:term":[{"taxonomy":"category","embeddable":true,"href":"https:\/\/www.jacoporanieri.com\/blog\/index.php?rest_route=%2Fwp%2Fv2%2Fcategories&post=37221"},{"taxonomy":"post_tag","embeddable":true,"href":"https:\/\/www.jacoporanieri.com\/blog\/index.php?rest_route=%2Fwp%2Fv2%2Ftags&post=37221"}],"curies":[{"name":"wp","href":"https:\/\/api.w.org\/{rel}","templated":true}]}}