{"id":36498,"date":"2022-09-19T06:22:13","date_gmt":"2022-09-19T04:22:13","guid":{"rendered":"https:\/\/www.jacoporanieri.com\/blog\/?p=36498"},"modified":"2022-09-19T06:22:16","modified_gmt":"2022-09-19T04:22:16","slug":"lavamposto-del-futuro-che-precorre-il-terzo-millennio-della-citta-di-valencia","status":"publish","type":"post","link":"https:\/\/www.jacoporanieri.com\/blog\/?p=36498","title":{"rendered":"L&#8217;avamposto del futuro che precorre il terzo millennio della citt\u00e0 di Valencia"},"content":{"rendered":"<div class=\"wp-block-image\">\n<figure class=\"aligncenter size-large\"><a href=\"https:\/\/youtu.be\/XaWdtc3dKlg\" target=\"_blank\" rel=\"noreferrer noopener\"><img loading=\"lazy\" decoding=\"async\" width=\"500\" height=\"313\" src=\"https:\/\/www.jacoporanieri.com\/blog\/..\/public\/newmedia\/2022\/09\/Calatrava-Ciutad-500x313.jpg\" alt=\"\" class=\"wp-image-36499\" srcset=\"https:\/\/www.jacoporanieri.com\/blog\/..\/public\/newmedia\/2022\/09\/Calatrava-Ciutad-500x313.jpg 500w, https:\/\/www.jacoporanieri.com\/blog\/..\/public\/newmedia\/2022\/09\/Calatrava-Ciutad-768x480.jpg 768w, https:\/\/www.jacoporanieri.com\/blog\/..\/public\/newmedia\/2022\/09\/Calatrava-Ciutad-1536x960.jpg 1536w, https:\/\/www.jacoporanieri.com\/blog\/..\/public\/newmedia\/2022\/09\/Calatrava-Ciutad.jpg 1728w\" sizes=\"auto, (max-width: 500px) 100vw, 500px\" \/><\/a><\/figure>\n<\/div>\n\n\n<p>Un richiamo pratico ed alquanto evidente all&#8217;architettura monumentale delle grandi capitali del mondo antico; l&#8217;iconica ed idealizzata rappresentazione di quello che potrebbe essere, un giorno molto lontano, il canone del corso principale della scienza che ridefinisce il senso logico degli spazi dedicati all&#8217;umanit\u00e0. Tutto questo e molto altro, pu\u00f2 essere desunto dalle ardite geometrie e le frastagliate ombre disegnate sull&#8217;asfalto dal pi\u00f9 incredibile complesso di edifici della Spagna, forse il pi\u00f9 avveniristico di tutta Europa. L&#8217;eccezionale congiunzione di pensiero, materia, personalit\u00e0 ed intenti, tutto ci\u00f2 guidato a destinazione dalle proiezioni operative di una mente fondamentalmente dedita all&#8217;eclettismo. Di Santiago Calatrava, l&#8217;architetto con il nome di un ordine cavalleresco ed una discendenza aristocratica, molte cose sono state dette: in merito alla sua ambizione che esula talvolta dalle circostanze, la visione inflessibile che tende a dominare il cliente, la palese convinzione che la scelta della soluzione maggiormente semplice, nella maggior parte dei casi, possa indurre in errore. Qualcosa di spiazzante e spesso indesiderabile in qualsiasi capo di un progetto, particolarmente quando questo implichi svariati anni e molti milioni di euro d&#8217;investimento. Eppure camminando lungo il letto del fiume Turia, prosciugato dopo la devastante inondazione del &#8217;57, \u00e8 difficile non sorprendersi ad alzare lo sguardo al cielo ed ammirare le intriganti &#8220;cose&#8221; che ci sorgono attorno. La straordinaria serie di strutture, almeno in apparenza edificate con finalit\u00e0 paragonabile a quelle di un arco di trionfo o vasto e inusitato mausoleo marziano, fatto di archi di cemento, finestre riflettenti e vistose forme paraboloidi che s&#8217;intrecciano come i contrafforti di una cattedrale. La cui genesi risale alla seconda met\u00e0 dell&#8217;ultima decade del Novecento, per l&#8217;iniziativa nata da una fortunata serie di contingenze: l&#8217;allora presidente del Governo Autonomo di Valencia, il socialista Joan Lerma, che ritorna da una visita ufficiale alla Cit\u00e9 des sciences et de l&#8217;industrie di Parigi, immaginando quanto avrebbe potuto significare per il turismo della sua metropoli poter fare affidamento su un&#8217;istituzione simile da dedicare alla divulgazione dell&#8217;ottimismo nei confronti del domani. Un sentimento accompagnato, per una volta, da ingenti fondi concessi da un periodo economicamente positivo per la Spagna, coerentemente alla presa di coscienza collettiva dell&#8217;esistenza di un lungo e stretto spazio vuoto in prossimit\u00e0 del centro storico di quella grande citt\u00e0 europea. Ragione sufficiente per coinvolgere, in prima battuta il fisico dell&#8217;Universit\u00e0 di Valencia Dr. Antonio Ros, incaricato di stendere un piano di fattibilit\u00e0 del progetto, procedendo progressivamente nel coinvolgimento delle figure tecniche ed autorali necessarie alla sua effettiva realizzazione. Tra cui fin\u00ec per figurare, molto presto, il gi\u00e0 famoso costruttore d&#8217;avveniristiche infrastrutture di trasporto, ponti e l&#8217;occasionale museo, tutte strutture destinate a diventare celebri come &#8220;opere di Calatrava&#8221;, grazie al possesso di quello stile inconfondibile ed emozionante. Destinato a trovare terreno fertile, e una quasi letterale carta bianca negli anni a venire dell&#8217;intera Citt\u00e0 della Scienza, fatta eccezione per il singolo contributo del collega e connazionale F\u00e9lix Candela, coinvolto per la costruzione dell&#8217;Oceanogr\u00e0fic, lo svettante acquario e delfinario completato nel 2003 con la forma di un fiore di ninfea tratteggiato dalle facciate paraboloidi ricoperte da scintillanti pareti di vetro. Ma non prima che i tre elementi principali della spropositata attrazione cittadina, uno dopo l&#8217;altro, venissero inaugurati entro il volgere del nuovo millennio&#8230;<\/p>\n\n\n\n<!--more-->\n\n\n<div class=\"wp-block-image\">\n<figure class=\"aligncenter size-large\"><a href=\"https:\/\/youtu.be\/aFFzS8Vt6as\" target=\"_blank\" rel=\"noreferrer noopener\"><img loading=\"lazy\" decoding=\"async\" width=\"500\" height=\"313\" src=\"https:\/\/www.jacoporanieri.com\/blog\/..\/public\/newmedia\/2022\/09\/Ciutat-de-les-Arts-Palace-500x313.jpg\" alt=\"\" class=\"wp-image-36500\" srcset=\"https:\/\/www.jacoporanieri.com\/blog\/..\/public\/newmedia\/2022\/09\/Ciutat-de-les-Arts-Palace-500x313.jpg 500w, https:\/\/www.jacoporanieri.com\/blog\/..\/public\/newmedia\/2022\/09\/Ciutat-de-les-Arts-Palace-768x480.jpg 768w, https:\/\/www.jacoporanieri.com\/blog\/..\/public\/newmedia\/2022\/09\/Ciutat-de-les-Arts-Palace-1536x960.jpg 1536w, https:\/\/www.jacoporanieri.com\/blog\/..\/public\/newmedia\/2022\/09\/Ciutat-de-les-Arts-Palace.jpg 1728w\" sizes=\"auto, (max-width: 500px) 100vw, 500px\" \/><\/a><figcaption>Un piccolo problema pratico nella prima versione del Museo del Principe Felipe era l&#8217;assenza di uscite antincendio ed ascensori per i disabili. Risolto frettolosamente prima della sua inaugurazione, con buona pace della visione artistica di Calatrava. <\/figcaption><\/figure>\n<\/div>\n\n\n<p>Spesso citata tra gli esempi dei piani regolatori andati pi\u00f9 notevolmente fuori budget, dagli iniziali 300 milioni di euro a quasi tre volte tale cifra moltiplicatosi attraverso l&#8217;estendersi di un&#8217;intera decade, nessuno potrebbe d&#8217;altra parte accusare l&#8217;architetto valenciano di aver allungato le tempistiche o deluso, in alcun modo, la sua promessa principale d&#8217;intenti. A partire dal primo traguardo ultimato dell&#8217;Hemisf\u00e8ric, un cinema IMAX da 13.000 metri quadri con la forma esteriore di un grande &#8220;occhio della conoscenza&#8221; bench\u00e9 alcuni abbiano preferito individuarvi, come spesso capita nell&#8217;architettura d&#8217;avanguardia, l&#8217;intento di riprodurre un qualche tipo di mitile o mollusco bivalve. Scegliendo intenzionalmente di trascurare, in modo molto chiaro, la grande sfera visibile oltre le pareti parzialmente trasparenti, &#8220;pupilla&#8221; entro cui trova collocazione un moderno planetario per l&#8217;osservazione dello spazio esterno. Ultimato quindi nell&#8217;anno 2000 ed a seguire nell&#8217;ideale passeggiata lungo il corso del Turia, oggi nuovamente impreziosito dalla presenza di un basso bacino idrico che allude al Mar Mediterraneo, figura quindi il Museo delle Scienze dedicato al Principe Felipe, con l&#8217;aspetto vagamente riconoscibile di uno scheletro di balena (o colosso delle sabbie di un qualche pianeta distante?) con vasti spazi espositivi sugli eclettici argomenti della genetica, l&#8217;eredit\u00e0 della scienza, l&#8217;esplorazione dello spazio ed i supereroi della Marvel. Perch\u00e9 quale miglior modo di coinvolgere le nuove generazioni nello studio di simili argomenti, che attraverso le storie fantastiche e speculative che ne traggono diretta ispirazione? Al piano terra, per concludere l&#8217;offerta molto diversificata, un campo da basket sponsorizzato dalla squadra locale. Esperienza maggiormente rilassante, nell&#8217;ideale visita che stiamo immaginando, \u00e8 il confinante Umbracle (2001) un giardino lineare sotto l&#8217;ombra di 109 archi dell&#8217;altezza di 18 metri con funzione esclusivamente decorativa, impreziosito da 99 palme grandi, 78 piccole e 62 alberi d&#8217;aranci. Per non parlare delle oltre 5.000 piante e bassi cespugli rappresentativi dell&#8217;intero ecosistema floreale valenciano e non solo, inframezzati a valide sculture all&#8217;aperto di un&#8217;ampia selezione di artisti di fama mondiale. Una passeggiata memorabile al cui termine, oltre all&#8217;acquario di Candela, si trova situato dal 2005 il Palazzo delle Arti della Regina Sofia, in realt\u00e0 un teatro dell&#8217;opera a tutti gli effetti, all&#8217;interno di un avveniristico e sottile involucro di metallo dal peso di 3.000 tonnellate, che lo rende particolarmente simile ad un&#8217;astronave. Ancora successive risultano essere, in ordine di tempo, le notevoli strutture dei due ponti disegnati e aggiunti da Calatrava al complesso, rispettivamente nel 2007 e 2008, del Montolivet di cemento che continua lo stesso discorso geometrico dell&#8217;offerta esistente e l&#8217;inconfondibile e sospeso Pont de l&#8217;Assut de l&#8217;Or, spesso paragonato ad un&#8217;arpa gigante per il dipanarsi dei cavi dal pilone principale, incidentalmente capace di costituire il punto pi\u00f9 alto dell&#8217;intera citt\u00e0 di Valencia. Contrariamente al progetto inziale, che avrebbe voluto lo spazio vuoto del fiume occupato principalmente da una torre per le telecomunicazioni, o ancora l&#8217;ambiziosa edificazione di tre svettanti grattacieli a scalare anch&#8217;essi progettati da Calatrava, il pi\u00f9 alto dei quali avrebbe misurato 308 metri risultando l&#8217;edificio pi\u00f9 alto di tutta la Spagna. Un sogno destinato a non concretizzarsi, allo stato attuale dei fatti, per l&#8217;inizio della recessione economica e che avrebbe lasciato il passo all&#8217;Agor\u00e0 del 2009, la pi\u00f9 recente aggiunta alla <em>Ciutat de les Arts i les Ci\u00e8ncies<\/em>\u00a0adibita alla funzione di auditorium e sala conferenze, il cui aspetto simile ad un mezzo disco che emerge dal terreno ha portato molti ad evocare il consueto termine di paragone dei fondali oceanici, ma anche l&#8217;allusione trasversale all&#8217;aspetto della pi\u00f9 riconoscibile parte anatomica femminile. Questioni di punti di vista, come si dice&#8230;<\/p>\n\n\n<div class=\"wp-block-image\">\n<figure class=\"aligncenter size-large\"><a href=\"https:\/\/youtu.be\/VojhZ3hmsyM\" target=\"_blank\" rel=\"noreferrer noopener\"><img loading=\"lazy\" decoding=\"async\" width=\"500\" height=\"313\" src=\"https:\/\/www.jacoporanieri.com\/blog\/..\/public\/newmedia\/2022\/09\/Ciutat-de-les-Arts-Walk-500x313.jpg\" alt=\"\" class=\"wp-image-36501\" srcset=\"https:\/\/www.jacoporanieri.com\/blog\/..\/public\/newmedia\/2022\/09\/Ciutat-de-les-Arts-Walk-500x313.jpg 500w, https:\/\/www.jacoporanieri.com\/blog\/..\/public\/newmedia\/2022\/09\/Ciutat-de-les-Arts-Walk-768x480.jpg 768w, https:\/\/www.jacoporanieri.com\/blog\/..\/public\/newmedia\/2022\/09\/Ciutat-de-les-Arts-Walk-1536x960.jpg 1536w, https:\/\/www.jacoporanieri.com\/blog\/..\/public\/newmedia\/2022\/09\/Ciutat-de-les-Arts-Walk.jpg 1728w\" sizes=\"auto, (max-width: 500px) 100vw, 500px\" \/><\/a><figcaption>Ogni singolo elemento della Citt\u00e0 coopera con gli altri nel suggestionare e coinvolgere il visitatore, trasportandolo in un luogo ideale di fantasia e scienza. Risulta opportuno, a tal proposito, essere ben allenati nel podismo o quanto meno, le lunghe passeggiate. Le distanze da percorrere, in questo luogo ameno, superano largamente quelle affrontate all&#8217;interno di un comune centro commerciale.<\/figcaption><\/figure>\n<\/div>\n\n\n<p>Con le fatture derivanti ancora oggi largamente non corrisposte, di cui 94 milioni di euro da corrispondere al solo studio architettonico di Calatrava (che ha comunque fatturato anche come ingegnere) la Citt\u00e0 delle Scienze di Valencia ha suscitato non poche proteste, anche da contrapposti schieramenti politici, in merito alla sua effettiva utilit\u00e0. Paragonata occasionalmente ai monumenti fatti costruire dai faraoni d&#8217;Egitto, poco utili per la popolazione generalista per quanto possiamo ipotizzare, se non ad accrescere un latente sentimento d&#8217;identit\u00e0 patriottica ed orgoglio nazionale. Un paragone ingeneroso che tralascia, d&#8217;altra parte, il recupero d&#8217;investimento stimato attorno ai 100 milioni di euro annui, concesso dall&#8217;aumento del turismo e i biglietti che i visitatori della popolosa metropoli sono disposti a pagare per visitare i notevoli spazi espositivi della sua attrazione ultramoderna, diventata ben presto la pi\u00f9 famosa nel mondo, anche grazie all&#8217;utilizzo come set cinematografico e televisivo in produzioni del calibro di Westworld e il Dr. Who. <br>Un traguardo niente affatto trascurabile, per un luogo dalla storia lunga e articolata come la citt\u00e0 di Valencia, che tuttavia non ha voluto accontentarsi di vivere nel suo presente sostenuto dall&#8217;opera delle generazioni precedenti. Aprendo quella che potremmo definire come una svettante, monumentale e impressionante finestra in direzione del suo domani. Indifferente all&#8217;opinione delle moltitudini, oltre ad ogni logica di parsimonia e moderazione. Ma non \u00e8 forse questo, uno dei segmenti maggiormente inevitabili sulla via della grandezza?<\/p>\n","protected":false},"excerpt":{"rendered":"<p>Un richiamo pratico ed alquanto evidente all&#8217;architettura monumentale delle grandi capitali del mondo antico; l&#8217;iconica ed idealizzata rappresentazione di quello che potrebbe essere, un giorno molto lontano, il canone del corso principale della scienza che ridefinisce il senso logico degli spazi dedicati all&#8217;umanit\u00e0. Tutto questo e molto altro, pu\u00f2 essere desunto dalle ardite geometrie e &#8230; <a title=\"L&#8217;avamposto del futuro che precorre il terzo millennio della citt\u00e0 di Valencia\" class=\"read-more\" href=\"https:\/\/www.jacoporanieri.com\/blog\/?p=36498\" aria-label=\"Per saperne di pi\u00f9 su L&#8217;avamposto del futuro che precorre il terzo millennio della citt\u00e0 di Valencia\">Leggi tutto<\/a><\/p>\n","protected":false},"author":2,"featured_media":0,"comment_status":"open","ping_status":"open","sticky":false,"template":"","format":"standard","meta":{"footnotes":""},"categories":[6],"tags":[1464,201,884,6679,625,330,1334,236,507,766,4118,2373,3744,575,1728,822,295,1725,1523,329,6680,87],"class_list":["post-36498","post","type-post","status-publish","format-standard","hentry","category-news","tag-archi","tag-architettura","tag-attrazioni","tag-calatrava","tag-citta","tag-costruzioni","tag-edifici","tag-europa","tag-fiumi","tag-futuro","tag-istruzione","tag-luoghi","tag-meraviglie","tag-musei","tag-palazzi","tag-progetti","tag-spagna","tag-strutture","tag-turismo","tag-urbanistica","tag-valencia","tag-viaggi"],"_links":{"self":[{"href":"https:\/\/www.jacoporanieri.com\/blog\/index.php?rest_route=\/wp\/v2\/posts\/36498","targetHints":{"allow":["GET"]}}],"collection":[{"href":"https:\/\/www.jacoporanieri.com\/blog\/index.php?rest_route=\/wp\/v2\/posts"}],"about":[{"href":"https:\/\/www.jacoporanieri.com\/blog\/index.php?rest_route=\/wp\/v2\/types\/post"}],"author":[{"embeddable":true,"href":"https:\/\/www.jacoporanieri.com\/blog\/index.php?rest_route=\/wp\/v2\/users\/2"}],"replies":[{"embeddable":true,"href":"https:\/\/www.jacoporanieri.com\/blog\/index.php?rest_route=%2Fwp%2Fv2%2Fcomments&post=36498"}],"version-history":[{"count":1,"href":"https:\/\/www.jacoporanieri.com\/blog\/index.php?rest_route=\/wp\/v2\/posts\/36498\/revisions"}],"predecessor-version":[{"id":36502,"href":"https:\/\/www.jacoporanieri.com\/blog\/index.php?rest_route=\/wp\/v2\/posts\/36498\/revisions\/36502"}],"wp:attachment":[{"href":"https:\/\/www.jacoporanieri.com\/blog\/index.php?rest_route=%2Fwp%2Fv2%2Fmedia&parent=36498"}],"wp:term":[{"taxonomy":"category","embeddable":true,"href":"https:\/\/www.jacoporanieri.com\/blog\/index.php?rest_route=%2Fwp%2Fv2%2Fcategories&post=36498"},{"taxonomy":"post_tag","embeddable":true,"href":"https:\/\/www.jacoporanieri.com\/blog\/index.php?rest_route=%2Fwp%2Fv2%2Ftags&post=36498"}],"curies":[{"name":"wp","href":"https:\/\/api.w.org\/{rel}","templated":true}]}}