{"id":36416,"date":"2022-09-05T06:17:18","date_gmt":"2022-09-05T04:17:18","guid":{"rendered":"https:\/\/www.jacoporanieri.com\/blog\/?p=36416"},"modified":"2022-09-05T06:22:41","modified_gmt":"2022-09-05T04:22:41","slug":"ciclista-ci-offre-lesperienza-di-sorpassare-300-rivali-mentre-scende-giu-dalla-montagna-nebbiosa","status":"publish","type":"post","link":"https:\/\/www.jacoporanieri.com\/blog\/?p=36416","title":{"rendered":"Ciclista ci offre l&#8217;esperienza di sorpassare 300 rivali mentre scende gi\u00f9 dalla montagna nebbiosa"},"content":{"rendered":"<div class=\"wp-block-image\">\n<figure class=\"aligncenter size-large\"><a href=\"https:\/\/youtu.be\/WdtkaLxc464\" target=\"_blank\" rel=\"noreferrer noopener\"><img loading=\"lazy\" decoding=\"async\" width=\"500\" height=\"313\" src=\"https:\/\/www.jacoporanieri.com\/blog\/..\/public\/newmedia\/2022\/09\/Inka-Avalanche-Race-500x313.jpg\" alt=\"\" class=\"wp-image-36418\" srcset=\"https:\/\/www.jacoporanieri.com\/blog\/..\/public\/newmedia\/2022\/09\/Inka-Avalanche-Race-500x313.jpg 500w, https:\/\/www.jacoporanieri.com\/blog\/..\/public\/newmedia\/2022\/09\/Inka-Avalanche-Race-768x480.jpg 768w, https:\/\/www.jacoporanieri.com\/blog\/..\/public\/newmedia\/2022\/09\/Inka-Avalanche-Race-1536x960.jpg 1536w, https:\/\/www.jacoporanieri.com\/blog\/..\/public\/newmedia\/2022\/09\/Inka-Avalanche-Race.jpg 1728w\" sizes=\"auto, (max-width: 500px) 100vw, 500px\" \/><\/a><\/figure>\n<\/div>\n\n\n<p>Dopo una serie di ardue battaglie lungo l&#8217;intera dorsale montagnosa del Per\u00f9 culminanti con il doppio e inconclusivo assedio della capitale Cusco, il condottiero popolare passato alla storia con il nome di Manco Inca Yupanqui riusc\u00ec a ritirarsi nel 1536 presso la citt\u00e0 roccaforte di Ollantaytambo non lontano dal complesso di Machu Picchu, che avrebbe dovuto costituire la base delle sue operazioni per il resto del conflitto contro i conquistatori europei. I suoi 30.000 uomini, dalla sommit\u00e0 dei propri bastioni, sorvegliavano la Valle Sacra, lungo cui l&#8217;armata degli spagnoli avrebbe dovuto passare ed inerpicarsi, sotto il tiro di archi, giavellotti e fionde. Ci\u00f2 che egli non sapeva, purtroppo, era che il conquistador Francisco Pizzarro aveva nel frattempo preso contatto con i popoli nativi, soggiogati e tassati da generazioni dell&#8217;impietosa burocrazia dell&#8217;impero. Ed oltre ai fucili, cani e cavalli, la sua avanzata avrebbe potuto trarre giovamento di spropositate quantit\u00e0 di soldati pronti a morire, nella tenue speranza di riuscire un giorno a conoscere la pi\u00f9 completa libert\u00e0. La battaglia che ne consegu\u00ec, a gennaio dell&#8217;anno successivo, fu assai probabilmente un massacro senza precedenti nella storia sudamericana, per lo meno nella misura in cui essa \u00e8 stata tramandata fino ai nostri giorni. Sebbene il numero di vittime, per quanto ci \u00e8 dato di sapere, resti essenzialmente un dato incerto della vicenda. Cos\u00ec come riesce arduo calcolare ogni anno quanti, tra i partecipanti della gara ciclistica che viene chiamata l&#8217;Inca Avalanche  (Valanga degli Inca) riescano a tagliare il traguardo illesi al termine dei circa 25-30 minuti di selvaggia discesa attraverso il passo di Abra M\u00e1laga e lungo le pendici del Nevado Ver\u00f3nica, montagna nota anche come Urubamba o Padre Eterno per i suoi notevoli 5.893 metri d&#8217;altezza. Di cui circa la met\u00e0 diventano parte di quel tragitto, lungo 22,88 Km, dai margini di un elevato ghiacciaio fino alle propaggini dell&#8217;ultima citt\u00e0 capace di resistere alle sanguinarie ambizioni coloniali degli Europei. Una folle corsa che sarebbe impressionante anche senza l&#8217;impiego dello stesso formato reso celebre dalla Mega Avalanche dell&#8217;Alpe d&#8217;Huez, che dal 1995 vede fino a 400 <em>riders <\/em>partire tutti assieme dalla vetta per una cavalcata lungo alcuni dei percorsi sciistici pi\u00f9 memorabili dell&#8217;Is\u00e8re. Laddove tale ispirazione appare di suo conto non del tutto priva di un certo livello di prudenza, con svolte elaborate al fine dichiarato di limitare la velocit\u00e0 massima dei partecipanti, e una ragionevole assenza di pericolosi ostacoli come rocce, tronchi d&#8217;albero e altri indesiderabili ornamenti del paesaggio, nessun pensiero di tale entit\u00e0 sembrerebbe essersi trovato al centro delle preoccupazioni degli organizzatori locali, come possiamo desumere dagli eccezionali reportage in prima persona offerti da qualche anno dal partecipante ricorrente, e spesso anche primo classificato della gara, il catalano Kilian Bron del Principato di Andorra. Che s&#8217;imbarca nella sua ultima impresa in un approccio certamente spettacolare, al tempo stesso non particolarmente raccomandabile, al suo notevole exploit di quest&#8217;anno: partire nella seconda e ultima discesa prevista dal calendario della corsa dall&#8217;ultima posizione, per poi arrivare primo come capita generalmente soltanto nei videogames. Mera irrealizzabile ambizione o l&#8217;obiettivo razionale di chi ben conosce le proprie straordinarie potenzialit\u00e0? Vi sar\u00e0 bastato leggere l&#8217;intestazione, per capirlo&#8230;<\/p>\n\n\n\n<!--more-->\n\n\n<div class=\"wp-block-image\">\n<figure class=\"aligncenter size-large\"><a href=\"https:\/\/youtu.be\/vGWAYt8gX40\" target=\"_blank\" rel=\"noreferrer noopener\"><img loading=\"lazy\" decoding=\"async\" width=\"500\" height=\"313\" src=\"https:\/\/www.jacoporanieri.com\/blog\/..\/public\/newmedia\/2022\/09\/Inka-Avalanche-Start-500x313.jpg\" alt=\"\" class=\"wp-image-36419\" srcset=\"https:\/\/www.jacoporanieri.com\/blog\/..\/public\/newmedia\/2022\/09\/Inka-Avalanche-Start-500x313.jpg 500w, https:\/\/www.jacoporanieri.com\/blog\/..\/public\/newmedia\/2022\/09\/Inka-Avalanche-Start-768x480.jpg 768w, https:\/\/www.jacoporanieri.com\/blog\/..\/public\/newmedia\/2022\/09\/Inka-Avalanche-Start-1536x960.jpg 1536w, https:\/\/www.jacoporanieri.com\/blog\/..\/public\/newmedia\/2022\/09\/Inka-Avalanche-Start.jpg 1728w\" sizes=\"auto, (max-width: 500px) 100vw, 500px\" \/><\/a><figcaption>I grandi portali gonfiabili col nome degli sponsor ricorrono a pi\u00f9 riprese lungo l&#8217;estendersi del tragitto. Incluso quello, pressoch\u00e9 immancabile in simili occasioni, della bibita &#8220;estrema&#8221; Redbull.<\/figcaption><\/figure>\n<\/div>\n\n\n<p>Lo svolgimento dell&#8217;impareggiabile sequenza suddivisa in due parti, gi\u00e0 riuscita ad accumulare oltre 4 milioni di visualizzazioni su YouTube dalla sua pubblicazione avvenuta lo scorso giugno, vede quindi il ciclista venuto da Oltreoceano partire di rincorsa, con un significativo margine rispetto alla massa indivisa delle centinaia di altri partecipanti alla spericolata &#8220;valanga&#8221;. Una scelta certamente meno che ottimale, quando si considera la quantit\u00e0 di membri destinati a subire incidenti o finire fuori gara proprio nei primissimi minuti, per rovinosi incidenti o urti vicendevoli all&#8217;interno del marasma inevitabilmente fuori da ogni logica o controllo. Bron tuttavia, gi\u00e0 consumato esecutore dell&#8217;impresa nonch\u00e9 facilmente in grado di classificarsi primo in plurime occasioni precedenti, si dimostra altrettanto abile nel navigare attraverso il traffico, schivando gli svariati colleghi caduti a terra, oltrepassando gli ostacoli e senza il timore di abbandonare in diversi momenti il tragitto principale, sempre riconquistato mantenendo un preciso controllo in mezzo ad asperit\u00e0 e dislivelli. Nel momento in cui la cima nebbiosa della montagna lascia il passo ad un sinuoso tragitto tra la vegetazione, lasciati indietro i membri meno professionali del gruppo, tra cui i letterali turisti giunti fino a questo luogo come membri paganti degli appositi tour sportivi, intenzionati a vivere una memorabile esperienza ma non necessariamente mettere a rischio la propria incolumit\u00e0 fisica, il protagonista del video inizia quindi a pedalare sul serio, raggiungendo velocit\u00e0 che sembrano sfiorare ed occasionalmente superare anche i 30-40 Km orari. In questa guisa sorpassando ancora, e ancora, raggiunge quindi la sezione asfaltata del tragitto, un gran finale in cui il passaggio ravvicinato con altri concorrenti \u00e8 fortunatamente raro, visti i ritmi di spostamento abbondantemente superiori ai 50 Km orari. Attorno al venticinquesimo minuto del video, quindi una sorpresa: dalla posizione privilegiata sopra il casco del ciclista, raggiungiamo per primi il traguardo, con ampio margine e tra l&#8217;esultanza della piccola folla riunitasi al punto d&#8217;arrivo della <em>kermesse<\/em>. Inizia dopo quel momento quella che l&#8217;autore stesso definisce la sua &#8220;vera discesa&#8221;, probabilmente corrispondente all&#8217;altra delle due <em>heat<\/em> previste dal regolamento di gara, per cui la somma del punteggio risultante determina l&#8217;ordine della classifica finale. La partenza \u00e8 questa volta meno spettacolare, con Bron situato davanti a destra in forza del suo risultato precedente, ben presto capace di distanziare il gruppo grazie al suo notevole controllo della bicicletta in discesa. Ma lo stesso tragitto viene compiuto a una velocit\u00e0 molto maggiore, dimostrando indirettamente quanto tempo siamo soliti sprecare in mezzo al traffico, ogni volta che imbocchiamo la strada del ritorno al termine di un&#8217;impegnativa giornata di lavoro. Di nuovo, particolarmente ammirevole risulta essere il modo in cui il nostro portatore della telecamera riesce a mantenere pulito l&#8217;obiettivo passandoci la mano ogni volta che ne ha l&#8217;opportunit\u00e0. Dimostrando l&#8217;importanza di una lunga esperienza pregressa in materia, nonch\u00e9 il possibile segmento di mercato per chi dovesse un giorno commercializzare dei minuscoli tergicristalli da montare sulle GoPro. Potenziali idee di sponsorizzazioni future?<\/p>\n\n\n<div class=\"wp-block-image\">\n<figure class=\"aligncenter size-large\"><a href=\"https:\/\/youtu.be\/mxevU2-YTpA\" target=\"_blank\" rel=\"noreferrer noopener\"><img loading=\"lazy\" decoding=\"async\" width=\"500\" height=\"313\" src=\"https:\/\/www.jacoporanieri.com\/blog\/..\/public\/newmedia\/2022\/09\/Inka-Avalanche-Descent-500x313.jpg\" alt=\"\" class=\"wp-image-36417\" srcset=\"https:\/\/www.jacoporanieri.com\/blog\/..\/public\/newmedia\/2022\/09\/Inka-Avalanche-Descent-500x313.jpg 500w, https:\/\/www.jacoporanieri.com\/blog\/..\/public\/newmedia\/2022\/09\/Inka-Avalanche-Descent-768x480.jpg 768w, https:\/\/www.jacoporanieri.com\/blog\/..\/public\/newmedia\/2022\/09\/Inka-Avalanche-Descent-1536x960.jpg 1536w, https:\/\/www.jacoporanieri.com\/blog\/..\/public\/newmedia\/2022\/09\/Inka-Avalanche-Descent.jpg 1728w\" sizes=\"auto, (max-width: 500px) 100vw, 500px\" \/><\/a><figcaption>Successivamente al completamento della seconda corsa, i partecipanti all&#8217;Inca Avalanche vengono invitati per la sera ad Ollantaytambo, dove si svolge una gara di acrobazie e salti nell&#8217;apposito allestimento al centro della piazza cittadina. Un&#8217;ultima sfida per i sopravvissuti&#8230;<\/figcaption><\/figure>\n<\/div>\n\n\n<p>In un mondo in cui le immagini pi\u00f9 di ogni altra cosa determinano il successo e la popolarit\u00e0 di ogni tipo di figura pubblica, inclusi gli sportivi, non \u00e8 realmente possibile raggiungere le vette di popolarit\u00e0 comunemente associate ad un tale ambiente senza essere almeno in parte gli agenti di marketing di se stessi. Sapendo scegliere le imprese pi\u00f9 interessanti per il pubblico, ma anche pubblicarle, montarle e proporle nel formato giusto, spesso nell&#8217;ambito dei profili gestiti autonomamente dei moderni luoghi di ritrovo sul Web. Cos\u00ec \u00e8 difficile trovare un praticante degli sport d&#8217;azione che non disponga almeno di un profilo Instagram, se non addirittura la completa antologia delle proprie imprese, archiviata per i posteri nel grande archivio digitalizzato di YouTube. Un ambito pienamente coerente per quanto concerne la nostra pregressa conoscenza di Mr Bron, gi\u00e0 autore tra le innumerevoli altre cose di un appassionante avventura esplorativa <a rel=\"noreferrer noopener\" href=\"https:\/\/www.jacoporanieri.com\/blog\/?p=30438\" target=\"_blank\">lungo la cresta a strapiombo della Sierra del Montsec<\/a>. Evoluzione stranamente appropriata dalle vittorie conseguite in gare dal formato decisamente tradizionalista come la Coppa di Francia e il Campionato Mondiale di Mountain Bike, raggiunta quell&#8217;et\u00e0 dei trent&#8217;anni in cui i meriti sportivi trovano il supporto ideale di un&#8217;immagine insolita ed interessante, coadiuvata dalla concentrazione in ambiti pi\u00f9 o meno fuori dal sentiero principale del proprio settore. Una ricerca di&#8230; Soddisfazione? Popolarit\u00e0? Forse soltanto il desiderio di condividere il coronamento della propria principale passione nel corso dell&#8217;esistenza. Dopo tutto, il risultato finale non cambia e neppure dovrebbe capitare ai meriti mostrati dal campione in siffatte circostanze non conformi. Anche questo \u00e8 un traguardo del mondo post-moderno, applicato all&#8217;ambito dell&#8217;eclettismo tangibile che un tempo chiamavamo &#8220;lo sport&#8221;. Un monolito forse meno compatto, ed immutabile, di quanto avessimo pensato allora&#8230;<\/p>\n","protected":false},"excerpt":{"rendered":"<p>Dopo una serie di ardue battaglie lungo l&#8217;intera dorsale montagnosa del Per\u00f9 culminanti con il doppio e inconclusivo assedio della capitale Cusco, il condottiero popolare passato alla storia con il nome di Manco Inca Yupanqui riusc\u00ec a ritirarsi nel 1536 presso la citt\u00e0 roccaforte di Ollantaytambo non lontano dal complesso di Machu Picchu, che avrebbe &#8230; <a title=\"Ciclista ci offre l&#8217;esperienza di sorpassare 300 rivali mentre scende gi\u00f9 dalla montagna nebbiosa\" class=\"read-more\" href=\"https:\/\/www.jacoporanieri.com\/blog\/?p=36416\" aria-label=\"Per saperne di pi\u00f9 su Ciclista ci offre l&#8217;esperienza di sorpassare 300 rivali mentre scende gi\u00f9 dalla montagna nebbiosa\">Leggi tutto<\/a><\/p>\n","protected":false},"author":2,"featured_media":0,"comment_status":"open","ping_status":"open","sticky":false,"template":"","format":"standard","meta":{"footnotes":""},"categories":[6],"tags":[6649,845,732,211,3490,2711,6650,1536,6596,1938,254,1123,6652,425,889,907,5347,6653,151,5698,522,6592,6651,87,6147],"class_list":["post-36416","post","type-post","status-publish","format-standard","hentry","category-news","tag-avalanche","tag-battaglie","tag-biciclette","tag-ciclismo","tag-corsa","tag-curve","tag-cusco","tag-dal-mondo","tag-difficolta","tag-discesa","tag-gopro","tag-inca","tag-machu-picchu","tag-montagna","tag-pericolo","tag-peru","tag-sentiero","tag-sorpassi","tag-sport","tag-sport-dazione","tag-strada","tag-tragitto","tag-valle-sacra","tag-viaggi","tag-vittoria"],"_links":{"self":[{"href":"https:\/\/www.jacoporanieri.com\/blog\/index.php?rest_route=\/wp\/v2\/posts\/36416","targetHints":{"allow":["GET"]}}],"collection":[{"href":"https:\/\/www.jacoporanieri.com\/blog\/index.php?rest_route=\/wp\/v2\/posts"}],"about":[{"href":"https:\/\/www.jacoporanieri.com\/blog\/index.php?rest_route=\/wp\/v2\/types\/post"}],"author":[{"embeddable":true,"href":"https:\/\/www.jacoporanieri.com\/blog\/index.php?rest_route=\/wp\/v2\/users\/2"}],"replies":[{"embeddable":true,"href":"https:\/\/www.jacoporanieri.com\/blog\/index.php?rest_route=%2Fwp%2Fv2%2Fcomments&post=36416"}],"version-history":[{"count":1,"href":"https:\/\/www.jacoporanieri.com\/blog\/index.php?rest_route=\/wp\/v2\/posts\/36416\/revisions"}],"predecessor-version":[{"id":36420,"href":"https:\/\/www.jacoporanieri.com\/blog\/index.php?rest_route=\/wp\/v2\/posts\/36416\/revisions\/36420"}],"wp:attachment":[{"href":"https:\/\/www.jacoporanieri.com\/blog\/index.php?rest_route=%2Fwp%2Fv2%2Fmedia&parent=36416"}],"wp:term":[{"taxonomy":"category","embeddable":true,"href":"https:\/\/www.jacoporanieri.com\/blog\/index.php?rest_route=%2Fwp%2Fv2%2Fcategories&post=36416"},{"taxonomy":"post_tag","embeddable":true,"href":"https:\/\/www.jacoporanieri.com\/blog\/index.php?rest_route=%2Fwp%2Fv2%2Ftags&post=36416"}],"curies":[{"name":"wp","href":"https:\/\/api.w.org\/{rel}","templated":true}]}}