{"id":33326,"date":"2021-05-26T06:24:08","date_gmt":"2021-05-26T04:24:08","guid":{"rendered":"https:\/\/www.jacoporanieri.com\/blog\/?p=33326"},"modified":"2021-05-26T06:26:03","modified_gmt":"2021-05-26T04:26:03","slug":"luovo-creato-per-anticipare-le-city-car-elettriche-di-5-decadi-e-una-balena","status":"publish","type":"post","link":"https:\/\/www.jacoporanieri.com\/blog\/?p=33326","title":{"rendered":"L&#8217;uovo francese creato per anticipare le city car elettriche di 5 decadi e una balena"},"content":{"rendered":"\n<div class=\"wp-block-image\"><figure class=\"aligncenter size-large\"><a href=\"https:\/\/vimeo.com\/193915296\" target=\"_blank\" rel=\"noopener\"><img loading=\"lazy\" decoding=\"async\" width=\"500\" height=\"313\" src=\"https:\/\/www.jacoporanieri.com\/blog\/..\/public\/newmedia\/2021\/05\/The-Egg-Car-500x313.jpg\" alt=\"\" class=\"wp-image-33328\" srcset=\"https:\/\/www.jacoporanieri.com\/blog\/..\/public\/newmedia\/2021\/05\/The-Egg-Car-500x313.jpg 500w, https:\/\/www.jacoporanieri.com\/blog\/..\/public\/newmedia\/2021\/05\/The-Egg-Car-768x480.jpg 768w, https:\/\/www.jacoporanieri.com\/blog\/..\/public\/newmedia\/2021\/05\/The-Egg-Car-1536x960.jpg 1536w, https:\/\/www.jacoporanieri.com\/blog\/..\/public\/newmedia\/2021\/05\/The-Egg-Car.jpg 1728w\" sizes=\"auto, (max-width: 500px) 100vw, 500px\" \/><\/a><\/figure><\/div>\n\n\n\n<p>Nel museo Citt\u00e0 dell&#8217;Automobile di Mulhouse, nell&#8217;Alsazia francese, si trova esposta una vettura tanto insolita che addirittura in un salone pieno di Bugatti di gran pregio, si \u00e8 pi\u00f9 volte dimostrata in grado di catalizzare l&#8217;attenzione dei visitatori. Lunga poco pi\u00f9 di due metri e larga uno e mezzo, appena sufficienti a contenere il sedile del conduttore pi\u00f9 quello di un singolo passeggero, il veicolo appare costruito primariamente in due materiali: un guscio bombato di metallo nella parte posteriore, e la grande bolla di plexiglass, priva di pilastri o altri elementi in grado di ridurre la visibilit\u00e0 stradale, concepita come interfaccia tra i due occupanti e l&#8217;universo scorrevole della citt\u00e0 di Parigi. Concettualmente non dissimile da una macchina contemporanea come una Renault Twizy, Citroen Ami o la recente Smart versione EQ, in forza di un motore elettrico capace di farle raggiungere agevolmente i 70 Km orari, lo strano veicolo non manca mai di stupire per la targhetta di accompagnamento che evidenzia l&#8217;anno di produzione. Ovvero il 1942, all&#8217;apice non solo dei drammatici eventi della seconda guerra mondiale, ma dell&#8217;occupazione militare della Francia stessa ad opera delle forze militari tedesche. O forse sarebbe pi\u00f9 opportuno dire &#8220;costruita&#8221; per l&#8217;iniziativa e l&#8217;opera di un singolo brillante progettista, destinato a diventare celebre nel suo paese di appartenenza grazie ai molti contributi dati al mondo dei trasporti stradali, ferroviari ed aerei. Tuttavia non sono molti, sfortunatamente, a conoscere in Europa l&#8217;opera di Paul Jean Arzens, vissuto tra il 1903 e il 1990, autore tra le altre cose del caratteristico aspetto di molte locomotive francesi della Alsthom\u00a0ed SNCF tra gli anni &#8217;60 e &#8217;70, riconoscibili per la caratteristica parte frontale a <em>nez cass\u00e9s<\/em> (letteralmente: naso rotto) con il profilo simile a quello di una lettera &#8220;Z&#8221; o nell&#8217;idea del suo creatore formatosi alla Scuola delle Belle Arti di Parigi, un corridore pronto ai blocchi di partenza di Olimpiadi ormai lontane. Con una passione per le soluzioni estetiche d&#8217;ispirazione naturalistica, o per usare un termine maggiormente specifico &#8220;bionica&#8221; che si riflette a pieno titolo nelle sue creazioni giovanili appartenenti al mondo dell&#8217;automobilismo fuoriserie, visto come nessuna casa automobilistica fosse effettivamente destinata, nel corso della sua lunga carriera, ad approvare la produzione in serie per una delle sue intriganti soluzioni veicolari. Un solo esemplare sarebbe stato messo al mondo, quindi, dell&#8217;appropriatamente denominato \u0152uf (uovo) <em>\u00e9lectrique<\/em>, cos\u00ec come della sua creazione antecedente ed altrettanto notevole della Baleine\u00a0del 1938 (la Balena) un&#8217;impressionante <em>roadster<\/em> a due posti, se cos\u00ec possiamo ancora azzardarci a definirla, della lunghezza 7 metri e il peso complessivo tutto sommato contenuto di 1099 Kg, grazie a un copioso impiego di alluminio, per cui l&#8217;autore si era ispirato direttamente e dichiaratamente al mondo allora avveniristico dell&#8217;aviazione. Un veicolo dall&#8217;aspetto tanto distintivo da essere comparsa in almeno due fumetti francesi, la Menace diabolique del 1979 e l&#8217;eterno Spirou, in un recente album pubblicato successivamente agli anni 2010, con la sua linea dal riconoscibile stile Art D\u00e9co e la griglia frontale del radiatore in grado di alludere ai fanoni del pi\u00f9 grande animale oceanico della Terra, con all&#8217;interno nascosta la forma normalmente invisibile dei fari. Una visione certamente in grado di stupire e sconvolgere chiunque la dovesse scorgere in arrivo nei propri specchietti retrovisori, ma concettualmente del tutto all&#8217;opposto del pi\u00f9 famoso &#8220;Uovo&#8221; nato in un contesto d&#8217;utilizzo certamente diverso, risultando perfettamente complementare a tale Batmobile d&#8217;anteguerra. Non a caso, il costruttore di entrambe, partendo dal suo celebre studio col soffitto totalmente trasparente in rue de Vaugirard, avrebbe continuato a farne un frequente uso stradale fino alla veneranda et\u00e0 di 87 anni&#8230;<\/p>\n\n\n\n<!--more-->\n\n\n\n<div class=\"wp-block-image\"><figure class=\"aligncenter size-large\"><a href=\"https:\/\/www.jacoporanieri.com\/blog\/..\/public\/newmedia\/2021\/05\/The-Whale-Car.jpg\" target=\"_blank\" rel=\"noopener\"><img loading=\"lazy\" decoding=\"async\" width=\"500\" height=\"375\" src=\"https:\/\/www.jacoporanieri.com\/blog\/..\/public\/newmedia\/2021\/05\/The-Whale-Car-500x375.jpg\" alt=\"\" class=\"wp-image-33329\" srcset=\"https:\/\/www.jacoporanieri.com\/blog\/..\/public\/newmedia\/2021\/05\/The-Whale-Car-500x375.jpg 500w, https:\/\/www.jacoporanieri.com\/blog\/..\/public\/newmedia\/2021\/05\/The-Whale-Car-768x576.jpg 768w, https:\/\/www.jacoporanieri.com\/blog\/..\/public\/newmedia\/2021\/05\/The-Whale-Car-1536x1152.jpg 1536w, https:\/\/www.jacoporanieri.com\/blog\/..\/public\/newmedia\/2021\/05\/The-Whale-Car.jpg 1920w\" sizes=\"auto, (max-width: 500px) 100vw, 500px\" \/><\/a><figcaption>C&#8217;\u00e8 una chiara somiglianza tra la Balena di Arzens \u00e8 la Batmobile degli anni &#8217;80 e &#8217;90, resa celebre dal film di Tim Burton con Michael Keaton per protagonista e Jack Nicholson nei panni di Joker. Al punto che non \u00e8 impossibile immaginare, in via del tutto ufficiosa, un processo d&#8217;ispirazione diretta da parte degli autori.<\/figcaption><\/figure><\/div>\n\n\n\n<p>Molte sarebbero state le lezioni apprese da Arzens con la sua Baleine, che si diceva rappresentare per l&#8217;uomo un vero e proprio studio viaggiante, capace di contenere all&#8217;interno del suo gigantesco cofano un bagagliaio con tutti i suoi strumenti di disegno, alimentata da un motore Buick da 68 cavalli capace di spingerla fino alla velocit\u00e0 di 160 Km\/h. Prima tra tutte, la maniera in cui parcheggiare qualcosa di tanto imponente, soprattutto all&#8217;interno di una citt\u00e0 intensamente trafficata come la capitale di Francia, non sarebbe stato destinato a rimanere semplice attraverso il trascorrere degli anni, con il progressivo aumentare delle vetture ad uso familiare ed individuale. Ma soprattutto la maniera in cui, successivamente all&#8217;istituzione di un stato di occupazione militare, con conseguente razionamento della benzina, sarebbe stato necessario ricorrere a un sistema di alimentazione alternativa. Cos\u00ec raccogliendo a piene mani le sue idee, il rinomato designer si procur\u00f2 alcune lastre di duralluminio (una lega di alluminio, manganese e magnesio) e maneggiando personalmente il martello e gli altri attrezzi la plasm\u00f2 nella desiderabile forma ovoidale. Quindi contattando l&#8217;azienda ferroviaria Alsthom, con cui aveva gi\u00e0 collaborato per alcuni lavori, si fece costruire la caratteristica &#8220;bolla&#8221; di plexiglass, destinata a costituire l&#8217;intera parte frontale del veicolo, il cui peso complessivo avrebbe dovuto superare di poco i 300 Kg. L&#8217;interezza dei quali rappresentata, per l&#8217;appunto, da un impianto elettrico con batterie da 12 volt e 250 ampere, capaci di spingere la piccola vettura biposto fino a una distanza di 100 Km senza dover provvedere a ricaricarle. L&#8217;idea fondamentale, di un unico ambiente mobile all&#8217;interno del quale potevano trovarsi autista, passeggero e i loro (limitati) bagagli, viene quindi considerata antesignana del concetto di monovolume, ma soprattutto l&#8217;insieme nel suo complesso \u00e8 l&#8217;effettiva visione anticipata di molti anni di quella che potremmo definire a pieno titolo una <em>city car<\/em>. Impegnato successivamente all&#8217;epoca della Liberazione nel produrre l&#8217;adattamento di un bombardiere B-17 per il generale Eisenhower, Capo di Stato Maggiore delle Forze Alleate in Europa, Arzens avrebbe quindi provveduto a privarlo di tutte le armi e dotarlo di un profilo maggiormente aerodinamico, oltre a una camera da letto e un vero e proprio soggiorno con 4 tavoli ribaltabili e 12 posti a sedere. Completato un simile progetto, la sua prima iniziativa fu quindi quella di sostituire il motore dell&#8217;\u0152uf con un pi\u00f9 performante monocilindro termico della Peugeot da 125 cc, capace di erogare 5,5 cavalli di potenza. Ci\u00f2 detto, egli non avrebbe mai abbandonato l&#8217;idea secondo cui le piccole auto elettriche potessero rappresentare il futuro della viabilit\u00e0 urbana, come esemplificato dalla Carrosse (la &#8220;Carrozza&#8221;) del 1951, un&#8217;evoluzione modulare e ultraleggera della sua creazione precedente, capace di adattarsi a varie situazioni d&#8217;impiego, grazie a un corpo in alluminio facilmente sostituibile dall&#8217;utilizzatore finale. Ancora una volta troppo avanti coi tempi, ed in assenza di un contratto per la produzione, il designer parigino fin\u00ec allora tuttavia per dedicarsi anima e corpo al mondo delle ferrovie, iniziando la progettazione della lunga serie di locomotive che l&#8217;avrebbero reso maggiormente ricco e famoso. Cos\u00ec una grande quantit\u00e0 di accurati modellini, costruiti da lui personalmente, iniziano a fare la loro comparsa nell&#8217;ormai leggendario studio di in rue de Vaugirard, con un&#8217;accurato plastico della campagna francese usato per determinare l&#8217;effetto dei loro colori e le rispettive livree. Cos\u00ec che entro una decade, i treni dal &#8220;naso rotto&#8221; con l&#8217;iconica livrea grigio-rossa iniziano a moltiplicarsi nelle serie CC 7001-7002 e la successiva CC 7100, alcuni di essi dotati di caratteristiche insolite come le prese d&#8217;aria a forma di freccia o veri e propri ponti panoramici per i passeggeri. Ed \u00e8 proprio in tale ambito, che il nome di questo eccezionale creativo di Francia sarebbe giunto ad acquisire l&#8217;immortalit\u00e0.<\/p>\n\n\n\n<div class=\"wp-block-image\"><figure class=\"aligncenter size-large\"><a href=\"https:\/\/youtu.be\/eKGlVLxKgvY\" target=\"_blank\" rel=\"noopener\"><img loading=\"lazy\" decoding=\"async\" width=\"500\" height=\"313\" src=\"https:\/\/www.jacoporanieri.com\/blog\/..\/public\/newmedia\/2021\/05\/Broken-Nose-Locomotive-500x313.jpg\" alt=\"\" class=\"wp-image-33327\" srcset=\"https:\/\/www.jacoporanieri.com\/blog\/..\/public\/newmedia\/2021\/05\/Broken-Nose-Locomotive-500x313.jpg 500w, https:\/\/www.jacoporanieri.com\/blog\/..\/public\/newmedia\/2021\/05\/Broken-Nose-Locomotive-768x480.jpg 768w, https:\/\/www.jacoporanieri.com\/blog\/..\/public\/newmedia\/2021\/05\/Broken-Nose-Locomotive-1536x960.jpg 1536w, https:\/\/www.jacoporanieri.com\/blog\/..\/public\/newmedia\/2021\/05\/Broken-Nose-Locomotive.jpg 1728w\" sizes=\"auto, (max-width: 500px) 100vw, 500px\" \/><\/a><figcaption>Pochi tipi di locomotive risultano altrettanto rappresentative di un paese e un&#8217;epoca quanto le nez cass\u00e9s di Arzens per la Francia, nonostante il soprannome anatomico appaia tutt&#8217;altro che lusinghiero. Ma la macchina della memoria, si sa, funziona spesso in modi assai difficili da prevedere.<\/figcaption><\/figure><\/div>\n\n\n\n<p>Eppure il mondo mostra ancora la testimonianza di tutto quello che &#8220;avrebbe potuto essere&#8221; se soltanto il progredire degli eventi avesse seguito una via lievemente collaterale a margine degli eventi registrati della storia. Cos\u00ec ognuno di coloro che conoscono per la prima volta l&#8217;Uovo, e la sua vicina la Balena, nell&#8217;esposizione memorabile de la Cit\u00e9 de l&#8217;Automobile, non pu\u00f2 fare a meno di chiedersi che cosa effettivamente avrebbe potuto essere, della viabilit\u00e0 urbana dell&#8217;immediato dopoguerra, se soltanto un grande marchio dell&#8217;automobilismo avesse creduto nella visione futuribile di chi era gi\u00e0 pronto a rivoluzionare il mondo. Tanto che sarebbe stato proprio l&#8217;artista e amico di famiglia Pierre-Louis Goirand a riportare, sul suo blog <a href=\"http:\/\/blog.thephase3.fr\/search\/label\/i-Roads\" target=\"_blank\" rel=\"noreferrer noopener\">The Phase 3<\/a> molti anni dopo, di un colloquio avuto in giovent\u00f9 con Arzens, nel quale l&#8217;ormai anziano progettista lo metteva in guardia sulle frustrazioni di un creativo intenzionato ad accelerare eccessivamente il lento cambiamento dei processi tecnologici ed umani. Un po&#8217; come l&#8217;uovo che intenda schiudersi in anticipo; laddove un lungo processo preparatorio, all&#8217;interno di un nido sufficientemente riparato, risulta necessario affinch\u00e9 il pulcino possa ricevere un valido comparto di opportunit\u00e0. Ma nessun canto del gallo, prima o dopo quel processo, potr\u00e0 mai rappresentare la Fine&#8230;<\/p>\n\n\n\n<div class=\"wp-block-image\"><figure class=\"aligncenter size-large\"><a href=\"https:\/\/www.jacoporanieri.com\/blog\/..\/public\/newmedia\/2021\/05\/La-Carrosse-Arzens.jpg\"><img loading=\"lazy\" decoding=\"async\" width=\"500\" height=\"698\" src=\"https:\/\/www.jacoporanieri.com\/blog\/..\/public\/newmedia\/2021\/05\/La-Carrosse-Arzens-500x698.jpg\" alt=\"\" class=\"wp-image-33330\" srcset=\"https:\/\/www.jacoporanieri.com\/blog\/..\/public\/newmedia\/2021\/05\/La-Carrosse-Arzens-500x698.jpg 500w, https:\/\/www.jacoporanieri.com\/blog\/..\/public\/newmedia\/2021\/05\/La-Carrosse-Arzens.jpg 749w\" sizes=\"auto, (max-width: 500px) 100vw, 500px\" \/><\/a><figcaption>Studio in merito alla funzionalit\u00e0 e leggerezza della Carrosse, integralmente restaurata dal Museo dell&#8217;Automobile nel 2016-17 &#8211; <a href=\"https:\/\/www.pinterest.co.uk\/pin\/489907265691714830\/\" target=\"_blank\" rel=\"noreferrer noopener\">Via<\/a><\/figcaption><\/figure><\/div>\n","protected":false},"excerpt":{"rendered":"<p>Nel museo Citt\u00e0 dell&#8217;Automobile di Mulhouse, nell&#8217;Alsazia francese, si trova esposta una vettura tanto insolita che addirittura in un salone pieno di Bugatti di gran pregio, si \u00e8 pi\u00f9 volte dimostrata in grado di catalizzare l&#8217;attenzione dei visitatori. Lunga poco pi\u00f9 di due metri e larga uno e mezzo, appena sufficienti a contenere il sedile &#8230; <a title=\"L&#8217;uovo francese creato per anticipare le city car elettriche di 5 decadi e una balena\" class=\"read-more\" href=\"https:\/\/www.jacoporanieri.com\/blog\/?p=33326\" aria-label=\"Per saperne di pi\u00f9 su L&#8217;uovo francese creato per anticipare le city car elettriche di 5 decadi e una balena\">Leggi tutto<\/a><\/p>\n","protected":false},"author":2,"featured_media":0,"comment_status":"open","ping_status":"open","sticky":false,"template":"","format":"standard","meta":{"footnotes":""},"categories":[6],"tags":[1426,361,5724,4533,5723,5721,3578,236,915,289,3677,256,167,136,137,1002,1088,71,97,385,5722],"class_list":["post-33326","post","type-post","status-publish","format-standard","hentry","category-news","tag-alluminio","tag-auto","tag-balena","tag-batmobile","tag-city-car","tag-designer","tag-elettrico","tag-europa","tag-ferrovie","tag-francia","tag-fuoriserie","tag-guida","tag-ingegneria","tag-invenzioni","tag-motori","tag-personaggi","tag-prototipi","tag-storia","tag-tecnologia","tag-treni","tag-uovo"],"_links":{"self":[{"href":"https:\/\/www.jacoporanieri.com\/blog\/index.php?rest_route=\/wp\/v2\/posts\/33326","targetHints":{"allow":["GET"]}}],"collection":[{"href":"https:\/\/www.jacoporanieri.com\/blog\/index.php?rest_route=\/wp\/v2\/posts"}],"about":[{"href":"https:\/\/www.jacoporanieri.com\/blog\/index.php?rest_route=\/wp\/v2\/types\/post"}],"author":[{"embeddable":true,"href":"https:\/\/www.jacoporanieri.com\/blog\/index.php?rest_route=\/wp\/v2\/users\/2"}],"replies":[{"embeddable":true,"href":"https:\/\/www.jacoporanieri.com\/blog\/index.php?rest_route=%2Fwp%2Fv2%2Fcomments&post=33326"}],"version-history":[{"count":2,"href":"https:\/\/www.jacoporanieri.com\/blog\/index.php?rest_route=\/wp\/v2\/posts\/33326\/revisions"}],"predecessor-version":[{"id":33332,"href":"https:\/\/www.jacoporanieri.com\/blog\/index.php?rest_route=\/wp\/v2\/posts\/33326\/revisions\/33332"}],"wp:attachment":[{"href":"https:\/\/www.jacoporanieri.com\/blog\/index.php?rest_route=%2Fwp%2Fv2%2Fmedia&parent=33326"}],"wp:term":[{"taxonomy":"category","embeddable":true,"href":"https:\/\/www.jacoporanieri.com\/blog\/index.php?rest_route=%2Fwp%2Fv2%2Fcategories&post=33326"},{"taxonomy":"post_tag","embeddable":true,"href":"https:\/\/www.jacoporanieri.com\/blog\/index.php?rest_route=%2Fwp%2Fv2%2Ftags&post=33326"}],"curies":[{"name":"wp","href":"https:\/\/api.w.org\/{rel}","templated":true}]}}