{"id":32061,"date":"2020-11-26T06:16:15","date_gmt":"2020-11-26T05:16:15","guid":{"rendered":"https:\/\/www.jacoporanieri.com\/blog\/?p=32061"},"modified":"2020-11-26T06:16:18","modified_gmt":"2020-11-26T05:16:18","slug":"crinale-straordinariamente-sottile-offre-loccasione-di-cavalcare-la-svizzera-intera","status":"publish","type":"post","link":"https:\/\/www.jacoporanieri.com\/blog\/?p=32061","title":{"rendered":"Crinale straordinariamente sottile offre l&#8217;occasione di cavalcare la Svizzera intera"},"content":{"rendered":"\n<div class=\"wp-block-image\"><figure class=\"aligncenter size-large\"><a href=\"https:\/\/www.instagram.com\/p\/CHNspwRhzCQ\/\" target=\"_blank\" rel=\"noopener noreferrer\"><img loading=\"lazy\" decoding=\"async\" width=\"500\" height=\"313\" src=\"https:\/\/www.jacoporanieri.com\/blog\/..\/public\/newmedia\/2020\/11\/Swiss-Reitergrat-500x313.jpg\" alt=\"\" class=\"wp-image-32064\" srcset=\"https:\/\/www.jacoporanieri.com\/blog\/..\/public\/newmedia\/2020\/11\/Swiss-Reitergrat-500x313.jpg 500w, https:\/\/www.jacoporanieri.com\/blog\/..\/public\/newmedia\/2020\/11\/Swiss-Reitergrat-768x480.jpg 768w, https:\/\/www.jacoporanieri.com\/blog\/..\/public\/newmedia\/2020\/11\/Swiss-Reitergrat-1536x960.jpg 1536w, https:\/\/www.jacoporanieri.com\/blog\/..\/public\/newmedia\/2020\/11\/Swiss-Reitergrat.jpg 1728w\" sizes=\"auto, (max-width: 500px) 100vw, 500px\" \/><\/a><\/figure><\/div>\n\n\n\n<p>\u00c9 del tutto ragionevole pensare che nessuno venga colto di sorpresa dall&#8217;inimitabile passaggio alpino del Reitergrat (&#8220;cresta a cavalcioni&#8221;) semplicemente perch\u00e9 costituisce una delle principali attrattive, nonch\u00e9 ostacoli maggiormente significativi, verso il raggiungimento della torre centrale dell&#8217;Alpstein. Massiccio montuoso delle Prealpi Svizzere che potr\u00e0 anche non essere altissimo in senso generale (1,895 metri) ma grazie alla sua posizione relativamente isolata permette di scrutare un magnifico paesaggio in ogni direzione. A patto di riuscire a dominare, per alcuni lunghissimi minuti ed ore, la propria naturale paura di trovarsi in bilico sopra il cavallo dei pantaloni. Traducendo dal tedesco, l&#8217;esperienza di attraversare quel particolare tratto viene generalmente descritta come &#8220;dolorosa&#8221; il che pu\u00f2 essere attribuito, a seconda dei casi, al senso latente di precariet\u00e0 ulteriore oppure il particolare movimento strisciante, esattamente in corrispondenza di parti anatomiche notoriamente delicate, lungo l&#8217;estendersi di un tratto lungo approssimativamente 50 metri. Eppure, nel chiederci quanto effettivamente ne valga la pena, non possiamo fare a meno di osservare uno dei molti video virali girati presso questa incredibile localit\u00e0 sospesa tra cielo e terra; finendo per restare molto spesso affascinati, dalle incredibili implicazioni dell&#8217;esperienza.<br>Prendi ad esempio questo breve spezzone ad uso Instagram del giovane alpinista professionista Michael Wohlleben, originario della citt\u00e0 tedesca di Augusta. La cui esperienza sportiva egli stesso ama riassumere nel &#8220;Cercare l&#8217;impossibile, facendo affidamento sull&#8217;energia e la forza del proprio corpo&#8221; mentre a beneficio dei suoi <em>follower <\/em>afferra in mezzo alle ginocchia il dorso dell&#8217;enorme rilievo staccando temporaneamente le sue mani da ogni tipo di appiglio, mentre con la sinistra impugna l&#8217;asta estensibile di un bastone da selfie, per mostrarci con lente ad occhio di pesce le incredibili circostanze del suo momento presente. Con un sorriso coinvolgente, nessun tipo di stanchezza nel suo contegno e uno spensierato gesto di saluto finale, portato con il pollice e l&#8217;indice, che ricorda quello di un compagno di bevute al termine della serata con i suoi amici universitari&#8230; O un personaggio vittorioso al termine di una partita del videogame Fortnite.<br>Di sicuro non tutti possiamo vantare una storia personale assurta alle cronache internazionali con la salita della parete nord del monte Eiger all&#8217;et\u00e0 di soli 17 anni, nel 2007, dimostrando in tal modo il predominio di uno dei maggiori problemi alpinistici del secolo scorso. N\u00e9 la straordinaria preparazione fisica che lo porta ad essere &#8220;non proprio un <em>runner<\/em>,&#8221; &#8220;non proprio uno scalatore&#8221; e naturalmente, &#8220;non proprio un pilota di parapendio&#8221; come duramente esemplificato dall&#8217;infortunio sub\u00ecto nel 2014. O l&#8217;esperienza locale che nasce dalla sua attivit\u00e0 di guida alpina con il maggior numero di attraversamenti del Reitergrat, dovendo trovarsi a far fronte ad un vasto ventaglio di situazioni impreviste, come quella in un suo cliente di vecchia data l&#8217;estate scorsa, che chiameremo semplicemente Mr. Ralf, decise improvvisamente di <a href=\"https:\/\/www.instagram.com\/p\/CCyvJ31H2MY\/\" target=\"_blank\" rel=\"noreferrer noopener\">alzarsi in piedi in un punto precario del sottile percorso<\/a>, ricordando improvvisamente al trentenne l&#8217;eccezionale pericolosit\u00e0 di quanto era per lui ormai poco pi\u00f9 che una passeggiata. Perch\u00e9 \u00e8 molto facile immedesimarsi nelle immagini di quanto si sta guardando. Mentre tutt&#8217;altra storia risulta essere, la realizzazione fisica di un&#8217;idea riassumibile nell&#8217;entusiastica progressione &#8220;Me stesso. Un giorno. Lass\u00f9&#8230;&#8221;<\/p>\n\n\n\n<!--more-->\n\n\n\n<div class=\"wp-block-image\"><figure class=\"aligncenter size-large\"><a href=\"https:\/\/www.instagram.com\/p\/B24kuSEn2hJ\/\" target=\"_blank\" rel=\"noopener noreferrer\"><img loading=\"lazy\" decoding=\"async\" width=\"500\" height=\"313\" src=\"https:\/\/www.jacoporanieri.com\/blog\/..\/public\/newmedia\/2020\/11\/Peter-Reitergrat-500x313.jpg\" alt=\"\" class=\"wp-image-32063\" srcset=\"https:\/\/www.jacoporanieri.com\/blog\/..\/public\/newmedia\/2020\/11\/Peter-Reitergrat-500x313.jpg 500w, https:\/\/www.jacoporanieri.com\/blog\/..\/public\/newmedia\/2020\/11\/Peter-Reitergrat-768x480.jpg 768w, https:\/\/www.jacoporanieri.com\/blog\/..\/public\/newmedia\/2020\/11\/Peter-Reitergrat-1536x960.jpg 1536w, https:\/\/www.jacoporanieri.com\/blog\/..\/public\/newmedia\/2020\/11\/Peter-Reitergrat.jpg 1728w\" sizes=\"auto, (max-width: 500px) 100vw, 500px\" \/><\/a><figcaption>L&#8217;effettiva progressione della pi\u00f9 singolare cresta di tutta la Svizzera sembra estendersi all&#8217;infinto sia in avanti che indietro, nel saliente momento in cui ci si trova a percorrerla sopra il livello delle nubi. Essendo fiancheggiata dallo scoglio di un baratro che, senza alcun tipo dubbio, merita un livello doverosamente elevato di rispetto.<\/figcaption><\/figure><\/div>\n\n\n\n<p>Ben lontano dal poter essere definita, dunque, una nuova conoscenza, la sottile cresta del Reitergrat ricompare periodicamente attraverso i canali dei social media per l&#8217;effetto straordinariamente scenografico del suo attraversamento, particolarmente quando il tempo atmosferico riesce ad essere sufficientemente clemente da scrutare il paesaggio in ogni direzione, grazie ai magnifici algoritmi di stabilizzazione in suo nella maggior parte delle <em>action camera<\/em> dei nostri tecnologici giorni. Particolarmente degno di nota, a tal proposito, l&#8217;attraversamento del settembre 2019 pubblicato dall&#8217;alpinista austriaco Peter Maier, rimbalzato da un lato all&#8217;altro di Internet pi\u00f9 velocemente di quanto sia possibile esclamare TikTok, che posizionando la GoPro al termine di un lungo bastone sulla sommit\u00e0 dello zaino si \u00e8 potuto applicare nel dimostrarci l&#8217;effettiva metodologia per percorrere il crinale, consistente generalmente nell&#8217;avanzamento gatton gattoni un poco alla volta, cercando di salvarsi per quanto possibile dal ruvido strofinamento della roccia viva. E non sorprende certo a questo punto il consiglio del sito del settore Chmoser.ch, che <a href=\"https:\/\/www.chmoser.ch\/trips\/berichte\/tourendetail.php?TourId=1470\" target=\"_blank\" rel=\"noreferrer noopener\">nella pagina rilevante<\/a> raccomanda agli aspiranti scalatori di dotarsi di &#8220;vecchi pantaloni&#8221; o ancor meglio, quel particolare tipo d&#8217;indumento imbottito sotto usato durante le lunghe tratte di ciclismo. Anche perch\u00e9 pur non facendo formalmente parte del gruppo noto come alpi calcaree, il massiccio montuoso dell&#8217;Alpstein risulta formato dello stesso materiale marmoreo naturalmente soggetto all&#8217;effetto progressivo degli elementi. Trovandosi letteralmente ricoperto, in funzione di ci\u00f2, d&#8217;innumerevoli crepe, fessure, asperit\u00e0, nonch\u00e9 caratterizzato da un&#8217;implicita fragilit\u00e0 degli appigli, rispetto alle montagne svizzere formate di pietra granitica, tale da incrementare la pericolosit\u00e0 della sua scalata ben oltre il livello dato ad intendere dalla sua classificazione secondo il sistema alpino, soprattutto nei punti come la cresta a cavalcioni, esposte ai venti da tutte le direzioni possibili allo stesso tempo.<br>Il fatto stesso che una scalata simile venga chiaramente documentata grazie allo strumento di Internet diventa quindi un fondamentale strumento d&#8217;informazione, tale da scoraggiare tutti quelli che non potrebbero n\u00e9 vorrebbero trovarsi a dover scegliere tra il tornare indietro, oppure affrontare qualcosa di eccessivamente <em>borderline<\/em>, per non dire ben oltre i confini del proprio livello di preparazione precedentemente acquisito. Offrendo nel contempo a noi osservatori effettivamente ben lontani dalla cognizione pratica di simili obiettivi, l&#8217;opportunit\u00e0 di vivere almeno con la fantasia l&#8217;ebbrezza e l&#8217;instabilit\u00e0 di un irriproducibile momento, non importa quanto si tenti di farlo attraverso lo strumento digitale ed interattivo. Bench\u00e9 risulti particolarmente difficile non tentare di farlo, almeno una volta, visitando il sito gestito dalle autorit\u00e0 del Canton Appenzello Interno, in cui le cime dell&#8217;Alpstein vengono mostrate in tutta la loro magnificenza grazie <a href=\"https:\/\/www.appenzellerlinks.ch\/Appenzellerland\/Panoramatour\/Kugelpanorama-Tour-Alpstein.htm\" target=\"_blank\" rel=\"noreferrer noopener\">all&#8217;impiego della fotografia a 360 gradi ad altissima risoluzione<\/a>. Permettendo di spostarsi dall&#8217;una all&#8217;altra con il massimo grado di comodit\u00e0, facendo affidamento sullo strumento universale di un semplice click del mouse. Estremamente comodo, nevvero?<\/p>\n\n\n\n<div class=\"wp-block-image\"><figure class=\"aligncenter size-large is-resized\"><a href=\"https:\/\/youtu.be\/6y4CHnxHGxw\" target=\"_blank\" rel=\"noopener noreferrer\"><img loading=\"lazy\" decoding=\"async\" src=\"https:\/\/www.jacoporanieri.com\/blog\/..\/public\/newmedia\/2020\/11\/Foggy-Reitergrat-500x313.jpg\" alt=\"\" class=\"wp-image-32062\" width=\"500\" height=\"313\" srcset=\"https:\/\/www.jacoporanieri.com\/blog\/..\/public\/newmedia\/2020\/11\/Foggy-Reitergrat-500x313.jpg 500w, https:\/\/www.jacoporanieri.com\/blog\/..\/public\/newmedia\/2020\/11\/Foggy-Reitergrat-768x480.jpg 768w, https:\/\/www.jacoporanieri.com\/blog\/..\/public\/newmedia\/2020\/11\/Foggy-Reitergrat-1536x960.jpg 1536w, https:\/\/www.jacoporanieri.com\/blog\/..\/public\/newmedia\/2020\/11\/Foggy-Reitergrat.jpg 1728w\" sizes=\"auto, (max-width: 500px) 100vw, 500px\" \/><\/a><figcaption>Di sicuro raggiungere il Reitergrat quando cala improvvisamente la nebbia, come fatto dal misterioso alpinista di YouTube identificato unicamente come K T, dev&#8217;essergli sembrato una crudelt\u00e0 significativa. Eppure anche in assenza di un panorama, la sottile montagna mantiene il suo fascino ultramondano.<\/figcaption><\/figure><\/div>\n\n\n\n<p>Mettersi alla prova ad ogni costo, superare se stessi, il prossimo, le aspettative di chi ti guarda. Questo \u00e8 il risvolto talvolta problematico della comunicazione moderna fondata sul numero dei <em>like<\/em>, in cui il bisogno di apparire diversi tra una massa banale e indistinta costringe tanto spesso a mettersi in situazioni eccezionalmente pericolose, all&#8217;inseguimento di quella Dea effimera che \u00e8 il successo. Ci\u00f2 detto permane un significativo livello di differenza, tra quanto potrebbe mettersi a fare sull&#8217;ispirazione del momento un alpinista relativamente inesperto come il buon Mr. Ralf, e l&#8217;opera comprovata di esperti arrampicatori quali si dimostrano chiaramente essere Wohlleben o Maier, per cui percorrere il Reitergrat non \u00e8 che l&#8217;attivit\u00e0 corroborante tra l&#8217;ora della colazione ed un caff\u00e8 bevuto sopra il nebbioso cappello d&#8217;Europa. Che non sar\u00e0 remoto ed irraggiungibile quanto le leggendarie cime himalayane. Ma vanta passaggi degni di essere iscritti a lettere di fuoco nel libro eterno dell&#8217;alpinismo. <br>E una linea invidiabile grazie alla sottigliezza delle sue ruvide creste calcaree, morfologicamente rassomiglianti a dei ferma-porta a cuneo, utili a mantenere spalancata la porta di un vagabondo destino di gloria.<\/p>\n","protected":false},"excerpt":{"rendered":"<p>\u00c9 del tutto ragionevole pensare che nessuno venga colto di sorpresa dall&#8217;inimitabile passaggio alpino del Reitergrat (&#8220;cresta a cavalcioni&#8221;) semplicemente perch\u00e9 costituisce una delle principali attrattive, nonch\u00e9 ostacoli maggiormente significativi, verso il raggiungimento della torre centrale dell&#8217;Alpstein. Massiccio montuoso delle Prealpi Svizzere che potr\u00e0 anche non essere altissimo in senso generale (1,895 metri) ma grazie &#8230; <a title=\"Crinale straordinariamente sottile offre l&#8217;occasione di cavalcare la Svizzera intera\" class=\"read-more\" href=\"https:\/\/www.jacoporanieri.com\/blog\/?p=32061\" aria-label=\"Per saperne di pi\u00f9 su Crinale straordinariamente sottile offre l&#8217;occasione di cavalcare la Svizzera intera\">Leggi tutto<\/a><\/p>\n","protected":false},"author":2,"featured_media":0,"comment_status":"open","ping_status":"open","sticky":false,"template":"","format":"standard","meta":{"footnotes":""},"categories":[6],"tags":[1352,5402,2628,3947,5403,3409,236,2373,301,1354,889,1002,866,118,282,942,87],"class_list":["post-32061","post","type-post","status-publish","format-standard","hentry","category-news","tag-alpinismo","tag-alpstein","tag-altezza","tag-calcare","tag-cavalcate","tag-creste","tag-europa","tag-luoghi","tag-montagne","tag-paesaggio","tag-pericolo","tag-personaggi","tag-scalate","tag-sport-estremi","tag-svizzera","tag-vertigini","tag-viaggi"],"_links":{"self":[{"href":"https:\/\/www.jacoporanieri.com\/blog\/index.php?rest_route=\/wp\/v2\/posts\/32061","targetHints":{"allow":["GET"]}}],"collection":[{"href":"https:\/\/www.jacoporanieri.com\/blog\/index.php?rest_route=\/wp\/v2\/posts"}],"about":[{"href":"https:\/\/www.jacoporanieri.com\/blog\/index.php?rest_route=\/wp\/v2\/types\/post"}],"author":[{"embeddable":true,"href":"https:\/\/www.jacoporanieri.com\/blog\/index.php?rest_route=\/wp\/v2\/users\/2"}],"replies":[{"embeddable":true,"href":"https:\/\/www.jacoporanieri.com\/blog\/index.php?rest_route=%2Fwp%2Fv2%2Fcomments&post=32061"}],"version-history":[{"count":2,"href":"https:\/\/www.jacoporanieri.com\/blog\/index.php?rest_route=\/wp\/v2\/posts\/32061\/revisions"}],"predecessor-version":[{"id":32066,"href":"https:\/\/www.jacoporanieri.com\/blog\/index.php?rest_route=\/wp\/v2\/posts\/32061\/revisions\/32066"}],"wp:attachment":[{"href":"https:\/\/www.jacoporanieri.com\/blog\/index.php?rest_route=%2Fwp%2Fv2%2Fmedia&parent=32061"}],"wp:term":[{"taxonomy":"category","embeddable":true,"href":"https:\/\/www.jacoporanieri.com\/blog\/index.php?rest_route=%2Fwp%2Fv2%2Fcategories&post=32061"},{"taxonomy":"post_tag","embeddable":true,"href":"https:\/\/www.jacoporanieri.com\/blog\/index.php?rest_route=%2Fwp%2Fv2%2Ftags&post=32061"}],"curies":[{"name":"wp","href":"https:\/\/api.w.org\/{rel}","templated":true}]}}