{"id":31591,"date":"2020-09-16T06:36:02","date_gmt":"2020-09-16T04:36:02","guid":{"rendered":"https:\/\/www.jacoporanieri.com\/blog\/?p=31591"},"modified":"2020-09-16T06:36:12","modified_gmt":"2020-09-16T04:36:12","slug":"vista-inferi-spazioso-antro-lievemente-da-ristrutturare-chiedere-della-sibilla-cumana","status":"publish","type":"post","link":"https:\/\/www.jacoporanieri.com\/blog\/?p=31591","title":{"rendered":"Vista Inferi, spazioso antro lievemente da ristrutturare. Chiedere della Sibilla Cumana"},"content":{"rendered":"\n<div class=\"wp-block-image\"><figure class=\"aligncenter size-large\"><a href=\"https:\/\/youtu.be\/4oxGO96wAkc\" target=\"_blank\" rel=\"noopener noreferrer\"><img loading=\"lazy\" decoding=\"async\" width=\"500\" height=\"313\" src=\"https:\/\/www.jacoporanieri.com\/blog\/..\/public\/newmedia\/2020\/09\/Cumaean-Sibyl-Grotto-500x313.jpg\" alt=\"\" class=\"wp-image-31593\" srcset=\"https:\/\/www.jacoporanieri.com\/blog\/..\/public\/newmedia\/2020\/09\/Cumaean-Sibyl-Grotto-500x313.jpg 500w, https:\/\/www.jacoporanieri.com\/blog\/..\/public\/newmedia\/2020\/09\/Cumaean-Sibyl-Grotto-768x480.jpg 768w, https:\/\/www.jacoporanieri.com\/blog\/..\/public\/newmedia\/2020\/09\/Cumaean-Sibyl-Grotto-1536x960.jpg 1536w, https:\/\/www.jacoporanieri.com\/blog\/..\/public\/newmedia\/2020\/09\/Cumaean-Sibyl-Grotto.jpg 1728w\" sizes=\"auto, (max-width: 500px) 100vw, 500px\" \/><\/a><\/figure><\/div>\n\n\n\n<p>La storia mitologica della seconda colonia della Magna Grecia in Italia, dopo l&#8217;antica citt\u00e0 di Ischia, ha origini nel fuoco eterno che domina gli strati superiori del cielo terrestre. Quello emanato dall&#8217;astro solare del dio Apollo, che arde implacabile sopra i fiumi, le montagne, le valli e le ali di cera. Quelle d&#8217;Icaro e suo figlio Dedalo, in fuga disperata da un oscuro Labirinto e l&#8217;ivi contenuto irsuto uomo-belva, contrassegnato dalle aguzze corna che convengono a un furente Minotauro. Cos\u00ec come il padre, sfortunatamente pieno di quella stessa <em>hubris <\/em>(tracotanza) che fu la condanna d&#8217;innumerevoli e ben pi\u00f9 possenti eroi, raggiunse un&#8217;altitudine abbastanza significativa da vedersi sciogliere l&#8217;ingegnosa tentativo di dominare i cieli, rovinando verso il suolo come una terribile stella cometa. Mentre il figlio, meno lieve o forse pi\u00f9 attento a cadenzare il ritmo dei suoi battiti aviari, fece appena in tempo ad atterrare in mezzo ai monti dell&#8217;italico meridione, avendo salva la sopravvivenza e giurando a se stesso e agli Dei che non avrebbe pi\u00f9 tentato di sfidare le catene che ci legano pesantemente al sacro suolo. Ma nei confronti di chiunque pensi che fosse possibile volgere le spalle a una cos\u00ec terribile esperienza, senza esserne profondamente cambiato, io consiglio di provare a scrutare nella sua anima segreta. A un tal punto profondamente toccata, per non dire quasi ustionata, da portarlo a fondare quello che sarebbe diventato il pi\u00f9 importante tempio dedicato al dio del Sole a occidente del Mar Ionio.<br>Col tempo il sito crebbe d&#8217;importanza e fama, finch\u00e9 attorno ad esso avrebbe trovato posto un&#8217;intera comunit\u00e0. Quella, per l&#8217;appunto, di Cuma. Nei pressi di un&#8217;area vulcanica che fin da un tempo ancora antecedente era stata considerata la porta d&#8217;ingresso dell&#8217;Ade stesso, fonte sotterranea dello stesso fuoco che a tal punto aveva affascinato il sangue dello stesso Icaro, e che lo stesso avrebbe fatto, un po&#8217; alla volta, con le forti mani e i fervidi picconi dei suoi discendenti. Si dice dunque che i Greci scavarono molto a fondo, quasi freneticamente, trovando infine quella dimensione chtonia che nei secoli a venire avrebbe costituito la principale base, nonch\u00e9 pilastro economico, della fortuna di questa celebre citt\u00e0. Perch\u00e9 non tutto ci\u00f2 che ha a che vedere con Apollo \u00e8 splendido e magnifico, particolarmente quando risulta essere l&#8217;ultima e pi\u00f9 grave conseguenza di uno sfortunato patto tra il mondo degli uomini e il pericoloso regno del Divino: &#8220;Accetta di amarmi, sinuosa, profetica sibilla, ed io ti prometto in questo giorno: tu riceverai una vita tanto lunga quanto i grani di sabbia che riuscirai a stringere tre le tue mani&#8221; Rispose quindi la sacerdotessa, dell&#8217;antica stirpe dedicata al culto diurno del divino, certo mio signore, come potrei mai rifiutarmi? (E di sicuro non poteva!) Ma poich\u00e9 ella era vergine e pia, secondo alcune versioni della storia fece subito dopo voto di castit\u00e0, suscitando l&#8217;ira funesta del figlio di Zeus: &#8220;Ricordi il nostro accordo, vero? Non mi sembra avessimo parlato ANCHE di eterna giovinezza&#8230;&#8221;<br>E fu cos\u00ec che la Sibilla Cumana inizi\u00f2 a invecchiare. Per 100, 200, 700 anni dei mille concessagli dal dio, finch\u00e9 la ritroviamo descritta nell&#8217;Eneide di Virgilio, quando il principe dei Dardani, dopo aver abbandonato l&#8217;amata regina Didone, giunse qui per conversar coi morti e ricevere l&#8217;amara profezia del suo futuro. &#8220;Orrenda&#8221; nelle parole dello stesso poeta, quando invasata durante la produzione di un un vaticinio perdeva il controllo delle sue antiche membra, ma anche abbastanza mostruosa da vivere lontano dal consesso del sommo tempio. Entro le pi\u00f9 oscure viscere del sottosuolo, dove il suo corpo distorto e rinsecchito non poteva offendere lo sguardo dei comuni mortali. Oh, se soltanto potesse scrutare per un attimo all&#8217;interno di cos\u00ec profonde, misteriose, immote gallerie&#8230;<\/p>\n\n\n\n<!--more-->\n\n\n\n<div class=\"wp-block-image\"><figure class=\"aligncenter size-large\"><a href=\"https:\/\/youtu.be\/LKNPDcdkJiY\" target=\"_blank\" rel=\"noopener noreferrer\"><img loading=\"lazy\" decoding=\"async\" width=\"500\" height=\"313\" src=\"https:\/\/www.jacoporanieri.com\/blog\/..\/public\/newmedia\/2020\/09\/Cumaean-Sibyl-Rooms-500x313.jpg\" alt=\"\" class=\"wp-image-31594\" srcset=\"https:\/\/www.jacoporanieri.com\/blog\/..\/public\/newmedia\/2020\/09\/Cumaean-Sibyl-Rooms-500x313.jpg 500w, https:\/\/www.jacoporanieri.com\/blog\/..\/public\/newmedia\/2020\/09\/Cumaean-Sibyl-Rooms-768x480.jpg 768w, https:\/\/www.jacoporanieri.com\/blog\/..\/public\/newmedia\/2020\/09\/Cumaean-Sibyl-Rooms-1536x960.jpg 1536w, https:\/\/www.jacoporanieri.com\/blog\/..\/public\/newmedia\/2020\/09\/Cumaean-Sibyl-Rooms.jpg 1728w\" sizes=\"auto, (max-width: 500px) 100vw, 500px\" \/><\/a><figcaption>Certe sedie sono scomode per definizione, ma c&#8217;\u00e8 poco che un soffitto basso possa fare per migliorare il morale di chi attende di conoscere il suo destino. Per lo meno, all&#8217;epoca, non riecheggiava il suono di quel trapano dannato, strumento sotterraneo del dentista al lavoro&#8230;<\/figcaption><\/figure><\/div>\n\n\n\n<p>Quale fosse l&#8217;effettivo antro della Sibilla, per quanto ci \u00e8 dato di comprendere ad oltre 25 secoli di distanza, non ci \u00e8 particolarmente semplice. Sebbene all&#8217;archeologo Amedeo Maiuri, nel 1932, fosse venuta un&#8217;importante idea. Quella di scavare finalmente, dopo tanto tempo trascorso tra le rovine rimaste dell&#8217;antica Cuma, al di l\u00e0 di un forno di epoca romana, rimuovendo gli strati sovrapposti del cumulo di detriti derivanti dal trascorrere dei millenni. Per trovare una profonda e arcana galleria, per certi versi affine a quella gi\u00e0 nota del Cocceio, lunga un chilometro e che essendo stata costruita per scopi difensivi, probabilmente durante le guerre civili di Ottaviano Augusto, collegava invece il cratere stesso del lago Averno al centro della citt\u00e0 di Dedalo atterrato in Italia. Ma che aveva, rispetto ad essa, una fondamentale differenza: l&#8217;apparente, pressoch\u00e9 totale inutilit\u00e0. A meno che&#8230; Ora tralasciando il punto di vista virgiliano, che poeticamente definiva l&#8217;arcana grotta come un letterale vuoto della montagna traforata da cunicoli, attraverso cui la profetessa faceva trasportare via dal vento le foglie di palma coi propri vaticini (ve l&#8217;immaginate organizzare una cosa simile?) Mauri bas\u00f2 la sua ipotesi principalmente sulle descrizioni successive di un tale luogo del potere, politico e religioso, come quella offerta nell&#8217;Alessandra di Licofrone (III sec. a.C.) poema sull&#8217;omonima profetessa figlia di Priamo, o addirittura fonti successive alla nascita di Cristo quali il filosofo Giustino martire (100-167) che narravano di come i postulanti in cerca di una lettura del loro Fato fossero accompagnati nel sottosuolo, per sostare quindi in attesa dentro un&#8217;anticamera scavata nella nuda roccia dei monti sibillini. Camera presente, per l&#8217;appunto, nella grotta in questione sebbene il soffitto sopra il sedile appaia un po&#8217; troppo basso perch\u00e9 sia possibile definirlo propriamente &#8220;a misura d&#8217;uomo&#8221;. Mentre il resto della galleria, di origine chiaramente artificiale, si presenta col suo stile architettonico e la volta di forma trapezoidale, con la grandiosit\u00e0 evidente di un ambiente dedicato al culto sacro come un cupo di benvenuto tra i confini del regno dei misteri. La galleria quindi, non pi\u00f9 lunga di 131 metri, presenta numerose diramazioni per lo pi\u00f9 instradate verso vicoli ciechi, fatta eccezione per i tre ambienti simili a cisterne sotterranee che probabilmente trovarono quest&#8217;uso in epoca romana. Ed almeno un terrazzamento, dove forse un tempo trovarono posto ponderose macchine d&#8217;assedio. Ma \u00e8 senz&#8217;altro il piccolo e pi\u00f9 antico ambiente suddiviso in tre stanze, detto in greco <em>o\u00edkos end\u00f3tatos<\/em> (stanza oracolare) ad aver costituito la maggior ragione d&#8217;interesse da parte delle molte ricerche archeologiche e filologiche condotte nel corso del &#8216;900. Poich\u00e9 si credeva che proprio in tale oscuro recesso, tra il silenzio reverenziale degli spettatori, la sibilla pronunciasse le parole che l&#8217;avrebbero trasformata nel tramite terrestre del suo dio, fonte vendicativa d&#8217;immortalit\u00e0. Graffiti cristiani, tracciati in epoche successive, lasciano sospettare che la catacomba fosse stata usata in seguito come sepolcro o cripta, mentre segni ben pi\u00f9 misteriosi e di epoca incerta hanno portato ad alcune ipotesi sul fatto che le pareti della grotta fossero state usate come una sorta di calendario lunare.<br>Il seguito della storia, per come la narra Ovidio nelle sue Metamorfosi (8 d.C.) \u00e8 piuttosto triste e privo di alcun tipo di rivalsa. Poich\u00e9 confinata sotto la dura roccia e molti metri di terra, la Sibilla Cumana continu\u00f2 a indebolirsi e rimpicciolirsi, finch\u00e9 non assunse la proporzioni di una contorta cicala. Intrappolata quindi all&#8217;interno di una bottiglia per l&#8217;opera dei suoi colleghi ingrati, divent\u00f2 infine polvere, continuando nonostante questo a subire la maledizione di Apollo. Cos\u00ec per molti anni ancora, la sua voce avrebbe riecheggiato nelle occulte sale, alternando le condanne o promesse di gloria futura, come anelli di quella catena senza fine che \u00e8 la <em>hubris<\/em>, eterna dannazione di uomini e Dei.<\/p>\n\n\n\n<div class=\"wp-block-image\"><figure class=\"aligncenter size-large\"><a href=\"https:\/\/youtu.be\/4EwGXolwzf8\" target=\"_blank\" rel=\"noopener noreferrer\"><img loading=\"lazy\" decoding=\"async\" width=\"500\" height=\"313\" src=\"https:\/\/www.jacoporanieri.com\/blog\/..\/public\/newmedia\/2020\/09\/Aeneas-Hell-Trip-500x313.jpg\" alt=\"\" class=\"wp-image-31592\" srcset=\"https:\/\/www.jacoporanieri.com\/blog\/..\/public\/newmedia\/2020\/09\/Aeneas-Hell-Trip-500x313.jpg 500w, https:\/\/www.jacoporanieri.com\/blog\/..\/public\/newmedia\/2020\/09\/Aeneas-Hell-Trip-768x480.jpg 768w, https:\/\/www.jacoporanieri.com\/blog\/..\/public\/newmedia\/2020\/09\/Aeneas-Hell-Trip-1536x960.jpg 1536w, https:\/\/www.jacoporanieri.com\/blog\/..\/public\/newmedia\/2020\/09\/Aeneas-Hell-Trip.jpg 1728w\" sizes=\"auto, (max-width: 500px) 100vw, 500px\" \/><\/a><figcaption>Una delle storie alla base della cultura mediatica moderna, sebbene sotto mentite spoglie, la discesa agli Inferi di Enea meriterebbe di essere letta fuori dalle scuole. Dove l&#8217;interesse spontaneo, piuttosto che l&#8217;imposizione di un programma obbligato, possa permettere la sua sincera riscoperta ad opera delle generazioni contemporanee.<\/figcaption><\/figure><\/div>\n\n\n\n<p>E che dire di Enea, che &#8220;Finalmente scampato ai pericoli del mare&#8221; poco prima di varcare i confini dell&#8217;Ade, ove avrebbe conosciuto il peggio e il meglio di quella terra oltre a incontrare il padre defunto, sarebbe stato introdotto ai misteri del suo stesso futuro dall&#8217;orribile sacerdotessa? &#8220;Vedo guerre, tremende guerre, ed il Tevere spumeggiante di molto sangue. Non ti mancheranno Simoenta, Xanto e accampamenti dorici. C&#8217;\u00e8 un altro Achille partorito nel Lazio, anch&#8217;egli nato da una dea. Tu non cedere ai mali, ma fiducioso avanza, finch\u00e9 la tua sorte te lo permetter\u00e0.&#8221;<br>Come solennemente profetizzato, giunto infine nella terra latina dove la sua stirpe avrebbe dato i natali alle genti di Roma, l&#8217;eroe troiano avrebbe combattuto. E combattuto ancora, contro gli Etruschi e i Rutuli della Liguria, conoscendo solamente le battaglie fino al giorno in cui, durante un conflitto presso il fiume laziale del Numico sarebbe finalmente stato assunto nell&#8217;Olimpo celeste, trovando la serenit\u00e0 nel regno degli dei. Ma quanto avrebbero potuto fare, ancora, i suoi discendenti&#8230; Bolidi con ali di cera, scagliati oltre i livelli fiammeggianti della stratosfera. Per la costruzione di un Impero destinato a esplodere come la furia di un vulcano. Sotto lo sguardo del divino Apollo, soltanto vagamente interessato alle tribolazioni di quei sottoposti simili a formiche, gli insignificanti e talvolta sotterranei &#8220;umani&#8221;.<\/p>\n","protected":false},"excerpt":{"rendered":"<p>La storia mitologica della seconda colonia della Magna Grecia in Italia, dopo l&#8217;antica citt\u00e0 di Ischia, ha origini nel fuoco eterno che domina gli strati superiori del cielo terrestre. Quello emanato dall&#8217;astro solare del dio Apollo, che arde implacabile sopra i fiumi, le montagne, le valli e le ali di cera. Quelle d&#8217;Icaro e suo &#8230; <a title=\"Vista Inferi, spazioso antro lievemente da ristrutturare. Chiedere della Sibilla Cumana\" class=\"read-more\" href=\"https:\/\/www.jacoporanieri.com\/blog\/?p=31591\" aria-label=\"Per saperne di pi\u00f9 su Vista Inferi, spazioso antro lievemente da ristrutturare. Chiedere della Sibilla Cumana\">Leggi tutto<\/a><\/p>\n","protected":false},"author":2,"featured_media":0,"comment_status":"open","ping_status":"open","sticky":false,"template":"","format":"standard","meta":{"footnotes":""},"categories":[6],"tags":[251,5282,688,5283,2432,671,3284,424,1381,2373,5284,3545,72,784,2207,1448,2742,554,1366,71],"class_list":["post-31591","post","type-post","status-publish","format-standard","hentry","category-news","tag-archeologia","tag-campania","tag-caverne","tag-eneide","tag-gallerie","tag-grecia","tag-grotte","tag-italia","tag-leggende","tag-luoghi","tag-magna-grecia","tag-miti","tag-mitologia","tag-mondo-antico","tag-profezie","tag-ritrovamenti","tag-roma","tag-rovine","tag-sottosuolo","tag-storia"],"_links":{"self":[{"href":"https:\/\/www.jacoporanieri.com\/blog\/index.php?rest_route=\/wp\/v2\/posts\/31591","targetHints":{"allow":["GET"]}}],"collection":[{"href":"https:\/\/www.jacoporanieri.com\/blog\/index.php?rest_route=\/wp\/v2\/posts"}],"about":[{"href":"https:\/\/www.jacoporanieri.com\/blog\/index.php?rest_route=\/wp\/v2\/types\/post"}],"author":[{"embeddable":true,"href":"https:\/\/www.jacoporanieri.com\/blog\/index.php?rest_route=\/wp\/v2\/users\/2"}],"replies":[{"embeddable":true,"href":"https:\/\/www.jacoporanieri.com\/blog\/index.php?rest_route=%2Fwp%2Fv2%2Fcomments&post=31591"}],"version-history":[{"count":2,"href":"https:\/\/www.jacoporanieri.com\/blog\/index.php?rest_route=\/wp\/v2\/posts\/31591\/revisions"}],"predecessor-version":[{"id":31596,"href":"https:\/\/www.jacoporanieri.com\/blog\/index.php?rest_route=\/wp\/v2\/posts\/31591\/revisions\/31596"}],"wp:attachment":[{"href":"https:\/\/www.jacoporanieri.com\/blog\/index.php?rest_route=%2Fwp%2Fv2%2Fmedia&parent=31591"}],"wp:term":[{"taxonomy":"category","embeddable":true,"href":"https:\/\/www.jacoporanieri.com\/blog\/index.php?rest_route=%2Fwp%2Fv2%2Fcategories&post=31591"},{"taxonomy":"post_tag","embeddable":true,"href":"https:\/\/www.jacoporanieri.com\/blog\/index.php?rest_route=%2Fwp%2Fv2%2Ftags&post=31591"}],"curies":[{"name":"wp","href":"https:\/\/api.w.org\/{rel}","templated":true}]}}