{"id":31394,"date":"2020-08-18T06:34:11","date_gmt":"2020-08-18T04:34:11","guid":{"rendered":"https:\/\/www.jacoporanieri.com\/blog\/?p=31394"},"modified":"2020-08-18T06:34:44","modified_gmt":"2020-08-18T04:34:44","slug":"la-grave-situazione-in-iowa-e-il-fenomeno-meteorologico-che-lha-causata","status":"publish","type":"post","link":"https:\/\/www.jacoporanieri.com\/blog\/?p=31394","title":{"rendered":"La grave situazione in Iowa e il fenomeno meteorologico che l&#8217;ha causata"},"content":{"rendered":"\n<div class=\"wp-block-image\"><figure class=\"aligncenter size-large\"><a href=\"https:\/\/youtu.be\/65mjbK3izgE\" target=\"_blank\" rel=\"noopener noreferrer\"><img loading=\"lazy\" decoding=\"async\" width=\"500\" height=\"313\" src=\"https:\/\/www.jacoporanieri.com\/blog\/..\/public\/newmedia\/2020\/08\/2020-Derecho-Skydrama-500x313.jpg\" alt=\"\" class=\"wp-image-31396\" srcset=\"https:\/\/www.jacoporanieri.com\/blog\/..\/public\/newmedia\/2020\/08\/2020-Derecho-Skydrama-500x313.jpg 500w, https:\/\/www.jacoporanieri.com\/blog\/..\/public\/newmedia\/2020\/08\/2020-Derecho-Skydrama-768x480.jpg 768w, https:\/\/www.jacoporanieri.com\/blog\/..\/public\/newmedia\/2020\/08\/2020-Derecho-Skydrama-1536x960.jpg 1536w, https:\/\/www.jacoporanieri.com\/blog\/..\/public\/newmedia\/2020\/08\/2020-Derecho-Skydrama.jpg 1728w\" sizes=\"auto, (max-width: 500px) 100vw, 500px\" \/><\/a><\/figure><\/div>\n\n\n\n<p>Nella sera dello scorso luned\u00ec 10 agosto, una strana serie di segnali contrastanti hanno iniziato ad essere registrati dai sensori di marea sul lago Michigan, tanto da far pensare agli enti preposti a valutarne la lettura che qualcosa, da qualche parte, avesse cessato di funzionare correttamente. Con un grafico paragonabile a quello di un terremoto, per un periodo di alcuni giorni, la linea costiera del terzo lago statunitense per estensione inizi\u00f2 ad arretrare, avanzare, arretrare di nuovo, con un tempo d&#8217;oscillazione di pochissime ore; in altri termini sembrava, dal punto di vista pratico, che un gigantesco bambino stesse sbattendo le mani e i piedi all&#8217;interno di una colossale vasca da bagno, influenzando per gioco il livello dell&#8217;acqua a suo piacimento. Una visione o descrizione metaforica, quest&#8217;ultima, tutt&#8217;altro che probabile nei fatti eppure valida per dar l&#8217;idea di quanto la furia risvegliata della natura, ancora una volta, stava per scatenare sull&#8217;eternamente in bilico regione continentale dell&#8217;intero Midwest statunitense: una catastrofe ventosa dalle proporzioni sconvolgenti. Riassunta in una parola, derecho, che non \u00e8 del tipo frequentemente udito in questi giorni al telegiornale, per ragioni a conti fatti alquanto semplici da interpretare&#8230; Laddove le migliaia di vittime quotidiane da Covid-19, anche all&#8217;altro lato dell&#8217;Atlantico, hanno relegato questo disastro all&#8217;ultimo servizio dei telegiornali o magari neanche l\u00ec, con un conto delle vittime pari a &#8220;soltanto&#8221; due allo stato attuale ed &#8220;appena&#8221; 14 feriti, per lo pi\u00f9 non particolarmente gravi. Ma esiste pi\u00f9 di un modo, per subire i danni collettivi di un disastro, come sanno molto bene i possessori di terreno in questa fondamentale riserva agricola del Nordamerica, gi\u00e0 pesantemente colpita nel corso dell&#8217;anno dalla lunga sequenza di dazi generati nella guerra dei commerci con la Cina e che adesso, a fronte di una situazione gi\u00e0 complessa, stanno affrontando forse il periodo pi\u00f9 drammatico della loro esistenza: granai divelti, magazzini distrutti, abitazioni fatte a pezzi e soprattutto milioni di ettari del raccolto letteralmente spazzati via, con incalcolabili tonnellate di mais strappato alla radice, poco prima di essere disseminato ancora non maturo attraverso le verdeggianti valli di Iowa, Ohio, Utah e Wyoming.<br>Gi\u00e0 perch\u00e9 il derecho, per sua natura non si avvolge attorno agli edifici torcendone gli elementi architettonici e scagliandoli in tutte le direzioni, come avviene per la sua pi\u00f9 celebre e frequente controparte, il tornado, bens\u00ec dando ragion d&#8217;essere al suo nome preso in prestito dalla lingua spagnola soffia in una maniera &#8220;diritta&#8221;, che poi risulta essere, da queste parti, orientato verso Sud-Est nel tentativo disperato di raggiungere l&#8217;equatore. Il che rende una tale tempesta paradossalmente meno pericolosa per gli umani che possono tentare di trovar rifugio in tempo utile, bench\u00e9 non faccia nulla per salvare le propriet\u00e0 ed inoltre risulti, con venti misurabili fino alla velocit\u00e0 impressionante di 58 m\/s, capace d&#8217;infierire su queste ultime con enfasi particolarmente degna di nota. Immaginate, a tal proposito, una lunga linea di temporali che si sposta in linea retta, attraversando con un ritmo accelerato l&#8217;intero territorio di una serie di comuni e piantagioni. Ciascuno dei quali sufficientemente rapido da permanere sopra di essi per un tempo pari ad appena 20-30 minuti, ma ben presto seguito dall&#8217;anello successivo della catena per un tempo complessivo che nelle regioni pi\u00f9 colpite pu\u00f2 aggirarsi fino alle 8 ore. Questo, in parole povere, \u00e8 il derecho, che per fortuna risultando essere piuttosto raro si realizza una, al massimo due volte l&#8217;anno, bench\u00e9 sia particolarmente difficile ignorare o dimenticare gli effetti cataclisimici del suo passaggio. Particolarmente gravi, neanche a dirlo, nella presente situazione di un cos\u00ec drammatico 2020&#8230;<\/p>\n\n\n\n<!--more-->\n\n\n\n<div class=\"wp-block-image\"><figure class=\"aligncenter size-large\"><a href=\"https:\/\/youtu.be\/0kfDAZPVCBU\" target=\"_blank\" rel=\"noopener noreferrer\"><img loading=\"lazy\" decoding=\"async\" width=\"500\" height=\"313\" src=\"https:\/\/www.jacoporanieri.com\/blog\/..\/public\/newmedia\/2020\/08\/2020-Derecho-Path-500x313.jpg\" alt=\"\" class=\"wp-image-31395\" srcset=\"https:\/\/www.jacoporanieri.com\/blog\/..\/public\/newmedia\/2020\/08\/2020-Derecho-Path-500x313.jpg 500w, https:\/\/www.jacoporanieri.com\/blog\/..\/public\/newmedia\/2020\/08\/2020-Derecho-Path-768x480.jpg 768w, https:\/\/www.jacoporanieri.com\/blog\/..\/public\/newmedia\/2020\/08\/2020-Derecho-Path-1536x960.jpg 1536w, https:\/\/www.jacoporanieri.com\/blog\/..\/public\/newmedia\/2020\/08\/2020-Derecho-Path.jpg 1728w\" sizes=\"auto, (max-width: 500px) 100vw, 500px\" \/><\/a><figcaption>Grazie a questa mappa del passaggio cronologico del derecho, clamorosamente assente dalla maggior parte dei telegiornali americani, \u00e8 possibile apprezzare l&#8217;impressionante velocit\u00e0 di spostamento del fronte di tempesta. E l&#8217;estendersi dei danni che si \u00e8 ampiamente dimostrata in grado di causare.<\/figcaption><\/figure><\/div>\n\n\n\n<p>In assenza di una trattazione ai notiziari e conseguenti parentesi d&#8217;approfondimento, persino nel presente verificarsi di una casistica tanto priva di precedenti, \u00e8 altamente probabile che un&#8217;ampia percentuale del pubblico non statunitense stia entrando per la prima volta in contatto con questo particolare fenomeno meteorologico, cos\u00ec rappresentativo di tali regioni ma anche documentato in India e Bangladesh, dove prende il nome di Nor&#8217;wester o pi\u00f9 raramente, nell&#8217;emisfero meridionale in Sudamerica o la parte meridionale del continente Africano. Per quanto concerne il termine pi\u00f9 utilizzato su scala internazionale, del resto, \u00e8 possibile fare riferimento a una specifica figura di studioso del XIX secolo, il chimico, fisico e sostanziale polimata immigrato dalla Danimarca Gustavus Detlef Hinrichs (1836-1923) che dopo aver lavorato molti anni come professore presso l&#8217;Universit\u00e0 di St. Louis, assunse un ruolo organizzativo presso il Servizio Meteorologico di Stato, ovvero quello che sarebbe successivamente diventato, in epoca moderna, il National Weather Service (NWS). Svolgendo il quale avrebbe dimostrato una capacit\u00e0 deduttiva fuori dal comune quando, nonostante la capacit\u00e0 limitata degli strumenti disponibili all&#8217;epoca, descrisse approfonditamente in una serie di articoli scientifici le caratteristiche di una nuova, necessaria classe di fenomeno meteorologico, ovvero per l&#8217;appunto il derecho. &#8220;Ci\u00f2 che i miei esimi colleghi insistono nel definire semplicemente un diverso tipo di tornado&#8221; esordiva in una trattazione del 1888 &#8220;Quando appare cos\u00ec evidente che si tratta di un qualcosa di totalmente diverso, gi\u00e0 da me descritto in precedenza.&#8221; Ed in effetti Hinrichs, con il suo stile caratteristico e piuttosto abrasivo (caratteristica primaria della sua personalit\u00e0) aveva gi\u00e0 parlato di questi occasionali disastri quasi 10 anni prima limitandosi a chiamarli <em>squall<\/em>, termine inglese traducibile in maniera letterale come &#8220;burrasca&#8221; bench\u00e9 in tal contesto avesse la probabile funzione di riferirsi alle <em>squall lines<\/em> o linee convettive dei groppi. Ovvero una lunga fascia di temporali, causata da un fronte d&#8217;aria raffreddata dalle piogge in grado d&#8217;insinuarsi sotto zone d&#8217;aria tiepida, sollevandola e causando in questo modo significative perturbazioni, chiamate nella terminologia scientifica sistemi convettivi mesoscalari. Con una progressione sistematica che ha propensione ad apparire, se vista dall&#8217;alto, con la forma di un arco o lettera &#8220;c&#8221; invertita, facendo la sua comparsa in maniera immediatamente riconoscibile sui sistemi di misurazione radar del mondo contemporaneo. Una visione per necessit\u00e0 dei fatti totalmente sconosciuta ad Hinrichs, che ai suoi tempi disegn\u00f2 il derecho come una serie di &#8220;soffi&#8221; paralleli e successivi, desumendone correttamente tuttavia l&#8217;andamento geografico e l&#8217;orientamento in direzione di Sud-Est, tale da giungere a descriverlo nei suoi stessi termini come &#8220;soffio lineare della prateria&#8221; contrapposto al &#8220;vortice rotante della prateria&#8221; (il tornado) che pu\u00f2 demolire sistematicamente gli edifici ma non riesce in genere, ad esempio, a far coricare di lato un intero treno parcheggiato sui binari. Una distinzione quest&#8217;ultima importante non soltanto a prevedere la gravit\u00e0 e tipologia dei danni ma anche l&#8217;effettiva direzione di marcia della tempesta, oltre alla sua superiore velocit\u00e0 di spostamento verso meridione, che tanto spesso impedisce di suonare per tempo le sirene di allarme cittadino, bench\u00e9 grazie alla meteorologia moderna risulti nella maggior parte dei casi possibile evacuare in tempo se stessi e le persone che ci sono pi\u00f9 care. Ma non sempre, purtroppo, i nostri pi\u00f9 preziosi ed essenziali averi.<\/p>\n\n\n\n<div class=\"wp-block-image\"><figure class=\"aligncenter size-large\"><a href=\"https:\/\/youtu.be\/XKneh8QvWfA\" target=\"_blank\" rel=\"noopener noreferrer\"><img loading=\"lazy\" decoding=\"async\" width=\"500\" height=\"313\" src=\"https:\/\/www.jacoporanieri.com\/blog\/..\/public\/newmedia\/2020\/08\/Iowa-Derecho-Farm-500x313.jpg\" alt=\"\" class=\"wp-image-31397\" srcset=\"https:\/\/www.jacoporanieri.com\/blog\/..\/public\/newmedia\/2020\/08\/Iowa-Derecho-Farm-500x313.jpg 500w, https:\/\/www.jacoporanieri.com\/blog\/..\/public\/newmedia\/2020\/08\/Iowa-Derecho-Farm-768x480.jpg 768w, https:\/\/www.jacoporanieri.com\/blog\/..\/public\/newmedia\/2020\/08\/Iowa-Derecho-Farm-1536x960.jpg 1536w, https:\/\/www.jacoporanieri.com\/blog\/..\/public\/newmedia\/2020\/08\/Iowa-Derecho-Farm.jpg 1728w\" sizes=\"auto, (max-width: 500px) 100vw, 500px\" \/><\/a><figcaption>&#8220;L&#8217;implosione di un silo o granaio a causa dell&#8217;energia del vento \u00e8 gi\u00e0 un danno da centinaia di migliaia di dollari&#8221; afferma la voce narrante di questo breve segmento del Weather Channel sul catastrofico derecho dell&#8217;estate 2020: &#8220;Ma quando ci\u00f2 che resta dell&#8217;edificio devi andare a riprendertelo nel terreno del tuo vicino, allora sai di avere un GROSSO problema&#8221;.<\/figcaption><\/figure><\/div>\n\n\n\n<p>Ed \u00e8 un indubbiamente un problema che non se ne parli quando si considera come il derecho, a differenza del tornado, non \u00e8 collegato a una specifica stagione e pu\u00f2 in effetti verificarsi in qualsiasi mese dell&#8217;anno. Con un preavviso notevolmente breve e nessuno chiaro stato dei fatti acclarato in senso scientifico, capace di determinarne l&#8217;impellente manifestazione, vedi il caso della celebre Tempesta del Millennio del 1993, in cui uno di questi episodi ebbe modo di spingersi fino alla Florida, scatenando sul suo percorso una lunga serie di supercelle, mesocicloni e tornado altrettanto terribili e devastanti. In quale modo proteggersi, dunque, da ci\u00f2 che neanche il mondo accademico pu\u00f2 affermare di aver compreso a fondo, nonostante l&#8217;importanza economica e sociale che potrebbe avere riuscire a farlo? Come nel caso della grave pandemia che di suo conto, in questi difficili giorni, sta influendo negativamente sulla prontezza e disponibilit\u00e0 degli aiuti governativi, l&#8217;unica risposta \u00e8 prepararsi allo scenario peggiore e a seguito di questo, fare scorte addirittura superiori. <br>Un intento tutt&#8217;altro che accessibile, quando si considera come la distruzione dei terreni coltivati e relative infrastrutture dell&#8217;intero Midwest, successivamente al passaggio di questa drammatica estate del 2020, potrebbe avere conseguenze in grado di estendersi fino alle prossime generazioni. Sia che il susseguirsi degli attimi che noi chiamiamo &#8220;tempo&#8221; sia soltanto un vortice, oppure viaggi dritto come un fuso, tutto quello che ci resta \u00e8 a questo punto rifugiarci negli scantinati. Proteggendo l&#8217;umanamente comprensibile, nonch\u00e9 condivisibile speranza, che la ruota di un fato crudele torni finalmente a girare.<\/p>\n","protected":false},"excerpt":{"rendered":"<p>Nella sera dello scorso luned\u00ec 10 agosto, una strana serie di segnali contrastanti hanno iniziato ad essere registrati dai sensori di marea sul lago Michigan, tanto da far pensare agli enti preposti a valutarne la lettura che qualcosa, da qualche parte, avesse cessato di funzionare correttamente. Con un grafico paragonabile a quello di un terremoto, &#8230; <a title=\"La grave situazione in Iowa e il fenomeno meteorologico che l&#8217;ha causata\" class=\"read-more\" href=\"https:\/\/www.jacoporanieri.com\/blog\/?p=31394\" aria-label=\"Per saperne di pi\u00f9 su La grave situazione in Iowa e il fenomeno meteorologico che l&#8217;ha causata\">Leggi tutto<\/a><\/p>\n","protected":false},"author":2,"featured_media":0,"comment_status":"open","ping_status":"open","sticky":false,"template":"","format":"standard","meta":{"footnotes":""},"categories":[6],"tags":[232,1536,5224,5221,4499,374,5223,910,2170,1602,2243,475,1456,78,147,71,909,5222,2458,516],"class_list":["post-31394","post","type-post","status-publish","format-standard","hentry","category-news","tag-agricoltura","tag-dal-mondo","tag-danni","tag-derecho","tag-devastazione","tag-disastri","tag-iowa","tag-meteorologia","tag-michigan","tag-midwest","tag-nordamerica","tag-notizie","tag-ohio","tag-scienza","tag-stati-uniti","tag-storia","tag-tempeste","tag-temporali","tag-tornado","tag-vento"],"_links":{"self":[{"href":"https:\/\/www.jacoporanieri.com\/blog\/index.php?rest_route=\/wp\/v2\/posts\/31394","targetHints":{"allow":["GET"]}}],"collection":[{"href":"https:\/\/www.jacoporanieri.com\/blog\/index.php?rest_route=\/wp\/v2\/posts"}],"about":[{"href":"https:\/\/www.jacoporanieri.com\/blog\/index.php?rest_route=\/wp\/v2\/types\/post"}],"author":[{"embeddable":true,"href":"https:\/\/www.jacoporanieri.com\/blog\/index.php?rest_route=\/wp\/v2\/users\/2"}],"replies":[{"embeddable":true,"href":"https:\/\/www.jacoporanieri.com\/blog\/index.php?rest_route=%2Fwp%2Fv2%2Fcomments&post=31394"}],"version-history":[{"count":1,"href":"https:\/\/www.jacoporanieri.com\/blog\/index.php?rest_route=\/wp\/v2\/posts\/31394\/revisions"}],"predecessor-version":[{"id":31398,"href":"https:\/\/www.jacoporanieri.com\/blog\/index.php?rest_route=\/wp\/v2\/posts\/31394\/revisions\/31398"}],"wp:attachment":[{"href":"https:\/\/www.jacoporanieri.com\/blog\/index.php?rest_route=%2Fwp%2Fv2%2Fmedia&parent=31394"}],"wp:term":[{"taxonomy":"category","embeddable":true,"href":"https:\/\/www.jacoporanieri.com\/blog\/index.php?rest_route=%2Fwp%2Fv2%2Fcategories&post=31394"},{"taxonomy":"post_tag","embeddable":true,"href":"https:\/\/www.jacoporanieri.com\/blog\/index.php?rest_route=%2Fwp%2Fv2%2Ftags&post=31394"}],"curies":[{"name":"wp","href":"https:\/\/api.w.org\/{rel}","templated":true}]}}