{"id":30721,"date":"2020-05-19T06:18:31","date_gmt":"2020-05-19T04:18:31","guid":{"rendered":"https:\/\/www.jacoporanieri.com\/blog\/?p=30721"},"modified":"2020-05-19T06:24:23","modified_gmt":"2020-05-19T04:24:23","slug":"nella-nuova-dusseldorf-un-bosco-di-siepi-ricopre-il-centro-commerciale","status":"publish","type":"post","link":"https:\/\/www.jacoporanieri.com\/blog\/?p=30721","title":{"rendered":"Nella nuova D\u00fcsseldorf, un bosco di siepi ricopre il centro commerciale"},"content":{"rendered":"\n<div class=\"wp-block-image\"><figure class=\"aligncenter size-large\"><a href=\"https:\/\/youtu.be\/3yj_mc50LMQ\" target=\"_blank\" rel=\"noopener noreferrer\"><img loading=\"lazy\" decoding=\"async\" width=\"500\" height=\"313\" src=\"https:\/\/www.jacoporanieri.com\/blog\/..\/public\/newmedia\/2020\/05\/Ko-Bogen-2-500x313.jpg\" alt=\"\" class=\"wp-image-30723\" srcset=\"https:\/\/www.jacoporanieri.com\/blog\/..\/public\/newmedia\/2020\/05\/Ko-Bogen-2-500x313.jpg 500w, https:\/\/www.jacoporanieri.com\/blog\/..\/public\/newmedia\/2020\/05\/Ko-Bogen-2-768x480.jpg 768w, https:\/\/www.jacoporanieri.com\/blog\/..\/public\/newmedia\/2020\/05\/Ko-Bogen-2-1536x960.jpg 1536w, https:\/\/www.jacoporanieri.com\/blog\/..\/public\/newmedia\/2020\/05\/Ko-Bogen-2.jpg 1728w\" sizes=\"auto, (max-width: 500px) 100vw, 500px\" \/><\/a><\/figure><\/div>\n\n\n\n<p>Braccati e sotto assedio per la pandemia, gli esseri umani si chiusero all&#8217;interno delle loro case per mesi e mesi, nell&#8217;attesa dell&#8217;arrivo di un momento migliore&#8230; Un qualche presupposto di possibile riscossa. E mentre le citt\u00e0 diventavano deserte, fatta eccezione per i fotografi costantemente intenti a immortalare le &#8220;Citt\u00e0 Diventate Deserte&#8221; coi loro delfini, orsi e scimmie ribelli tale natura continuava a fare il suo corso, entrando in occasionale rotta di collisione con il mondo di cemento che avevamo usato, senza troppe cerimonie, al fine di ricoprirla. Cos\u00ec come Gustaf-Gr\u00fcndgens-Platz, nella capitale della Renania Settentrionale-Vestfalia, un letterale tappo carrabile edificato sopra la voragine fatta dall&#8217;uomo, contenente uno dei principali parcheggi sotterranei della regione. Luogo fino a pochi anni fa fa percorso da una strada di scorrimento, qualche anno fa dismessa a favore di altri pi\u00f9 pratici, e meno ingombranti, sentieri di collegamento urbano. Ecco dunque comparire in maniera surreale, a poca distanza dallo storico teatro un letterale parallelepipedo di colore verde, dell&#8217;ampiezza di 42.000 mq e il punto pi\u00f9 alto collocato a 27 metri dal suolo, oggetto totalmente fuori dal contesto perch\u00e9 i parchi pubblici, nella maggior parte dei casi, si sviluppano al livello del terreno. E soprattutto, non vengono portati a termine durante i periodi di quarantena&#8230;Giusto? Fatta eccezione per il caso del K\u00f6 Bogen (arco) 2, che non \u00e8 il frutto di un cespuglio rampicante replicato casualmente a oltranza, n\u00e9 l&#8217;effetto dei semi di kudzu trasportati dal vento, bens\u00ec un&#8217;opera cosciente, e desiderabile, frutto della commissione data allo studio architettonico locale di Christoph Ingenhoven, per il rinnovamento dell&#8217;eponimo quartiere cittadino e la trasformazione dello stesso in un diverso polo di attrazione del turismo e il traffico locale, costruito per la prima volta sul principio della corrente Land Art, un movimento nato negli Stati Uniti del 1967, mirato a &#8220;restituire alla Terra&#8221; pi\u00f9 di quanto siamo soliti pretendere da essa, mediante strutture o opere d&#8217;arte che in qualche maniera si integrano nel paesaggio, piuttosto che tentare di dominarlo. Ecco dunque l&#8217;idea, nata nelle prime fasi del progetto, d&#8217;integrare nel vero e proprio<em> pi\u00e8ce de r\u00e9sistance<\/em> 8 km di siepi ordinatamente disposte in filari paralleli, fino all&#8217;ottenimento della pi\u00f9 estesa ed imponente facciata verde d&#8217;Europa. Fatti da parte Bosco Verticale di Milano dunque, per un&#8217;interpretazione dell&#8217;intera faccenda che risulta essere assai pi\u00f9 prevedibile e ordinata, data l&#8217;installazione assolutamente geometrica dei trogoli ricolmi d&#8217;erba che ospitano questo solenne omaggio alla natura vegetale. Terreno fertile per le radici di <em>Carpinus betulus<\/em> o &#8220;bianco&#8221; pianta scelta per la sua capacit\u00e0 di rimanere verde l&#8217;intero anno e proprio a causa di questo particolarmente amata in urbanistica, assolvendo con particolare efficienza allo scopo di mantenere eretta e solida una desiderabile barriera contro gli sguardi di natura inappropriata. Laddove in questo caso, piuttosto, la sua funzione dovr\u00e0 essere quella di offrire lo spunto per piacevoli passeggiate iniziate al livello del terreno e portate al culmine mediante il lieve declivio dell&#8217;edificio triangolare antistante, parte del complesso ospitante a sua volta un prato sopra cui rilassarsi, prendere il sole o conversare amabilmente. Ragionevolmente lontano, eppure fisicamente a contatto, con la pi\u00f9 chiara conseguenza dell&#8217;urbanizzazione a oltranza&#8230;<\/p>\n\n\n\n<!--more-->\n\n\n\n<div class=\"wp-block-image\"><figure class=\"aligncenter size-large\"><a href=\"https:\/\/youtu.be\/PxtcNiqs-hQ\" target=\"_blank\" rel=\"noopener noreferrer\"><img loading=\"lazy\" decoding=\"async\" width=\"500\" height=\"313\" src=\"https:\/\/www.jacoporanieri.com\/blog\/..\/public\/newmedia\/2020\/05\/Ko-Bogen-Project-500x313.jpg\" alt=\"\" class=\"wp-image-30724\" srcset=\"https:\/\/www.jacoporanieri.com\/blog\/..\/public\/newmedia\/2020\/05\/Ko-Bogen-Project-500x313.jpg 500w, https:\/\/www.jacoporanieri.com\/blog\/..\/public\/newmedia\/2020\/05\/Ko-Bogen-Project-768x480.jpg 768w, https:\/\/www.jacoporanieri.com\/blog\/..\/public\/newmedia\/2020\/05\/Ko-Bogen-Project-1536x960.jpg 1536w, https:\/\/www.jacoporanieri.com\/blog\/..\/public\/newmedia\/2020\/05\/Ko-Bogen-Project.jpg 1728w\" sizes=\"auto, (max-width: 500px) 100vw, 500px\" \/><\/a><figcaption>Interessanti rendering, spesso, accompagnano progetti ancora allo stato embrionale destinati ad essere realizzati un giorno, non si sa dove n\u00e9 quando. L&#8217;esatto opposto, d&#8217;altronde, \u00e8 osservabile nel caso della rinnovamento di D\u00fcsseldorf, in cui l&#8217;effettivo completamento di quanto promesso ha precorso la pubblicit\u00e0 e l&#8217;immagine con finalit\u00e0 celebrativa, persino in un periodo d&#8217;incipiente pandemia.<\/figcaption><\/figure><\/div>\n\n\n\n<p>La funzione effettiva del K\u00f6 Bogen 2 dunque, la cui costruzione \u00e8 iniziata nel 2016 dopo l&#8217;approvazione da parte del consiglio comunale del progetto di Ingenhoven, rientra nella categoria degli edifici ad uso misto, con una parte dedicata ai negozi ed un&#8217;altra affittata con finalit\u00e0 d&#8217;ufficio. In una commistione d&#8217;ambienti certamente avveniristici le cui caratteristiche, purtroppo, risultano al momento misteriose al di l\u00e0 delle ampie finestre osservabili dall&#8217;esterno, probabilmente a causa dell&#8217;apertura posticipata fino al termine a tutti gli effetti dell&#8217;emergenza sanitaria. Il tutto inserito nel contesto di quello che potrebbe diventare il nuovo polo commerciale della citt\u00e0, con numerose attrazioni estetiche e funzionali frutto dell&#8217;applicazione di diverse branche della concezione architettonica modernista. Dal punto di vista tecnico, inoltre, l&#8217;intero progetto ha visto una progressione particolarmente rapida dal momento in cui la strada di Gustaf-Gr\u00fcndgens-Platz \u00e8 stata demolita successivamente alla creazione di un nuovo sottopassaggio, mentre il parcheggio sotterraneo veniva ampliato fino alla profondit\u00e0 di quattro piani con il sistema di scavo del <em>cut-and-fill<\/em>, sufficientemente sicuro da permettere, nel 2019, di effettuare una singola cerimonia per l&#8217;inaugurazione di entrambe le strutture. Bench\u00e9 all&#8217;epoca, effettivamente, il K\u00f6 Bogen 2 fosse ancora tutt&#8217;altro che completo soprattutto per quanto riguardava le siepi di carpino, ancora situate presso i vivai di provenienza in attesa del raggiungimento di un grado di resistenza idoneo al trapianto.<br>All&#8217;intero vasto e complesso progetto di rinnovamento denominato anch&#8217;esso K\u00f6 Bogen, relativo all&#8217;importante polo cittadino sulle rive del Reno portatore tradizionale di questo nome, non sono mancate prevedibilmente le critiche, orientate maggiormente verso la vendita degli spazi vitali a investitori privati e la presunta mancanza di un progetto di viabilit\u00e0 adeguato, destinato a creare grandi problematiche per gli abitanti delle zone limitrofe. Ciononostante, secondo gli studi di compagnie di settore  <a rel=\"noreferrer noopener\" href=\"https:\/\/rp-online.de\/nrw\/staedte\/duesseldorf\/koe-bogen-loest-bau-boom-in-der-city-aus_aid-14720291\" target=\"_blank\">pubblicati dal quotidiano RP Online<\/a> lo stimolo da parte del progetto all&#8217;intero settore immobiliare cittadino pu\u00f2 essere commisurato alla creazione di un valore tra i 70 e gli 80 milioni di euro, contro i 60 spesi fino ad ora. Il tutto a fronte di una vera e propria rivoluzione del commercio al dettaglio, idealmente rivitalizzato rispetto all&#8217;acquisto contemporaneo a distanza grazie alla creazione di una vera e propria esperienza per i clienti, stimolati dalla visita di un ambiente creato per affascinare la fantasia e sorprendere in tal modo lo sguardo. Le aree verdi, di lor conto, hanno sempre costituito il polmone dei vasti centri urbani ed \u00e8 perci\u00f2 doppiamente interessante il fatto che oggi, grazie all&#8217;innovativa interpretazione di Ingenhoven, abbiano trovato un diverso significato nell&#8217;economia di un mondo tragicamente in bilico, come purtroppo risulta esserlo il nostro successivamente agli eventi di questa drammatica prima met\u00e0 del 2020. Anche il parco antistante sulle rive del laghetto Landskrone, adiacente al progetto di rinnovamento e mantenuto in vista grazie alla limitazione dell&#8217;altezza degli edifici, \u00e8 stato del resto ampliato e migliorato con l&#8217;aggiunta di un ponte pedonale, capace di ridurre sensibilmente il tragitto da percorrere per transitare da una situazione di shopping all&#8217;immancabile passeggiata nella natura. Un qualcosa che mai e poi mai potr\u00e0 essere sperimentato (realt\u00e0 virtuale permettendo) dalla visita incorporea al catalogo di un venditore online.<\/p>\n\n\n\n<div class=\"wp-block-image\"><figure class=\"aligncenter size-large\"><a href=\"https:\/\/youtu.be\/SfFMZUZzzQk\" target=\"_blank\" rel=\"noopener noreferrer\"><img loading=\"lazy\" decoding=\"async\" width=\"500\" height=\"313\" src=\"https:\/\/www.jacoporanieri.com\/blog\/..\/public\/newmedia\/2020\/05\/Ko-Bogen-2-building-500x313.jpg\" alt=\"\" class=\"wp-image-30722\" srcset=\"https:\/\/www.jacoporanieri.com\/blog\/..\/public\/newmedia\/2020\/05\/Ko-Bogen-2-building-500x313.jpg 500w, https:\/\/www.jacoporanieri.com\/blog\/..\/public\/newmedia\/2020\/05\/Ko-Bogen-2-building-768x480.jpg 768w, https:\/\/www.jacoporanieri.com\/blog\/..\/public\/newmedia\/2020\/05\/Ko-Bogen-2-building-1536x960.jpg 1536w, https:\/\/www.jacoporanieri.com\/blog\/..\/public\/newmedia\/2020\/05\/Ko-Bogen-2-building.jpg 1728w\" sizes=\"auto, (max-width: 500px) 100vw, 500px\" \/><\/a><figcaption>Durante la fase finale della sua costruzione e in mancanza delle siepi di carpino, il nuovo edificio ricordava una ziggurat di antiche civilt\u00e0, in attesa di rivaleggiare a suo modo i giardini pensili di Babilonia.<\/figcaption><\/figure><\/div>\n\n\n\n<p>In un periodo al termine della fase acuta, mentre tutti cercano le ragioni di un nuovo inizio dunque, ci\u00f2 che finisce per diventare pi\u00f9 utile risulta essere  la continuazione di quanto era stato messo in moto Prima del disastro. <br>Il mantenimento delle promesse fatte, con l&#8217;ultima pietra (e radice) deposta a vantaggio di una popolazione che forse non potr\u00e0 beneficiare tanto presto di quanto disposto a coronamento delle loro esistenze quotidiane, causa comprensibili precauzioni che ancora minacciano la riapertura in tutta Europa, ma potr\u00e0 per lo meno sperare in un domani pi\u00f9 affascinante, imprevedibile o persino coinvolgente. Perch\u00e9 non importa se le formiche prudenti si ritirano in massa nelle regioni occulte. Quando i semi continuano a trovare terreno fertile e le siepi a crescere verso il cielo, fino al momento catartico della fioritura. Che ci accoglier\u00e0 tutti con auspicato splendore al termine di una spiacevole notte lunga ma destinata, presto oppur tardi, a farci conoscere nuovamente le luci dell&#8217;alba.<\/p>\n","protected":false},"excerpt":{"rendered":"<p>Braccati e sotto assedio per la pandemia, gli esseri umani si chiusero all&#8217;interno delle loro case per mesi e mesi, nell&#8217;attesa dell&#8217;arrivo di un momento migliore&#8230; Un qualche presupposto di possibile riscossa. E mentre le citt\u00e0 diventavano deserte, fatta eccezione per i fotografi costantemente intenti a immortalare le &#8220;Citt\u00e0 Diventate Deserte&#8221; coi loro delfini, orsi &#8230; <a title=\"Nella nuova D\u00fcsseldorf, un bosco di siepi ricopre il centro commerciale\" class=\"read-more\" href=\"https:\/\/www.jacoporanieri.com\/blog\/?p=30721\" aria-label=\"Per saperne di pi\u00f9 su Nella nuova D\u00fcsseldorf, un bosco di siepi ricopre il centro commerciale\">Leggi tutto<\/a><\/p>\n","protected":false},"author":2,"featured_media":0,"comment_status":"open","ping_status":"open","sticky":false,"template":"","format":"standard","meta":{"footnotes":""},"categories":[6],"tags":[201,1343,968,625,5051,1334,321,2373,109,1551,190,822,4651,2187,329,615,87],"class_list":["post-30721","post","type-post","status-publish","format-standard","hentry","category-news","tag-architettura","tag-cantieri","tag-centri-commerciali","tag-citta","tag-dusseldorf","tag-edifici","tag-germania","tag-luoghi","tag-natura","tag-parchi","tag-piante","tag-progetti","tag-siepi","tag-uffici","tag-urbanistica","tag-vegetali","tag-viaggi"],"_links":{"self":[{"href":"https:\/\/www.jacoporanieri.com\/blog\/index.php?rest_route=\/wp\/v2\/posts\/30721","targetHints":{"allow":["GET"]}}],"collection":[{"href":"https:\/\/www.jacoporanieri.com\/blog\/index.php?rest_route=\/wp\/v2\/posts"}],"about":[{"href":"https:\/\/www.jacoporanieri.com\/blog\/index.php?rest_route=\/wp\/v2\/types\/post"}],"author":[{"embeddable":true,"href":"https:\/\/www.jacoporanieri.com\/blog\/index.php?rest_route=\/wp\/v2\/users\/2"}],"replies":[{"embeddable":true,"href":"https:\/\/www.jacoporanieri.com\/blog\/index.php?rest_route=%2Fwp%2Fv2%2Fcomments&post=30721"}],"version-history":[{"count":4,"href":"https:\/\/www.jacoporanieri.com\/blog\/index.php?rest_route=\/wp\/v2\/posts\/30721\/revisions"}],"predecessor-version":[{"id":30728,"href":"https:\/\/www.jacoporanieri.com\/blog\/index.php?rest_route=\/wp\/v2\/posts\/30721\/revisions\/30728"}],"wp:attachment":[{"href":"https:\/\/www.jacoporanieri.com\/blog\/index.php?rest_route=%2Fwp%2Fv2%2Fmedia&parent=30721"}],"wp:term":[{"taxonomy":"category","embeddable":true,"href":"https:\/\/www.jacoporanieri.com\/blog\/index.php?rest_route=%2Fwp%2Fv2%2Fcategories&post=30721"},{"taxonomy":"post_tag","embeddable":true,"href":"https:\/\/www.jacoporanieri.com\/blog\/index.php?rest_route=%2Fwp%2Fv2%2Ftags&post=30721"}],"curies":[{"name":"wp","href":"https:\/\/api.w.org\/{rel}","templated":true}]}}