{"id":30671,"date":"2020-05-13T06:11:41","date_gmt":"2020-05-13T04:11:41","guid":{"rendered":"https:\/\/www.jacoporanieri.com\/blog\/?p=30671"},"modified":"2020-05-13T06:19:05","modified_gmt":"2020-05-13T04:19:05","slug":"lastuto-richiamo-della-rana-viola-sguardo-intenso-e-muso-da-maiale","status":"publish","type":"post","link":"https:\/\/www.jacoporanieri.com\/blog\/?p=30671","title":{"rendered":"L&#8217;astuto richiamo della rana con il muso di un formichiere"},"content":{"rendered":"\n<div class=\"wp-block-image\"><figure class=\"aligncenter size-large\"><a href=\"https:\/\/youtu.be\/f2ZKePuOrUE\" target=\"_blank\" rel=\"noopener noreferrer\"><img loading=\"lazy\" decoding=\"async\" width=\"500\" height=\"313\" src=\"https:\/\/www.jacoporanieri.com\/blog\/..\/public\/newmedia\/2020\/05\/Purple-Frog-500x313.jpg\" alt=\"\" class=\"wp-image-30674\" srcset=\"https:\/\/www.jacoporanieri.com\/blog\/..\/public\/newmedia\/2020\/05\/Purple-Frog-500x313.jpg 500w, https:\/\/www.jacoporanieri.com\/blog\/..\/public\/newmedia\/2020\/05\/Purple-Frog-768x480.jpg 768w, https:\/\/www.jacoporanieri.com\/blog\/..\/public\/newmedia\/2020\/05\/Purple-Frog-1536x960.jpg 1536w, https:\/\/www.jacoporanieri.com\/blog\/..\/public\/newmedia\/2020\/05\/Purple-Frog.jpg 1728w\" sizes=\"auto, (max-width: 500px) 100vw, 500px\" \/><\/a><\/figure><\/div>\n\n\n\n<p>Succede ogni anno con l&#8217;arrivo della primavera, particolarmente nelle abitazioni rurali: un suono fastidioso che ricorre verso le ore diurne, prodotto dall&#8217;insetto che non ha paura di farsi trovare. Grillo, grillo, grillo (sono io) continua a reiterare, nell&#8217;egoistica speranza che qualcuna, di passaggio, resti catturata da quel suo richiamo. E non importa quanto, con enfasi e attenzione operativa, si tenti disperatamente di trovarlo per farlo tacere. Il cantore non potr\u00e0 far altro che spostarsi, mettersi pi\u00f9 in alto e dare fondo nuovamente al repertorio. Immaginate dunque di svegliarvi, per un caso del destino, presso un resort verso l&#8217;entroterra della catena montuosa indiana dei Ghati occidentali. Ove fin da tempo immemore, il richiamo per l&#8217;amore mattutino maggiormente conosciuto fu associato al semplice frinir del vento, o insetto invisibile delle boscose circostanze. Poich\u00e9 questo sibilo strozzato, simile alla tromba di un giocattolo per cani, pareva provenire tanto spesso da radure ove non c&#8217;era nessun tipo di animale, nascondiglio o altra maniera per riuscire ad esibirsi rimanendo al tempo stesso lontano dagli sguardi dei predatori. Se non che costei, la rana <em>Nasikabatrachus sahyadrensis<\/em>, non ha bisogno di cespugli, tronchi o altre preminenze del paesaggio, poich\u00e9 pu\u00f2 creare il proprio spazio personale grazie ad un approccio che ricorda quello della talpa: semplicemente, scavando.<br>Strano ma vero? Sono certo che non avrete mai sentito parlare di una rana che emette il suo richiamo, rigorosamente durante la piovosa stagione dei monsoni, dalle ctonie tenebre della sua tana. Forse disinteressata alle limitazioni acustiche di tale scelta, oppur costretta, dalle circostanze, a rimanere sottoterra fino all&#8217;ultimo secondo. Con una lunghezza di 45-48 mm in un&#8217;area come quella delle cosiddette &#8220;Benevole Montagne&#8221; cionondimeno abitate da una grande quantit\u00e0 di mammiferi e rettili aggressivi o in qualche modo spaventosi, tra cui mustelidi, macachi, tigri e lucertole iguanidi, per non parlare delle popolazioni umane locali tradizionalmente abituate a mangiarla, questa creatura non pu\u00f2 dunque far altro che anteporre la propria personale incolumit\u00e0, facendo in tal modo seguito al comportamento adottato nel corso del resto dell&#8217;anno. Una vita trascorsa interamente nella sua buca segreta, facendo affidamento sulla sola lingua lunga e tubolare per catturare formiche o termiti di passaggio, una dopo l&#8217;altra, senza neanche muoversi sulle zampe lunghe o flessuose. Quanto detto, naturalmente, non pu\u00f2 che dare a intendere una morfologia piuttosto distintiva, che oltre alla pelle spessa e violacea ricoperta di muco, da cui la rana prende il nome, vede la presenza di un naso estremamente caratteristico ed appuntito, spesso paragonato nella descrizione tassonomica a quello di un suino. Un approccio pur pseudo-scientifico, nelle descrizioni di quest&#8217;animale, che possiamo aspettarci di trovare soltanto a partire dal 2003, anno della sua recente classificazione o ancor pi\u00f9 tardi per quanto riguarda la <em>Nasikabatrachus bhupathi<\/em>, specie cognata che vive dall&#8217;altra parte dei rilievi montuosi dei Ghati occidentali, regolando le sue tempistiche biologiche sui venti monsonici di Sudest. Entrambi esseri, del resto, la cui esistenza era gi\u00e0 nota alle popolazioni native ed i cui girini erano stati gi\u00e0 classificati e messi in relazione potenziale tra di loro, bench\u00e9 l&#8217;esemplare adulto fosse ancora nascosto agli occhi attenti dei ricercatori. Girini la cui storia inizia, d&#8217;altra parte, in maniera assai particolare&#8230;<\/p>\n\n\n\n<!--more-->\n\n\n\n<div class=\"wp-block-image\"><figure class=\"aligncenter size-large\"><a href=\"https:\/\/youtu.be\/MxlKNay7Kcs\" target=\"_blank\" rel=\"noopener noreferrer\"><img loading=\"lazy\" decoding=\"async\" width=\"500\" height=\"313\" src=\"https:\/\/www.jacoporanieri.com\/blog\/..\/public\/newmedia\/2020\/05\/Purple-Frog-Call-500x313.jpg\" alt=\"\" class=\"wp-image-30672\" srcset=\"https:\/\/www.jacoporanieri.com\/blog\/..\/public\/newmedia\/2020\/05\/Purple-Frog-Call-500x313.jpg 500w, https:\/\/www.jacoporanieri.com\/blog\/..\/public\/newmedia\/2020\/05\/Purple-Frog-Call-768x480.jpg 768w, https:\/\/www.jacoporanieri.com\/blog\/..\/public\/newmedia\/2020\/05\/Purple-Frog-Call-1536x960.jpg 1536w, https:\/\/www.jacoporanieri.com\/blog\/..\/public\/newmedia\/2020\/05\/Purple-Frog-Call.jpg 1728w\" sizes=\"auto, (max-width: 500px) 100vw, 500px\" \/><\/a><figcaption>Indifferente ai molti dubbi che pu\u00f2 suscitare nell&#8217;osservatore, la <em>N. bhupati<\/em> prende il nome dal naturalista Subramanian Bhupathy, morto sul campo nel 2014 proprio a causa di una caduta durante la ricerca della fonte di quei richiami impossibili da identificare.<\/figcaption><\/figure><\/div>\n\n\n\n<p>Affermare che la rana viola viva sempre e soltanto sottoterra, del resto, mancherebbe di attenzione specifica nei confronti del suo processo di accoppiamento. Dato come successivamente all&#8217;incontro portato a termine nella maniera pi\u00f9 discreta possibile, sar\u00e0 proprio l&#8217;esemplare femmina dalle dimensioni maggiori ad avviarsi verso il ruscello o fiume pi\u00f9 vicino, talvolta con il maschio ancora attaccato sopra. Per deporre in un luogo percorso dalla corrente copiose quantit\u00e0 di uova, destinate a schiudersi dopo un periodo di circa 15-20 giorni. I girini risultanti quindi, di colore marrone scuro, potranno fare affidamento sull&#8217;insolita dotazione di una vera e propria ventosa ventrale, usata per aderire alle rocce al fine di salvarsi dal venire trascinati a valle. In questo approccio, assai probabilmente, \u00e8 rintracciabile una soluzione evolutiva che gli permette di nutrirsi dei microrganismi contenuti nell&#8217;acqua, senza doversi spostare eccessivamente finendo cos\u00ec per attrarre l&#8217;attenzione dei predatori. Una volta raggiunta l&#8217;et\u00e0 adulta verso la fine dell&#8217;estate, quindi, la rana trover\u00e0 un luogo entro cui nascondersi non pi\u00f9 lontano di 5 metri dal ruscello, da cui emettere la primavera successiva il proprio richiamo udibile a distanza significativa: 24-27 note in rapida sequenza, come un codice perfezionato lungo il corso delle generazioni, con intervalli precisi e una frequenza massima di 1,8 kHz.<br>Dal punto di vista tassonomico, quindi, entrambe le specie della rana viola presentano un problema geofisico tutt&#8217;altro che trascurabile data la loro spiccata somiglianza ad anuri di provenienza africana piuttosto che ad altre specie indiane, lasciando intendere un&#8217;antichit\u00e0 risalente almeno all&#8217;epoca giurassica, quando secondo alcune teorie i due continenti risultavano ancora uniti nella grande massa terrestre nota con il nome di Gondwanaland. Il che farebbe di questa piccola creatura un vero e proprio fossile vivente, verso cui un processo di studio pi\u00f9 approfondito potrebbe offrire nuove cognizioni di primaria importanza nell&#8217;evoluzione biologica di epoche cos\u00ec straordinariamente remote. Una capacit\u00e0 di attraversare immutata gli alterni periodi della storia umana, quest&#8217;ultima, che negli ultimi tempi potrebbe essersi trasformata in un punto debole, data la situazione rilevata dall&#8217;indice internazionale dello IUCN, i cui stringenti criteri hanno permesso d&#8217;inserire le due <em>Nasikabatrachus<\/em> nell&#8217;elenco delle specie a rischio, data la progressiva riduzione degli habitat proprio negli unici territori indiani in cui ne \u00e8 stato possibile attestare l&#8217;esistenza. E bench\u00e9, come avrete certamente capito giunti a questo punto, la rana viola non sia stata ancora sottoposta a studi particolarmente approfonditi, possiamo presumere che un qualche intervento di conservazione a questo punto sarebbe particolarmente indicato, pena la perdita di un prezioso patrimonio biologico, insostituibile a vantaggio dei posteri nel corso delle nebule epoche future.<\/p>\n\n\n\n<div class=\"wp-block-image\"><figure class=\"aligncenter size-large\"><a href=\"https:\/\/youtu.be\/9sEwWn-7rNw\" target=\"_blank\" rel=\"noopener noreferrer\"><img loading=\"lazy\" decoding=\"async\" width=\"500\" height=\"313\" src=\"https:\/\/www.jacoporanieri.com\/blog\/..\/public\/newmedia\/2020\/05\/Purple-Frog-Walk-500x313.jpg\" alt=\"\" class=\"wp-image-30673\" srcset=\"https:\/\/www.jacoporanieri.com\/blog\/..\/public\/newmedia\/2020\/05\/Purple-Frog-Walk-500x313.jpg 500w, https:\/\/www.jacoporanieri.com\/blog\/..\/public\/newmedia\/2020\/05\/Purple-Frog-Walk-768x480.jpg 768w, https:\/\/www.jacoporanieri.com\/blog\/..\/public\/newmedia\/2020\/05\/Purple-Frog-Walk-1536x960.jpg 1536w, https:\/\/www.jacoporanieri.com\/blog\/..\/public\/newmedia\/2020\/05\/Purple-Frog-Walk.jpg 1728w\" sizes=\"auto, (max-width: 500px) 100vw, 500px\" \/><\/a><figcaption>Sorprendentemente agile dato il suo stile di vita sedentario, la rana viola sembrerebbe cionondimeno preferire la camminata al tipico balzo normalmente associato al suo ordine, forse per restare sempre pronta a scavare, qualora se ne presentasse la necessit\u00e0.<\/figcaption><\/figure><\/div>\n\n\n\n<p>Di mostriciattoli atipici e apparentemente disallineati agli schemi evolutivi predominanti, luoghi particolarmente biodiversi come i monti Ghati tendono sempre a possederne alcuni. Raramente, tuttavia, questi possono attraversare i secoli senza entrare a far parte a pieno titolo degli elenchi enciclopedici ed i sempre fondamentali libri per bambini. Una capacit\u00e0 di mantenersi occultata, quest&#8217;ultima, che possiamo certamente attribuire alla naturale prudenza e l&#8217;istinto sotterraneo di questa curiosa abitante del sottobosco; inteso, letteralmente, come area che si trova (scavando) al di sotto del bosco. <br>Finch\u00e9 qualcuno, di casualmente appartenente al clan scientifico della nostra Era, non \u00e8 giunto con macchina fotografica e blocco per gli appunti di fronte al groviglio d&#8217;inusitate radici. Per scorgere finalmente, semi-nascosta col suo muso notoriamente triangolare, la strana realt\u00e0 di un grillo del tutto privo di ali. Ma basso e largo, tarchiato, gonfio del quieto desiderio di guadagnarsi una piena vita di rana. Prima di aprire la bocca, emettendo il modulato inizio di un canto antico.<\/p>\n","protected":false},"excerpt":{"rendered":"<p>Succede ogni anno con l&#8217;arrivo della primavera, particolarmente nelle abitazioni rurali: un suono fastidioso che ricorre verso le ore diurne, prodotto dall&#8217;insetto che non ha paura di farsi trovare. Grillo, grillo, grillo (sono io) continua a reiterare, nell&#8217;egoistica speranza che qualcuna, di passaggio, resti catturata da quel suo richiamo. E non importa quanto, con enfasi &#8230; <a title=\"L&#8217;astuto richiamo della rana con il muso di un formichiere\" class=\"read-more\" href=\"https:\/\/www.jacoporanieri.com\/blog\/?p=30671\" aria-label=\"Per saperne di pi\u00f9 su L&#8217;astuto richiamo della rana con il muso di un formichiere\">Leggi tutto<\/a><\/p>\n","protected":false},"author":2,"featured_media":0,"comment_status":"open","ping_status":"open","sticky":false,"template":"","format":"standard","meta":{"footnotes":""},"categories":[6],"tags":[1679,125,818,2336,4235,1097,507,506,5042,5043,113,466,1014,819,1081,1366,3534,900],"class_list":["post-30671","post","type-post","status-publish","format-standard","hentry","category-news","tag-anfibi","tag-animali","tag-biologia","tag-buche","tag-classificazione","tag-evoluzione","tag-fiumi","tag-foresta","tag-ghati","tag-girini","tag-india","tag-rane","tag-richiami","tag-riproduzione","tag-scoperte","tag-sottosuolo","tag-specie","tag-uova"],"_links":{"self":[{"href":"https:\/\/www.jacoporanieri.com\/blog\/index.php?rest_route=\/wp\/v2\/posts\/30671","targetHints":{"allow":["GET"]}}],"collection":[{"href":"https:\/\/www.jacoporanieri.com\/blog\/index.php?rest_route=\/wp\/v2\/posts"}],"about":[{"href":"https:\/\/www.jacoporanieri.com\/blog\/index.php?rest_route=\/wp\/v2\/types\/post"}],"author":[{"embeddable":true,"href":"https:\/\/www.jacoporanieri.com\/blog\/index.php?rest_route=\/wp\/v2\/users\/2"}],"replies":[{"embeddable":true,"href":"https:\/\/www.jacoporanieri.com\/blog\/index.php?rest_route=%2Fwp%2Fv2%2Fcomments&post=30671"}],"version-history":[{"count":3,"href":"https:\/\/www.jacoporanieri.com\/blog\/index.php?rest_route=\/wp\/v2\/posts\/30671\/revisions"}],"predecessor-version":[{"id":30678,"href":"https:\/\/www.jacoporanieri.com\/blog\/index.php?rest_route=\/wp\/v2\/posts\/30671\/revisions\/30678"}],"wp:attachment":[{"href":"https:\/\/www.jacoporanieri.com\/blog\/index.php?rest_route=%2Fwp%2Fv2%2Fmedia&parent=30671"}],"wp:term":[{"taxonomy":"category","embeddable":true,"href":"https:\/\/www.jacoporanieri.com\/blog\/index.php?rest_route=%2Fwp%2Fv2%2Fcategories&post=30671"},{"taxonomy":"post_tag","embeddable":true,"href":"https:\/\/www.jacoporanieri.com\/blog\/index.php?rest_route=%2Fwp%2Fv2%2Ftags&post=30671"}],"curies":[{"name":"wp","href":"https:\/\/api.w.org\/{rel}","templated":true}]}}