{"id":25787,"date":"2018-06-09T06:38:31","date_gmt":"2018-06-09T04:38:31","guid":{"rendered":"http:\/\/www.jacoporanieri.com\/blog\/?p=25787"},"modified":"2018-06-09T06:42:12","modified_gmt":"2018-06-09T04:42:12","slug":"la-microcar-discesa-dai-cieli-del-secondo-conflitto-mondiale","status":"publish","type":"post","link":"https:\/\/www.jacoporanieri.com\/blog\/?p=25787","title":{"rendered":"La microcar discesa dai cieli del secondo conflitto mondiale"},"content":{"rendered":"<p><a href=\"https:\/\/youtu.be\/ojJx7J2j8Kg\" target=\"_blank\" rel=\"attachment noopener wp-att-25789\"><img loading=\"lazy\" decoding=\"async\" class=\"aligncenter size-medium wp-image-25789\" src=\"http:\/\/www.jacoporanieri.com\/blog\/..\/public\/newmedia\/2018\/06\/Me-KR200-500x313.jpg\" alt=\"\" width=\"500\" height=\"313\" srcset=\"https:\/\/www.jacoporanieri.com\/blog\/..\/public\/newmedia\/2018\/06\/Me-KR200-500x313.jpg 500w, https:\/\/www.jacoporanieri.com\/blog\/..\/public\/newmedia\/2018\/06\/Me-KR200-768x480.jpg 768w, https:\/\/www.jacoporanieri.com\/blog\/..\/public\/newmedia\/2018\/06\/Me-KR200.jpg 1728w\" sizes=\"auto, (max-width: 500px) 100vw, 500px\" \/><\/a><\/p>\n<p style=\"text-align: justify;\">Sono sempre esistite due filosofie progettuali contrapposte, in tempi di pace, cos\u00ec come in mezzo alle distese desolate dei periodi di guerra. Da una parte il mezzo in grado di assolvere una serie di mansioni, grande, potente e relativamente poco maneggevole: vedi, ad esempio l&#8217;YFM-1 Airacuda statunitense, detto &#8220;il distruttore di bombardieri&#8221; e gli altri caccia bimotori dell&#8217;epoca, come il Bf 110 tedesco. Per non parlare degli aerei da attacco russi, l&#8217;IL-2 Sturmovik e il PE-2. Velivoli capaci di decollare da una base sita a molti chilometri dall&#8217;obiettivo, evitare il fuoco della contraerea e quando necessario, combattere nei cieli per portare fino all&#8217;obiettivo il carico. Oppure fare quanto in loro potere affinch\u00e9 il nemico fallisca nel riuscire a compiere la stessa impresa. Dottrine che talvolta, corrispondevano a una certa nazionalit\u00e0: vedi i Britannici, fermamente convinti che i loro aerei pi\u00f9 imponenti avrebbero ogni volta, a tutti i costi, completato la missione a patto di essere scortati da caccia svelti e maneggevoli, come la serie leggendaria dei Supermarine Spitfire. Dopo le conferenze di Yalta e Potsdam, cui fece seguito il disarmo dei paesi allineati con l&#8217;Asse, gli ingegneri che si erano formati secondo le rispettive correnti applicarono i precetti nel campo della meccanica ad uso civile. Il che avrebbe significato primariamente, negli anni del boom economico tra 1950 e &#8217;60, costruire automobili in enorme quantit\u00e0. La suddivisione tra le correnti fin qui descritte, a quel punto, divent\u00f2 di tipo soprattutto pratico: con le gigantesche macchine americane, soprannominate in certi ambienti <em>landyachts<\/em>, concepite per dare il massimo nei lunghi tragitti, le strade diritte e le citt\u00e0 moderne di quel paese. Mentre i paesi europei, con una rete stradale condizionata da maggiori problemi paesaggistici ed ereditati, iniziarono a cercare una risposta all&#8217;eterna domanda: quanto pu\u00f2 essere piccolo un veicolo a motore per una, o massimo due persone?<br \/>\nLa nascita delle cosiddette <em>bubble car<\/em>, antesignane delle moderne Mercedes Smart, Renault Twizy e Toyota iQ, trova nel nome la giustificazione della propria stessa esistenza. Con una <em>bubble<\/em> che voleva indicare, nello specifico, il particolare componente in vetro temperato presente sulla maggior parte degli aerei militari di allora (ed oggi) concepito per proteggere il pilota dal vento concedendogli al tempo stesso la massima visibilit\u00e0 di quanto stava per succedergli attorno. Qualcosa di altrettanto utile, volendo, anche a chi si fosse prefissato di percorrere le strade tracciate a terra. Non che si tratti, al giorno d&#8217;oggi, di una soluzione particolarmente diffusa. Un&#8217;auto la cui parte superiore sia composta da un unico pezzo trasparente presenter\u00e0 in effetti alcuni punti negativi importanti: l&#8217;impossibilit\u00e0 di avere uno sportello ad apertura laterale. Il poco spazio per la testa e le spalle. L&#8217;effetto sauna solare durante i periodi estivi, con conseguente rischio di colpi solari per l&#8217;autista e l&#8217;eventuale passeggero. Ma prima che le correnti del design contemporaneo iniziassero a prestare un&#8217;attenzione particolare a simili aspetti, ci fu l&#8217;epoca di un grande successo, che in molti ricordano tutt&#8217;ora con estremo piacere. Qualcosa di scaturito, alla chiusura delle fabbriche aeronautiche della Messerschmitt tedesca, da quegli stessi stabilimenti che avevano contrastato, per lunghi anni, le imprese dei piloti che rischiarono la loro vita contro i totalitarismi del mezzo-secolo scorso. Immaginate la scena: siamo nel 1952 e un uomo di nome\u00a0Fritz Fend, famoso per la sua invenzione di un veicolo per disabili a propulsione muscolare, si reca nella pi\u00f9 grande azienda della citt\u00e0 di Augusta, con un curriculum e i progetti per l&#8217;ultima formidabile idea: trasformare il suo apparecchio, estremamente diffuso in determinati ambienti, in un veicolo a motore potenzialmente utile a tutti, per l&#8217;estrema facilit\u00e0 di guida ed impiego. La Messerschmitt, a quell&#8217;epoca, aveva visto ridursi drasticamente il proprio volume d&#8217;affari, spostando il suo business nell&#8217;area dei motori ad impiego agricolo, le case prefabbricate ed alcuni timidi esperimenti nel campo dell&#8217;automobilismo. L&#8217;opportunit\u00e0 del momento, dunque, colp\u00ec profondamente la direzione, che in breve tempo riconvert\u00ec alcune catene di montaggio per dare un senso tangibile al progetto di Fend. Il risultato fu la KR175 (Kabinenroller &#8211; scooter cabinato) prima automobile prodotta da una compagnia operativa in campo aeronautico e grazie ai suoi due posti in posizione da tandem, la prima microcar della storia.<\/p>\n<p><!--more--><\/p>\n<figure id=\"attachment_25788\" aria-describedby=\"caption-attachment-25788\" style=\"width: 490px\" class=\"wp-caption aligncenter\"><a href=\"https:\/\/youtu.be\/mo7L5CYDOO0\" target=\"_blank\" rel=\"attachment noopener wp-att-25788\"><img loading=\"lazy\" decoding=\"async\" class=\"wp-image-25788 size-medium\" src=\"http:\/\/www.jacoporanieri.com\/blog\/..\/public\/newmedia\/2018\/06\/Me-KR200-Race-500x313.jpg\" alt=\"\" width=\"500\" height=\"313\" srcset=\"https:\/\/www.jacoporanieri.com\/blog\/..\/public\/newmedia\/2018\/06\/Me-KR200-Race-500x313.jpg 500w, https:\/\/www.jacoporanieri.com\/blog\/..\/public\/newmedia\/2018\/06\/Me-KR200-Race-768x480.jpg 768w, https:\/\/www.jacoporanieri.com\/blog\/..\/public\/newmedia\/2018\/06\/Me-KR200-Race.jpg 1728w\" sizes=\"auto, (max-width: 500px) 100vw, 500px\" \/><\/a><figcaption id=\"caption-attachment-25788\" class=\"wp-caption-text\">Un gruppo di KR200 gareggiano nel film comico finlandese del 1991 Iskelm\u00e4prinssi (Principe della Hit Parade). L&#8217;effetto desiderato \u00e8 quello di far ridere il pubblico, eppure siamo di fronte storicamente alla singola auto pi\u00f9 performante della sua specifica categoria.<\/figcaption><\/figure>\n<p style=\"text-align: justify;\">La prima versione della Kabinenroller, nonostante i consumi straordinariamente bassi e l&#8217;alta stabilit\u00e0 in strada, non ebbe immediatamente un enorme successo. Questo per i numerosi problemi tecnici che avrebbero portato, dall&#8217;inizio della produzione fino al giugno 1953, a ben 70 piccole revisioni, mentre l&#8217;impiego di una frizione a leva invece che a pedale, oltre alla totale assenza della retromarcia, causava non pochi dubbi ai guidatori abituati ad un tipo d&#8217;automobile convenzionale. Soprattutto in un segmento di mercato che, nel frattempo, aveva trovato alcuni competitor importanti, tra cui la celebre Isetta italiana, prodotta anche in Germania con una versione recante il marchio BMW. Giusto in tempo per l&#8217;aumento di prezzo drastico dei carburanti, nel clima politico che avrebbe portato nel giro di pochi anni alla crisi del canale di Suez, Fend lavor\u00f2 con la sua divisione all&#8217;interno della\u00a0Messerschmitt, la\u00a0Regensburger Stahl- und Metallbau per produrre una seconda versione del suo veicolo, la KR200. E sarebbe stata proprio quest&#8217;ultima, lanciata nel 1955 a un prezzo unitario di appena 2.500 marchi, a decretare il successo tanto lungamente desiderato.<br \/>\nLa nuova macchina, prodotta in 12.000 esemplari nel giro di un anno, risolveva la maggior parte dei problemi del primo modello, dimostrandosi un mezzo affidabile, pratico e curato nei dettagli. L&#8217;elemento che definiva sopra ogni altro la serie, questa bolla mutuata dal campo aeronautico, era stato notevolmente semplificato, con l&#8217;aggiunta di due pilastri di raccordo con i finestrini laterali. Questo ne velocizzava molto la produzione, limitando inoltre la possibile presenza di difetti di fabbrica. Il motore era stato leggermente potenziato, da quello di appena 173 cc dell KR175 a ben 191, per una potenza stimata di 9,9 hp. Abbastanza per spingere il minuscolo mezzo, del peso di appena 230 Kg, alla velocit\u00e0 rispettabile di 90 Km\/h. Il veicolo era stato dotato inoltre del terzo pedale e presentava la possibilit\u00e0 di spostarsi in retromarcia, grazie all&#8217;aggiunta di un sistema di avvio alternativo. Bastava premere a fondo la chiave durante l&#8217;accensione, infatti, affinch\u00e9 il motore girasse in senso contrario, il che forniva tra l&#8217;altro la stessa progressione delle quattro marce dello spostamento in avanti. Identico rimaneva invece il particolare volante a spostamento laterale invece che rotativo, direttamente collegato alle ruote anteriori sterzanti e descritto da alcuni come un modo straordinariamente reattivo e preciso di guidare. L&#8217;automobile piacque a tal punto in patria che ne vennero realizzate alcune versioni alternative, tra cui una pensata per l&#8217;esportazione e dotata di fini optional come i cerchi dipinti, l&#8217;orologio sul cruscotto e il riscaldamento e la KR200 Kabrio, una vera e propria <em>roadster\u00a0<\/em>del tutto priva di sportelli, con il tettuccio apribile dal quale si entrava scavalcando, letteralmente, i finestrini laterali. La commercializzazione in Gran Bretagna inoltre fu inerentemente favorita dal fatto che, in funzione della sua configurazione in tandem, la Kabinenroller potesse essere guidata indifferentemente sulle strade con il sorpasso a destra. Nel 1955, quindi, giunse la rivelazione: con finalit\u00e0 promozionali, un&#8217;esemplare della KR200 fu preparato a partecipare alla gara di 24 ore del circuito Hockeneimring nella categoria delle tre ruote al di sotto dei 250 di cilindrata, dove il 29-30 agosto di quell&#8217;anno, vinse stabilendo ben 22 record mondiali di velocit\u00e0. Al che l&#8217;automobilina tedesca in cui pochi, in origine, avevano creduto, entrava pieno titolo nell&#8217;albo d&#8217;oro dell&#8217;automobilismo contro-corrente. Ma nuovi avversari erano in agguato&#8230;<\/p>\n<figure id=\"attachment_25790\" aria-describedby=\"caption-attachment-25790\" style=\"width: 490px\" class=\"wp-caption aligncenter\"><a href=\"https:\/\/youtu.be\/YbVBA0rmnCI\" target=\"_blank\" rel=\"attachment noopener wp-att-25790\"><img loading=\"lazy\" decoding=\"async\" class=\"wp-image-25790 size-medium\" src=\"http:\/\/www.jacoporanieri.com\/blog\/..\/public\/newmedia\/2018\/06\/Me-TG500-500x313.jpg\" alt=\"\" width=\"500\" height=\"313\" srcset=\"https:\/\/www.jacoporanieri.com\/blog\/..\/public\/newmedia\/2018\/06\/Me-TG500-500x313.jpg 500w, https:\/\/www.jacoporanieri.com\/blog\/..\/public\/newmedia\/2018\/06\/Me-TG500-768x480.jpg 768w, https:\/\/www.jacoporanieri.com\/blog\/..\/public\/newmedia\/2018\/06\/Me-TG500.jpg 1728w\" sizes=\"auto, (max-width: 500px) 100vw, 500px\" \/><\/a><figcaption id=\"caption-attachment-25790\" class=\"wp-caption-text\">La Tg500, pi\u00f9 rara tra le tre Kabinenroller, viene oggi considerata un vera perla per i collezionisti. Soprattutto nella versione cabrio con il tetto in tela, come questo esemplare del 1959.<\/figcaption><\/figure>\n<p style=\"text-align: justify;\">Con la crisi di Suez ormai alle spalle, l&#8217;economia dei consumi non figurava pi\u00f9 al centro delle preoccupazioni e l&#8217;immaginario collettivo. Cos\u00ec che nuovi mastodonti stradali, remoti ispiratori dell&#8217;odierno SUV, iniziavano a circolare per le strade, mentre persino il campo delle city car iniziava a superare quei compromessi che, in origine, avevano permesso la creazione dello stesso segmento delle <em>bubble car<\/em>. Sto parlando, in modo particolare, del successo stratosferico della BMC Mini del 1959, un veicolo capace di trasportare una pluralit\u00e0 di passeggeri o bagagli, vantando allo stesso tempo una maneggevolezza e proporzioni abbastanza piccole per qualsiasi impiego stradale nelle pi\u00f9 complesse situazioni urbane europee. C&#8217;era stato inoltre un altro piccolo bastone negli ingranaggi: soltanto tre anni prima, con l&#8217;ingresso della Germania Ovest nel patto dei paesi della NATO alla\u00a0Messerschmitt era stato dato di nuovo il permesso di produrre aeromobili, passo a seguito del quale l&#8217;azienda tedesca aveva relegato la produzione delle\u00a0Kabinenroller a un&#8217;azienda terza con l&#8217;assistenza dello stesso\u00a0Fritz Fend, la\u00a0Fahrzeug- und Maschinenbau. Dove la proposta al pubblico fu ulteriormente migliorata grazie alla Tg500 (soprannominata Tiger) che poteva ancora avvalersi del marchio di Augusta e presentava un motore ulteriormente potenziato a 19,2 hp, oltre a un cambio ad H finalmente dotato di retromarcia, con la possibilit\u00e0 di sostituire l&#8217;orologio con un pi\u00f9 pratico contachilometri. Ancora grande assente, incidentalmente, rimaneva l&#8217;indicatore della benzina. Nonostante la qualit\u00e0 costruttiva eccelsa e l&#8217;assenza di mezzi simili nel suo segmento di mercato, tuttavia, i volumi prodotti non raggiunsero mai quelli della KR200, relegando il veicolo a segmenti di mercato dall&#8217;alto grado di specificit\u00e0.<br \/>\nFritz Fend, vissuto fino all&#8217;anno 2000 (era nato nel 1920) continu\u00f2 a lavorare tutta la vita al suo sogno di un&#8217;auto svelta, economica e maneggevole per il trasporto massimo di due sole persone. Tanto che, si dice, ancora nell&#8217;epoca del suo pensionamento stesse applicando l&#8217;esperienza di un&#8217;intera carriera alla progettazione di una nuova versione delle auto\u00a0Messerschmitt, sicuro che avrebbe trovato collocazione nell&#8217;attuale scenario automobilistico europeo. Una delle sue innovazioni che usiamo tutt&#8217;ora, inizialmente brevettata e poi copiata dalla maggior parte dei produttori di automobili, \u00e8 stata l&#8217;allarme che suona quando ci scordiamo di spegnere i fari, subito dopo aver spento il motore. Un richiamo simbolico, che suggerisce un senso di estrema lucidit\u00e0 e precisione.<\/p>\n","protected":false},"excerpt":{"rendered":"<p>Sono sempre esistite due filosofie progettuali contrapposte, in tempi di pace, cos\u00ec come in mezzo alle distese desolate dei periodi di guerra. Da una parte il mezzo in grado di assolvere una serie di mansioni, grande, potente e relativamente poco maneggevole: vedi, ad esempio l&#8217;YFM-1 Airacuda statunitense, detto &#8220;il distruttore di bombardieri&#8221; e gli altri &#8230; <a title=\"La microcar discesa dai cieli del secondo conflitto mondiale\" class=\"read-more\" href=\"https:\/\/www.jacoporanieri.com\/blog\/?p=25787\" aria-label=\"Per saperne di pi\u00f9 su La microcar discesa dai cieli del secondo conflitto mondiale\">Leggi tutto<\/a><\/p>\n","protected":false},"author":2,"featured_media":0,"comment_status":"open","ping_status":"open","sticky":false,"template":"","format":"standard","meta":{"footnotes":""},"categories":[6],"tags":[395,183,345,236,321,256,167,136,3497,137,1002,1015,71,97,126,557],"class_list":["post-25787","post","type-post","status-publish","format-standard","hentry","category-news","tag-automobili","tag-aviazione","tag-design","tag-europa","tag-germania","tag-guida","tag-ingegneria","tag-invenzioni","tag-microcar","tag-motori","tag-personaggi","tag-seconda-guerra-mondiale","tag-storia","tag-tecnologia","tag-trasporti","tag-veicoli"],"_links":{"self":[{"href":"https:\/\/www.jacoporanieri.com\/blog\/index.php?rest_route=\/wp\/v2\/posts\/25787","targetHints":{"allow":["GET"]}}],"collection":[{"href":"https:\/\/www.jacoporanieri.com\/blog\/index.php?rest_route=\/wp\/v2\/posts"}],"about":[{"href":"https:\/\/www.jacoporanieri.com\/blog\/index.php?rest_route=\/wp\/v2\/types\/post"}],"author":[{"embeddable":true,"href":"https:\/\/www.jacoporanieri.com\/blog\/index.php?rest_route=\/wp\/v2\/users\/2"}],"replies":[{"embeddable":true,"href":"https:\/\/www.jacoporanieri.com\/blog\/index.php?rest_route=%2Fwp%2Fv2%2Fcomments&post=25787"}],"version-history":[{"count":2,"href":"https:\/\/www.jacoporanieri.com\/blog\/index.php?rest_route=\/wp\/v2\/posts\/25787\/revisions"}],"predecessor-version":[{"id":25793,"href":"https:\/\/www.jacoporanieri.com\/blog\/index.php?rest_route=\/wp\/v2\/posts\/25787\/revisions\/25793"}],"wp:attachment":[{"href":"https:\/\/www.jacoporanieri.com\/blog\/index.php?rest_route=%2Fwp%2Fv2%2Fmedia&parent=25787"}],"wp:term":[{"taxonomy":"category","embeddable":true,"href":"https:\/\/www.jacoporanieri.com\/blog\/index.php?rest_route=%2Fwp%2Fv2%2Fcategories&post=25787"},{"taxonomy":"post_tag","embeddable":true,"href":"https:\/\/www.jacoporanieri.com\/blog\/index.php?rest_route=%2Fwp%2Fv2%2Ftags&post=25787"}],"curies":[{"name":"wp","href":"https:\/\/api.w.org\/{rel}","templated":true}]}}