{"id":21626,"date":"2016-11-08T06:55:03","date_gmt":"2016-11-08T05:55:03","guid":{"rendered":"http:\/\/www.jacoporanieri.com\/blog\/?p=21626"},"modified":"2016-11-08T06:55:03","modified_gmt":"2016-11-08T05:55:03","slug":"luomo-che-voleva-prosciugare-il-mediterraneo","status":"publish","type":"post","link":"https:\/\/www.jacoporanieri.com\/blog\/?p=21626","title":{"rendered":"L&#8217;uomo che voleva prosciugare il Mediterraneo"},"content":{"rendered":"<p><a href=\"https:\/\/youtu.be\/TEdsQmjLMKs\" target=\"_blank\" rel=\"attachment wp-att-21629\"><img loading=\"lazy\" decoding=\"async\" class=\"aligncenter size-medium wp-image-21629\" src=\"http:\/\/www.jacoporanieri.com\/blog\/..\/public\/newmedia\/2016\/11\/Atlantropa-500x313.jpg\" alt=\"atlantropa\" width=\"500\" height=\"313\" srcset=\"https:\/\/www.jacoporanieri.com\/blog\/..\/public\/newmedia\/2016\/11\/Atlantropa-500x313.jpg 500w, https:\/\/www.jacoporanieri.com\/blog\/..\/public\/newmedia\/2016\/11\/Atlantropa-768x480.jpg 768w, https:\/\/www.jacoporanieri.com\/blog\/..\/public\/newmedia\/2016\/11\/Atlantropa.jpg 1728w\" sizes=\"auto, (max-width: 500px) 100vw, 500px\" \/><\/a><\/p>\n<p style=\"text-align: justify;\">Oggi \u00e8 un fatto comprovato dalla geologia: circa 5-6 milioni di anni fa, lo stretto di Gibilterra divent\u00f2 invalicabile per le acque dell&#8217;Oceano Atlantico trasformando di fatto il nostro vasto Mare o &#8220;stagno&#8221;, attorno al quale secondo Platone: &#8220;Le civilt\u00e0 si accalcano come formiche o rane&#8221; in un&#8217;unica distesa desertificata, percorribile dall&#8217;Africa all&#8217;Europa, a dorso di cavallo, droide semovente o diplodoco. L&#8217;archeologia, dal canto suo, non possiede prove dell&#8217;esistenza di un&#8217;umanit\u00e0 sufficientemente antica da aver vissuto una tale epoca, bench\u00e9 esistano teorie: della capitale di un vasto Impero, forse in contatto con gli alieni, costruita con i marmi e gli altri materiali provenienti da ogni angolo del mondo, che avrebbe ospitato ogni saggezza e conoscenza terrestre. Finch\u00e9 non fu sommersa,\u00a0in forza della riapertura di quel punto di collegamento primordiale, scomparendo cos\u00ec come aveva fatto prima l&#8217;intero continente di Mu, nel Pacifico sull&#8217;altro lato del continente americano. Ci sono diverse ipotesi, sul perch\u00e9 ci\u00f2 fosse accaduto: un forte terremoto, in grado di modificare l&#8217;interrelazione tra le faglie, o l&#8217;estendersi della calotta artica, in forza di una glaciazione, che avrebbe ridotto il livello delle acque del pianeta (quanto ci farebbe comodo adesso!) Il consenso universale, ad ogni modo, \u00e8 che\u00a0probabilmente si viveva meglio prima, e che lo spazio andato perduto, in un epoca contemporanea di grandi movimenti internazionali e pregressa ricerca di &#8220;legittimi spazi vitali&#8221; farebbe molto comodo all&#8217;attuale consorzio delle nazioni.<br \/>\nE fu probabilmente proprio per la concezione originale di una simile visione dei fatti che\u00a0Herman S\u00f6rgel, accreditato\u00a0architetto tedesco\/bavarese, riusc\u00ec a fare breccia nella coscienza collettiva al termine della prima guerra mondiale, con un&#8217;idea che in altre epoche avrebbe suscitato l&#8217;immediata ironia dei potenti: unire le forze dell&#8217;Europa rimescolata, pi\u00f9 forte e tecnologica che mai, nella ricostruzione dell&#8217;antico stato dei fatti, costruendo la grande diga che la storia avesse mai conosciuto: 14 Km di cemento\u00a0con una profondit\u00e0 tra i 300 e 900 metri, e uno spessore impressionante dettato dal peso stesso della ciclopica struttura. L&#8217;edificio sarebbe stato coronato da un&#8217;avveniristica torre alta 400 metri, simbolo del pacifismo e dell&#8217;unione dei popoli. Ma la storia non finiva qui: per imbottigliare ulteriormente lo stagno di Platone,\u00a0S\u00f6rgel avrebbe previsto la collocazione di ulteriori quattro dighe, presso i Dardanelli, tra la Sicilia e la Tunisia, nel bacino del fiume Congo e presso il canale di Suez. Non soltanto riducendo, quindi, il livello del Mediterraneo di stimati 200 metri, ma suddividendo\u00a0i recessi rimasti sott&#8217;acqua in una serie di compartimenti interconnessi su diversi livelli, in grado di mantenere attive alcune delle attivit\u00e0 pre-esistenti in queste regioni, quali la pesca ed i commerci via mare. Ciascuna diga sarebbe stata dotata di apparati per la produzione di energia idroelettrica, facendo immediatamente fronte al 30% del fabbisogno dell&#8217;intera Europa di allora. Nel frattempo, un&#8217;estensione stimata di\u00a0576,000 Km quadrati sarebbe stata sottratta ai fondali marini e ri-convertita in terra meravigliosamente fertile, come quella che permise la nascita degli Egizi presso gli argini del sacro fiume Nilo. O almeno, questo era ci\u00f2 che pensava l&#8217;ideatore, che trovando immediatamente una lunga serie di finanziatori, e potendo contare anche sull&#8217;appoggio della moglie, facoltosa mercante d&#8217;opere d&#8217;arte, inizi\u00f2 una campagna a 360\u00b0 per promuovere la sua idea. Furono pubblicati libri, pamphlet, venne addirittura girato un breve film.\u00a0Il visionario viaggi\u00f2 per il mondo in una serie di conferenze, per poi tornare in patria ed acquisire una certa misura di prestigio presso l&#8217;allora fiorente repubblica di Weimar, la cui classe dirigente fece di lui un esempio da seguire di fiducia in un futuro migliore, in cui tutto fosse fattibile ed a portata di mano. Gi\u00e0 allora erano ben pochi, assai probabilmente, a credere davvero di poter portare a termine il suo sogno. Ma negli anni &#8217;30 l&#8217;idea piaceva, soprattutto per l&#8217;unione dei popoli contro un nemico comune (il cosiddetto &#8220;pericolo giallo&#8221;) che sembrava necessariamente implicare. Poi i venti cambiarono, e con essi il segno delle cose&#8230;<\/p>\n<p style=\"text-align: justify;\"><!--more--><\/p>\n<figure id=\"attachment_21627\" aria-describedby=\"caption-attachment-21627\" style=\"width: 490px\" class=\"wp-caption aligncenter\"><a href=\"https:\/\/youtu.be\/Ahw7wOlGpR4\" target=\"_blank\" rel=\"attachment wp-att-21627\"><img loading=\"lazy\" decoding=\"async\" class=\"wp-image-21627 size-medium\" src=\"http:\/\/www.jacoporanieri.com\/blog\/..\/public\/newmedia\/2016\/11\/Atlantropa-2-500x313.jpg\" alt=\"atlantropa-2\" width=\"500\" height=\"313\" srcset=\"https:\/\/www.jacoporanieri.com\/blog\/..\/public\/newmedia\/2016\/11\/Atlantropa-2-500x313.jpg 500w, https:\/\/www.jacoporanieri.com\/blog\/..\/public\/newmedia\/2016\/11\/Atlantropa-2-768x480.jpg 768w, https:\/\/www.jacoporanieri.com\/blog\/..\/public\/newmedia\/2016\/11\/Atlantropa-2.jpg 1728w\" sizes=\"auto, (max-width: 500px) 100vw, 500px\" \/><\/a><figcaption id=\"caption-attachment-21627\" class=\"wp-caption-text\">&#8220;Atlantropa&#8221; del 1951, diretto dal regista Horst Kracker e narrato da Johannes Knittel, \u00e8 il pi\u00f9 vecchio film sull&#8217;argomento di cui \u00e8 possibile reperire degli spezzoni online. Lo stile grafico completamente animato a mano ricorda da vicino quello di alcuni\u00a0cortometraggi propagandistici dell&#8217;epoca della guerra.<\/figcaption><\/figure>\n<p style=\"text-align: justify;\">Durante l&#8217;ascesa del partito nazionalsocialista e della figura di Adolf Hitler in Germania,\u00a0S\u00f6rgel era una figura tecnica stimata che frequentava abitualmente i palazzi del potere. Gli storici ritengono\u00a0che i due si siano incontrati almeno una volta,\u00a0e che l&#8217;architetto poco meno che cinquantenne avesse esposto personalmente il progetto di Atlantropa al futuro dittatore, riuscendo a catturare almeno in parte la sua fantasia. Ma Hitler aveva una sua personale e ancora pi\u00f9 assurda visione di come condurre il suo paese alla grandezza, e soprattutto non credeva in alcun modo tra la collaborazione dei popoli, che sarebbe stata assolutamente necessaria per portare a termine il progetto. Non \u00e8 irragionevole ipotizzare, inoltre, che la stessa idea di unire l&#8217;Europa all&#8217;Africa fosse per lui del tutto inaccettabile per la spinta che questo avrebbe potuto dare alla mescolanza delle diverse etnie. Con la progressiva corsa agli armamenti delle nazioni europee e il catalizzatore dell&#8217;invasione della Polonia, quindi, ogni memoria del massiccio progetto di riconversione ecologica venne quindi accantonata, a favore dell&#8217;espansione con mezzi bellici verso Oriente, per rimanere unicamente al centro dei pensieri di colui\u00a0che l&#8217;aveva ideato. Nel 1939, allo scoppio della &#8220;guerra difensiva tedesca&#8221;\u00a0S\u00f6rgel tent\u00f2 di adattare la sua attivit\u00e0 di promozione alle idee correnti, proponendo in un nuovo libro l&#8217;ipotesi delle &#8220;Tre A: America, Atlantropa ed Asia&#8221; in cui Germania ed Italia si sarebbero unite, a costituire i due pilastri portanti di una nuova iper-potenza, destinata a dominare la parte centrale del mondo. Non si hanno tuttavia notizie di contatti diretti presi con Mussolini, mentre la principale trattazione italiana del tema fu un singolo articolo del Corriere della Sera, in cui si definiva l&#8217;ipotesi come &#8220;un bizzarro sogno tedesco.&#8221;<br \/>\nI cannoni spararono, le bombe esplosero e alla fine ci fu il silenzio. Tom Scott, il divulgatore di YouTube del video incluso in apertura, ipotizza in modo specifico un particolare ostacolo\u00a0alla realizzazione della diga di Gibilterra: l&#8217;invenzione dell&#8217;atomica, che molto probabilmente, un potentato avverso dell&#8217;ipotetico terzo conflitto avrebbe potuto impiegare per farla saltare in un sol colpo, causando l&#8217;immediata inondazione dell&#8217;intero territorio sottratto al mare. Ma i problemi del concetto alla base di Atlantropa erano molto pi\u00f9 estesi, ed ancor maggiormente significativi di cos\u00ec.<\/p>\n<figure id=\"attachment_21628\" aria-describedby=\"caption-attachment-21628\" style=\"width: 490px\" class=\"wp-caption aligncenter\"><a href=\"https:\/\/youtu.be\/f5s4ywsCFAI\" target=\"_blank\" rel=\"attachment wp-att-21628\"><img loading=\"lazy\" decoding=\"async\" class=\"wp-image-21628 size-medium\" src=\"http:\/\/www.jacoporanieri.com\/blog\/..\/public\/newmedia\/2016\/11\/Atlantropa-3-500x313.jpg\" alt=\"atlantropa-3\" width=\"500\" height=\"313\" srcset=\"https:\/\/www.jacoporanieri.com\/blog\/..\/public\/newmedia\/2016\/11\/Atlantropa-3-500x313.jpg 500w, https:\/\/www.jacoporanieri.com\/blog\/..\/public\/newmedia\/2016\/11\/Atlantropa-3-768x480.jpg 768w, https:\/\/www.jacoporanieri.com\/blog\/..\/public\/newmedia\/2016\/11\/Atlantropa-3.jpg 1728w\" sizes=\"auto, (max-width: 500px) 100vw, 500px\" \/><\/a><figcaption id=\"caption-attachment-21628\" class=\"wp-caption-text\">Molte opere speculative di fantascienza usano il prosciugamento del Mediterraneo come un ausilio di contesto, per esemplificare il grado di cooperazione raggiunto dai popoli nella specifica versione data del futuro dall&#8217;autore. Ne parlano ad esempio Arthur C. Clark (Odissea nello Spazio) e Philip K. Dick (La svastica sul Sole)<\/figcaption><\/figure>\n<p style=\"text-align: justify;\">C&#8217;era in primo luogo l&#8217;aspetto ambientale, di cui all&#8217;epoca sostanzialmente non interessava a nessuno. Mentre a partire dal 1945, con la nascita delle Nazioni Unite e di una prima versione embrionale dello sforzo collettivo per la protezione del pianeta, non fu pi\u00f9 possibile ignorare la quantit\u00e0 enorme di forme di vita\u00a0completamente uniche che sarebbero state spazzate via dal drenaggio delle nostre acque ancestrali. Un simile destino, del resto, avrebbero anche sub\u00ecto innumerevoli comunit\u00e0 umane, fondate da tempo immemore sulla risorsa della pesca. Oggi inoltre \u00e8 noto che gli effetti sul clima dell&#8217;intera Europa settentrionale, contrariamente alle ipotesi di allora, sarebbero stati devastanti, con un drastico abbassamento\u00a0della temperatura e una potenziale deviazione delle correnti atlantiche, potenziale primo capitolo di una nuova glaciazione. Il problema fondamentale, tuttavia, restava un altro: i fondali marini riconquistati, sostanzialmente, non avrebbero\u00a0assunto altro aspetto che quello di una spropositata pianura salina, affine alle condizioni ecologiche di alcune regioni del Nevada americano. Completamente arido, invivibile, inadatto a un qualsivoglia impiego produttivo. Ogni citt\u00e0 della nuova Atlantropa avrebbe dovuto contare unicamente sulle importazioni, e ogni singola interruzione dei rifornimenti avrebbe portato ad una significativa perdita di vite umane. Fu dunque ben presto evidente che\u00a0S\u00f6rgel, per usare un eufemismo, non aveva a disposizione i giusti dati di riferimento.<br \/>\nL&#8217;architetto e visionario mor\u00ec a 67 anni, nel 1952, a seguito di un incidente d&#8217;auto. Negli ultimi anni, gli era stata vietata la partecipazione alla Fiera Internazionale di New York a causa delle sue idee velatamente razziste, e soltanto a malincuore egli aveva dovuto accettare\u00a0di lasciar partecipare le nazioni africane ad un&#8217;ipotetica messa in opera del progetto Atlantropa, negando cos\u00ec la sua potenziale\u00a0speranza, che un simile processo portasse alla definitiva conquista del continente meridionale, e quindi del predominio sull&#8217;Asia, da parte delle genti elette d&#8217;Europa. La fondazione istituita con la sua eredit\u00e0 continu\u00f2 a restare operativa fino agli anni &#8217;60, quando gli amministratori deciso di scioglierla per &#8220;l&#8217;evidente obsolescenza nell&#8217;attuale contesto storico&#8221; del progetto originario.<br \/>\nMa questo non fece pressoch\u00e9 nulla, al fine di rimuoverlo dalla fantasia degli scrittori e di un certo ambiente di ingegneri megalomani, che vedono la natura come una sfida, e il predominio dell&#8217;uomo alla stregua di un sacro diritto piovuto dal cielo. Poco male? Con il progressivo surriscaldamento della Terra, il bacino idrico del Mediterraneo non pu\u00f2 che vedere accelerato il suo costante processo di evaporazione. Mentre il livello degli oceani minaccia di salire, e il rischio di una nuova ultra-Atlantide non sembra poi cos\u00ec lontano.\u00a0Potrebbe venire un giorno in cui la costruzione di dighe continentali, piuttosto che una scelta, diventi un\u00a0sentiero obbligato per l&#8217;intera umanit\u00e0.<\/p>\n","protected":false},"excerpt":{"rendered":"<p>Oggi \u00e8 un fatto comprovato dalla geologia: circa 5-6 milioni di anni fa, lo stretto di Gibilterra divent\u00f2 invalicabile per le acque dell&#8217;Oceano Atlantico trasformando di fatto il nostro vasto Mare o &#8220;stagno&#8221;, attorno al quale secondo Platone: &#8220;Le civilt\u00e0 si accalcano come formiche o rane&#8221; in un&#8217;unica distesa desertificata, percorribile dall&#8217;Africa all&#8217;Europa, a dorso &#8230; <a title=\"L&#8217;uomo che voleva prosciugare il Mediterraneo\" class=\"read-more\" href=\"https:\/\/www.jacoporanieri.com\/blog\/?p=21626\" aria-label=\"Per saperne di pi\u00f9 su L&#8217;uomo che voleva prosciugare il Mediterraneo\">Leggi tutto<\/a><\/p>\n","protected":false},"author":2,"featured_media":0,"comment_status":"open","ping_status":"open","sticky":false,"template":"","format":"standard","meta":{"footnotes":""},"categories":[6],"tags":[228,201,1921,1067,187,236,730,194,321,167,136,1830,1169,71,97],"class_list":["post-21626","post","type-post","status-publish","format-standard","hentry","category-news","tag-ambiente","tag-architettura","tag-continenti","tag-dighe","tag-ecologia","tag-europa","tag-geografia","tag-geologia","tag-germania","tag-ingegneria","tag-invenzioni","tag-mari","tag-oceani","tag-storia","tag-tecnologia"],"_links":{"self":[{"href":"https:\/\/www.jacoporanieri.com\/blog\/index.php?rest_route=\/wp\/v2\/posts\/21626","targetHints":{"allow":["GET"]}}],"collection":[{"href":"https:\/\/www.jacoporanieri.com\/blog\/index.php?rest_route=\/wp\/v2\/posts"}],"about":[{"href":"https:\/\/www.jacoporanieri.com\/blog\/index.php?rest_route=\/wp\/v2\/types\/post"}],"author":[{"embeddable":true,"href":"https:\/\/www.jacoporanieri.com\/blog\/index.php?rest_route=\/wp\/v2\/users\/2"}],"replies":[{"embeddable":true,"href":"https:\/\/www.jacoporanieri.com\/blog\/index.php?rest_route=%2Fwp%2Fv2%2Fcomments&post=21626"}],"version-history":[{"count":1,"href":"https:\/\/www.jacoporanieri.com\/blog\/index.php?rest_route=\/wp\/v2\/posts\/21626\/revisions"}],"predecessor-version":[{"id":21630,"href":"https:\/\/www.jacoporanieri.com\/blog\/index.php?rest_route=\/wp\/v2\/posts\/21626\/revisions\/21630"}],"wp:attachment":[{"href":"https:\/\/www.jacoporanieri.com\/blog\/index.php?rest_route=%2Fwp%2Fv2%2Fmedia&parent=21626"}],"wp:term":[{"taxonomy":"category","embeddable":true,"href":"https:\/\/www.jacoporanieri.com\/blog\/index.php?rest_route=%2Fwp%2Fv2%2Fcategories&post=21626"},{"taxonomy":"post_tag","embeddable":true,"href":"https:\/\/www.jacoporanieri.com\/blog\/index.php?rest_route=%2Fwp%2Fv2%2Ftags&post=21626"}],"curies":[{"name":"wp","href":"https:\/\/api.w.org\/{rel}","templated":true}]}}