{"id":1290,"date":"2012-10-21T15:58:28","date_gmt":"2012-10-21T13:58:28","guid":{"rendered":"http:\/\/www.jacoporanieri.com\/blog\/?p=1290"},"modified":"2012-11-25T08:26:07","modified_gmt":"2012-11-25T07:26:07","slug":"il-taglio-del-bambu-che-scaccia-il-male-unantica-festa-giapponese","status":"publish","type":"post","link":"https:\/\/www.jacoporanieri.com\/blog\/?p=1290","title":{"rendered":"Il taglio del bamb\u00f9 che scaccia il male: un&#8217;antica festa giapponese"},"content":{"rendered":"<div class=\"wdqs wdqs_link wdqs-link-container\">\n<p class=\"wdqs-link-to-source\" style=\"text-align: center;\"><a href=\"http:\/\/www.youtube.com\/watch?feature=player_embedded&amp;v=8VGoKOkqthk\" rel=\"attachment wp-att-3097\" target=\"_blank\"><img loading=\"lazy\" decoding=\"async\" class=\"aligncenter size-optimum wp-image-3097\" title=\"monks\" src=\"http:\/\/www.jacoporanieri.com\/blog\/..\/public\/newmedia\/2012\/10\/monks-500x312.jpg\" alt=\"\" width=\"500\" height=\"312\" srcset=\"https:\/\/www.jacoporanieri.com\/blog\/..\/public\/newmedia\/2012\/10\/monks-500x312.jpg 500w, https:\/\/www.jacoporanieri.com\/blog\/..\/public\/newmedia\/2012\/10\/monks.jpg 1440w\" sizes=\"auto, (max-width: 500px) 100vw, 500px\" \/><\/a><\/p>\n<p class=\"wdqs-link-to-source\" style=\"text-align: justify;\"><span style=\"text-align: justify;\">Sul monte di Kurama, a nord di Kyoto, si narra che nel nono secolo un monaco buddhista incontr\u00f2 sulla sua strada due enormi serpenti, un maschio e una femmina. Per la forza delle sue preghiere, tuttavia, uno mor\u00ec all&#8217;istante, mentre la sua compagna implor\u00f2 piet\u00e0 e scelse di diventare la guardiana della montagna.<\/span><\/p>\n<p class=\"wdqs-link-to-source\" style=\"text-align: justify;\">Ricordando l&#8217;evento, tutti gli anni in estate i custodi del tempio indossano le vesti dei <em>sohei<\/em> (monaci guerrieri del giappone medievale) e cercano con le loro spade di tagliare due massicci fusti di bamb\u00f9 in otto parti. Un gruppo rappresenta la provincia di Omi, mentre l&#8217;altro quella di Tamba. La leggenda vuole che il vincitore vedr\u00e0 un raccolto pi\u00f9 ricco nella sua regione di provenienza. I segmenti di bamb\u00f9 tagliato verranno poi collocati di fronte alle case con finalit\u00e0 apotropaiche. \u00a0Alla fine della gara un bamb\u00f9 femmina, con le radici intatte, verr\u00e0 piantato nella foresta di provenienza a sostituire quelli tagliati.\u00a0Forse per ingentilire l&#8217;evento due giovani mettono in scena la danza di origini cinesi del <a href=\"http:\/\/it.wikipedia.org\/wiki\/Bugaku\" target=\"_blank\">Bugaku<\/a>, in uso presso la corte degli imperatori del Giappone dal sesto secolo in poi.<\/p>\n<p class=\"wdqs-link-to-source\" style=\"text-align: justify;\"><!--more--><\/p>\n<p class=\"wdqs-link-to-source\" style=\"text-align: justify;\">Questa localit\u00e0, sede di molti prodigi, \u00e8 anche il mitico luogo di residenza del mostruoso re dei\u00a0<em><a href=\"http:\/\/en.wikipedia.org\/wiki\/File:KyosaiTenguBonze.jpg\" target=\"_blank\">tengu<\/a>\u00a0<\/em>S\u014dj\u014db\u014d, insegnante di spada del grande samurai\u00a0<a href=\"http:\/\/it.wikipedia.org\/wiki\/Minamoto_no_Yoshitsune\" target=\"_blank\">Minamoto no Yoshitsune<\/a>, fratello del primo\u00a0<em>sh\u014dgun<\/em>\u00a0del Giappone. Il video \u00e8 stato realizzato dal blogger Samurai Dave:<\/p>\n<p class=\"wdqs-link-to-source\" style=\"text-align: justify;\"><a href=\"http:\/\/samuraidave.wordpress.com\/2012\/09\/21\/japanese-monks-cutting-bamboo-festival-takakiri-eshiki\/\" target=\"_blank\">http:\/\/samuraidave.wordpress.com\/2012\/09\/21\/japanese-monks-cutting-bamboo-festival-takakiri-eshiki\/<\/a><\/p>\n<\/div>\n","protected":false},"excerpt":{"rendered":"<p>Sul monte di Kurama, a nord di Kyoto, si narra che nel nono secolo un monaco buddhista incontr\u00f2 sulla sua strada due enormi serpenti, un maschio e una femmina. Per la forza delle sue preghiere, tuttavia, uno mor\u00ec all&#8217;istante, mentre la sua compagna implor\u00f2 piet\u00e0 e scelse di diventare la guardiana della montagna. Ricordando l&#8217;evento, &#8230; <a title=\"Il taglio del bamb\u00f9 che scaccia il male: un&#8217;antica festa giapponese\" class=\"read-more\" href=\"https:\/\/www.jacoporanieri.com\/blog\/?p=1290\" aria-label=\"Per saperne di pi\u00f9 su Il taglio del bamb\u00f9 che scaccia il male: un&#8217;antica festa giapponese\">Leggi tutto<\/a><\/p>\n","protected":false},"author":2,"featured_media":0,"comment_status":"open","ping_status":"open","sticky":false,"template":"","format":"standard","meta":{"footnotes":""},"categories":[6],"tags":[46,72,71],"class_list":["post-1290","post","type-post","status-publish","format-standard","hentry","category-news","tag-giappone","tag-mitologia","tag-storia"],"_links":{"self":[{"href":"https:\/\/www.jacoporanieri.com\/blog\/index.php?rest_route=\/wp\/v2\/posts\/1290","targetHints":{"allow":["GET"]}}],"collection":[{"href":"https:\/\/www.jacoporanieri.com\/blog\/index.php?rest_route=\/wp\/v2\/posts"}],"about":[{"href":"https:\/\/www.jacoporanieri.com\/blog\/index.php?rest_route=\/wp\/v2\/types\/post"}],"author":[{"embeddable":true,"href":"https:\/\/www.jacoporanieri.com\/blog\/index.php?rest_route=\/wp\/v2\/users\/2"}],"replies":[{"embeddable":true,"href":"https:\/\/www.jacoporanieri.com\/blog\/index.php?rest_route=%2Fwp%2Fv2%2Fcomments&post=1290"}],"version-history":[{"count":0,"href":"https:\/\/www.jacoporanieri.com\/blog\/index.php?rest_route=\/wp\/v2\/posts\/1290\/revisions"}],"wp:attachment":[{"href":"https:\/\/www.jacoporanieri.com\/blog\/index.php?rest_route=%2Fwp%2Fv2%2Fmedia&parent=1290"}],"wp:term":[{"taxonomy":"category","embeddable":true,"href":"https:\/\/www.jacoporanieri.com\/blog\/index.php?rest_route=%2Fwp%2Fv2%2Fcategories&post=1290"},{"taxonomy":"post_tag","embeddable":true,"href":"https:\/\/www.jacoporanieri.com\/blog\/index.php?rest_route=%2Fwp%2Fv2%2Ftags&post=1290"}],"curies":[{"name":"wp","href":"https:\/\/api.w.org\/{rel}","templated":true}]}}